{"id":1111,"date":"2022-02-28T09:06:00","date_gmt":"2022-02-28T09:06:00","guid":{"rendered":"https:\/\/kuka-trier.de\/?p=1111"},"modified":"2023-05-23T09:12:26","modified_gmt":"2023-05-23T09:12:26","slug":"weltbuergerfruehstueck","status":"publish","type":"post","link":"https:\/\/kuka-trier.de\/en\/weltbuergerfruehstueck\/","title":{"rendered":"Cosmopolitan breakfast"},"content":{"rendered":"<div class=\"wp-block-columns is-layout-flex wp-container-core-columns-is-layout-28f84493 wp-block-columns-is-layout-flex\">\n<div class=\"wp-block-column is-layout-flow wp-block-column-is-layout-flow\" style=\"flex-basis:100%\">\n<figure class=\"wp-block-image size-full is-resized\"><img decoding=\"async\" src=\"https:\/\/kuka-trier.de\/wp-content\/uploads\/2022\/06\/logo_la21.png\" alt=\"Lokale Agenda Trier\" class=\"wp-image-1113\" width=\"78\" height=\"76\" srcset=\"https:\/\/kuka-trier.de\/wp-content\/uploads\/2022\/06\/logo_la21.png 449w, https:\/\/kuka-trier.de\/wp-content\/uploads\/2022\/06\/logo_la21-300x292.png 300w\" sizes=\"(max-width: 78px) 100vw, 78px\" \/><\/figure>\n<\/div>\n<\/div>\n\n\n\n<p>The WeltB\u00fcrgerFr\u00fchst\u00fcck brings <strong>for one and a half decades<\/strong> people and cultures come together in the heart of Trier to enjoy a special programme of <strong>lively sounds, dance and talks<\/strong> to experience. In 2022, more than a dozen groups from the region will be there to show everyone what it means to be a global citizen. A wide-ranging stage programme consisting of various music acts and spoken word contributions from all over the world invites you to linger. There will also be great <strong>Hands-on activities for young and old<\/strong>as well as some culinary surprises to discover!<\/p>\n\n\n\n<figure class=\"wp-block-image size-full is-resized\"><img fetchpriority=\"high\" decoding=\"async\" src=\"https:\/\/kuka-trier.de\/wp-content\/uploads\/2022\/07\/KUK-FGC-Kindertag-1.jpg\" alt=\"\" class=\"wp-image-1464\" width=\"459\" height=\"304\" srcset=\"https:\/\/kuka-trier.de\/wp-content\/uploads\/2022\/07\/KUK-FGC-Kindertag-1.jpg 1000w, https:\/\/kuka-trier.de\/wp-content\/uploads\/2022\/07\/KUK-FGC-Kindertag-1-300x200.jpg 300w, https:\/\/kuka-trier.de\/wp-content\/uploads\/2022\/07\/KUK-FGC-Kindertag-1-768x511.jpg 768w\" sizes=\"(max-width: 459px) 100vw, 459px\" \/><\/figure>\n\n\n\n<p>A special feature this year is the Rhineland-Palatinate-wide campaign for the <strong>Earth Overshoot Day<\/strong> (German: Erd\u00fcberlaststag). With a campaign pavilion, organisations and associations from Trier also draw attention to their work and the major topic of <strong>Resource utilisation and waste <\/strong>attentive. There are exciting interactive offers and information opportunities throughout the day.<\/p>\n\n\n\n<p>This year, we are also cooperating with the musicrlpwomen network for the first time. The network, which was founded in 2021&nbsp;<a href=\"https:\/\/www.musicrlpwomen.de\/\" target=\"_blank\" rel=\"noreferrer noopener\"><strong>musicRLPwomen<\/strong><\/a><strong>*<\/strong>&nbsp;aims to draw attention to the gender imbalance in the music industry, take countermeasures and offer spaces for all FLINTA* from the fields of art, culture, business, media and technology. The network will inform you about its activities at the Weltb\u00fcrgerfr\u00fchst\u00fcck. A free network meeting will also take place on the same day. Further information can be found here.&nbsp;<a href=\"https:\/\/poprlp.de\/mRLPwMeetUpTrier\">https:\/\/poprlp.de\/mRLPwMeetUpTrier<\/a><\/p>\n\n\n\n<p>The WeltB\u00fcrgerFr\u00fchst\u00fcck is sponsored by the <strong>Local advisory council Mitte \/ Gartenfeld.<\/strong> Kulturkarawane and Local Agenda 21 are also delighted with the generous support of the <strong>Stadtwerke Trier.<\/strong><\/p>\n\n\n\n<p>Further information: <a href=\"https:\/\/la21-trier.de\/events\/weltbuergerfruehstueck-2022\/\" target=\"_blank\" rel=\"noreferrer noopener\">https:\/\/la21-trier.de\/events\/weltbuergerfruehstueck-2022\/<\/a><\/p>\n\n\n\n<a href=\"\/en\/fgctrier\/\">\n    <button>\" Info about the Flying Grass Carpet<\/button>\n  <\/a>","protected":false},"excerpt":{"rendered":"<p>FLYING GRASS CARPET 2022<br \/>\nSaturday, 23 July - 11 am<br \/>\nTrier cattle market<\/p>","protected":false},"author":1,"featured_media":1114,"comment_status":"open","ping_status":"open","sticky":false,"template":"","format":"standard","meta":{"_jf_save_progress":"","footnotes":""},"categories":[43],"tags":[13,38,48],"class_list":["post-1111","post","type-post","status-publish","format-standard","has-post-thumbnail","hentry","category-begegnungen","tag-fgc2022","tag-kostenlos","tag-vergangen"],"yoast_head":"<!-- This site is optimized with the Yoast SEO plugin v27.5 - https:\/\/yoast.com\/product\/yoast-seo-wordpress\/ -->\n<title>Weltb\u00fcrgerfr\u00fchst\u00fcck | FLYING GRASS CARPET 2022<\/title>\n<meta name=\"description\" content=\"EINTRITT FREI! Workshops und Gespr\u00e4chsrunden am Samstag, 23. Juli um 11 Uhr auf dem Viehmarkt Trier\" \/>\n<meta name=\"robots\" content=\"index, follow, max-snippet:-1, max-image-preview:large, max-video-preview:-1\" \/>\n<link rel=\"canonical\" href=\"https:\/\/kuka-trier.de\/en\/weltbuergerfruehstueck\/\" \/>\n<meta property=\"og:locale\" content=\"en_GB\" \/>\n<meta property=\"og:type\" content=\"article\" \/>\n<meta property=\"og:title\" content=\"Weltb\u00fcrgerfr\u00fchst\u00fcck | FLYING GRASS CARPET 2022\" \/>\n<meta property=\"og:description\" content=\"EINTRITT FREI! Workshops und Gespr\u00e4chsrunden am Samstag, 23. Juli um 11 Uhr auf dem Viehmarkt Trier\" \/>\n<meta property=\"og:url\" content=\"https:\/\/kuka-trier.de\/en\/weltbuergerfruehstueck\/\" \/>\n<meta property=\"og:site_name\" content=\"Kulturkarawane Trier\" \/>\n<meta property=\"article:published_time\" content=\"2022-02-28T09:06:00+00:00\" \/>\n<meta property=\"article:modified_time\" content=\"2023-05-23T09:12:26+00:00\" \/>\n<meta property=\"og:image\" content=\"https:\/\/kuka-trier.de\/wp-content\/uploads\/2022\/06\/20220723-KUK-FGC-weltbuerger.jpg\" \/>\n\t<meta property=\"og:image:width\" content=\"450\" \/>\n\t<meta property=\"og:image:height\" content=\"300\" \/>\n\t<meta property=\"og:image:type\" content=\"image\/jpeg\" \/>\n<meta name=\"author\" content=\"admin\" \/>\n<meta name=\"twitter:card\" content=\"summary_large_image\" \/>\n<meta name=\"twitter:label1\" content=\"Written by\" \/>\n\t<meta name=\"twitter:data1\" content=\"admin\" \/>\n\t<meta name=\"twitter:label2\" content=\"Estimated reading time\" \/>\n\t<meta name=\"twitter:data2\" content=\"2 minutes\" \/>\n<script type=\"application\/ld+json\" class=\"yoast-schema-graph\">{\"@context\":\"https:\\\/\\\/schema.org\",\"@graph\":[{\"@type\":\"Article\",\"@id\":\"https:\\\/\\\/kuka-trier.de\\\/weltbuergerfruehstueck\\\/#article\",\"isPartOf\":{\"@id\":\"https:\\\/\\\/kuka-trier.de\\\/weltbuergerfruehstueck\\\/\"},\"author\":{\"name\":\"admin\",\"@id\":\"https:\\\/\\\/kuka-trier.de\\\/#\\\/schema\\\/person\\\/0e70983de674702cd8a6bd6656029617\"},\"headline\":\"Weltb\u00fcrgerfr\u00fchst\u00fcck\",\"datePublished\":\"2022-02-28T09:06:00+00:00\",\"dateModified\":\"2023-05-23T09:12:26+00:00\",\"mainEntityOfPage\":{\"@id\":\"https:\\\/\\\/kuka-trier.de\\\/weltbuergerfruehstueck\\\/\"},\"wordCount\":273,\"commentCount\":0,\"publisher\":{\"@id\":\"https:\\\/\\\/kuka-trier.de\\\/#organization\"},\"image\":{\"@id\":\"https:\\\/\\\/kuka-trier.de\\\/weltbuergerfruehstueck\\\/#primaryimage\"},\"thumbnailUrl\":\"https:\\\/\\\/kuka-trier.de\\\/wp-content\\\/uploads\\\/2022\\\/06\\\/20220723-KUK-FGC-weltbuerger.jpg\",\"keywords\":[\"FGC2022\",\"Kostenlos\",\"Vergangen\"],\"articleSection\":[\"Begegnungen\"],\"inLanguage\":\"en-GB\",\"potentialAction\":[{\"@type\":\"CommentAction\",\"name\":\"Comment\",\"target\":[\"https:\\\/\\\/kuka-trier.de\\\/weltbuergerfruehstueck\\\/#respond\"]}]},{\"@type\":\"WebPage\",\"@id\":\"https:\\\/\\\/kuka-trier.de\\\/weltbuergerfruehstueck\\\/\",\"url\":\"https:\\\/\\\/kuka-trier.de\\\/weltbuergerfruehstueck\\\/\",\"name\":\"Weltb\u00fcrgerfr\u00fchst\u00fcck | FLYING GRASS CARPET 2022\",\"isPartOf\":{\"@id\":\"https:\\\/\\\/kuka-trier.de\\\/#website\"},\"primaryImageOfPage\":{\"@id\":\"https:\\\/\\\/kuka-trier.de\\\/weltbuergerfruehstueck\\\/#primaryimage\"},\"image\":{\"@id\":\"https:\\\/\\\/kuka-trier.de\\\/weltbuergerfruehstueck\\\/#primaryimage\"},\"thumbnailUrl\":\"https:\\\/\\\/kuka-trier.de\\\/wp-content\\\/uploads\\\/2022\\\/06\\\/20220723-KUK-FGC-weltbuerger.jpg\",\"datePublished\":\"2022-02-28T09:06:00+00:00\",\"dateModified\":\"2023-05-23T09:12:26+00:00\",\"description\":\"EINTRITT FREI! Workshops und Gespr\u00e4chsrunden am Samstag, 23. Juli um 11 Uhr auf dem Viehmarkt Trier\",\"breadcrumb\":{\"@id\":\"https:\\\/\\\/kuka-trier.de\\\/weltbuergerfruehstueck\\\/#breadcrumb\"},\"inLanguage\":\"en-GB\",\"potentialAction\":[{\"@type\":\"ReadAction\",\"target\":[\"https:\\\/\\\/kuka-trier.de\\\/weltbuergerfruehstueck\\\/\"]}]},{\"@type\":\"ImageObject\",\"inLanguage\":\"en-GB\",\"@id\":\"https:\\\/\\\/kuka-trier.de\\\/weltbuergerfruehstueck\\\/#primaryimage\",\"url\":\"https:\\\/\\\/kuka-trier.de\\\/wp-content\\\/uploads\\\/2022\\\/06\\\/20220723-KUK-FGC-weltbuerger.jpg\",\"contentUrl\":\"https:\\\/\\\/kuka-trier.de\\\/wp-content\\\/uploads\\\/2022\\\/06\\\/20220723-KUK-FGC-weltbuerger.jpg\",\"width\":450,\"height\":300,\"caption\":\"Weltb\u00fcrgerfr\u00fchst\u00fcck\"},{\"@type\":\"BreadcrumbList\",\"@id\":\"https:\\\/\\\/kuka-trier.de\\\/weltbuergerfruehstueck\\\/#breadcrumb\",\"itemListElement\":[{\"@type\":\"ListItem\",\"position\":1,\"name\":\"Startseite\",\"item\":\"https:\\\/\\\/kuka-trier.de\\\/\"},{\"@type\":\"ListItem\",\"position\":2,\"name\":\"Weltb\u00fcrgerfr\u00fchst\u00fcck\"}]},{\"@type\":\"WebSite\",\"@id\":\"https:\\\/\\\/kuka-trier.de\\\/#website\",\"url\":\"https:\\\/\\\/kuka-trier.de\\\/\",\"name\":\"Kulturkarawane Trier\",\"description\":\"BuntERleben\",\"publisher\":{\"@id\":\"https:\\\/\\\/kuka-trier.de\\\/#organization\"},\"potentialAction\":[{\"@type\":\"SearchAction\",\"target\":{\"@type\":\"EntryPoint\",\"urlTemplate\":\"https:\\\/\\\/kuka-trier.de\\\/?s={search_term_string}\"},\"query-input\":{\"@type\":\"PropertyValueSpecification\",\"valueRequired\":true,\"valueName\":\"search_term_string\"}}],\"inLanguage\":\"en-GB\"},{\"@type\":\"Organization\",\"@id\":\"https:\\\/\\\/kuka-trier.de\\\/#organization\",\"name\":\"Kulturkarawane Trier\",\"url\":\"https:\\\/\\\/kuka-trier.de\\\/\",\"logo\":{\"@type\":\"ImageObject\",\"inLanguage\":\"en-GB\",\"@id\":\"https:\\\/\\\/kuka-trier.de\\\/#\\\/schema\\\/logo\\\/image\\\/\",\"url\":\"https:\\\/\\\/kuka-trier.de\\\/wp-content\\\/uploads\\\/2022\\\/02\\\/cropped-KK19_Logo_color_26-12_web.png\",\"contentUrl\":\"https:\\\/\\\/kuka-trier.de\\\/wp-content\\\/uploads\\\/2022\\\/02\\\/cropped-KK19_Logo_color_26-12_web.png\",\"width\":822,\"height\":340,\"caption\":\"Kulturkarawane Trier\"},\"image\":{\"@id\":\"https:\\\/\\\/kuka-trier.de\\\/#\\\/schema\\\/logo\\\/image\\\/\"}},{\"@type\":\"Person\",\"@id\":\"https:\\\/\\\/kuka-trier.de\\\/#\\\/schema\\\/person\\\/0e70983de674702cd8a6bd6656029617\",\"name\":\"admin\",\"image\":{\"@type\":\"ImageObject\",\"inLanguage\":\"en-GB\",\"@id\":\"https:\\\/\\\/secure.gravatar.com\\\/avatar\\\/9a8eb49d2b2ccb1d3ebbd410bd75a2680c8aff6331ee1e34607e1a7ee6695d39?s=96&d=mm&r=g\",\"url\":\"https:\\\/\\\/secure.gravatar.com\\\/avatar\\\/9a8eb49d2b2ccb1d3ebbd410bd75a2680c8aff6331ee1e34607e1a7ee6695d39?s=96&d=mm&r=g\",\"contentUrl\":\"https:\\\/\\\/secure.gravatar.com\\\/avatar\\\/9a8eb49d2b2ccb1d3ebbd410bd75a2680c8aff6331ee1e34607e1a7ee6695d39?s=96&d=mm&r=g\",\"caption\":\"admin\"},\"sameAs\":[\"http:\\\/\\\/kuka-trier.de\"],\"url\":\"https:\\\/\\\/kuka-trier.de\\\/en\\\/author\\\/admin\\\/\"}]}<\/script>\n<!-- \/ Yoast SEO plugin. -->","yoast_head_json":{"title":"World Citizens' Breakfast | FLYING GRASS CARPET 2022","description":"FREE ADMISSION! Workshops and discussion rounds on Saturday, 23 July at 11 am at the Viehmarkt Trier","robots":{"index":"index","follow":"follow","max-snippet":"max-snippet:-1","max-image-preview":"max-image-preview:large","max-video-preview":"max-video-preview:-1"},"canonical":"https:\/\/kuka-trier.de\/en\/weltbuergerfruehstueck\/","og_locale":"en_GB","og_type":"article","og_title":"Weltb\u00fcrgerfr\u00fchst\u00fcck | FLYING GRASS CARPET 2022","og_description":"EINTRITT FREI! Workshops und Gespr\u00e4chsrunden am Samstag, 23. Juli um 11 Uhr auf dem Viehmarkt Trier","og_url":"https:\/\/kuka-trier.de\/en\/weltbuergerfruehstueck\/","og_site_name":"Kulturkarawane Trier","article_published_time":"2022-02-28T09:06:00+00:00","article_modified_time":"2023-05-23T09:12:26+00:00","og_image":[{"width":450,"height":300,"url":"https:\/\/kuka-trier.de\/wp-content\/uploads\/2022\/06\/20220723-KUK-FGC-weltbuerger.jpg","type":"image\/jpeg"}],"author":"admin","twitter_card":"summary_large_image","twitter_misc":{"Written by":"admin","Estimated reading time":"2 minutes"},"schema":{"@context":"https:\/\/schema.org","@graph":[{"@type":"Article","@id":"https:\/\/kuka-trier.de\/weltbuergerfruehstueck\/#article","isPartOf":{"@id":"https:\/\/kuka-trier.de\/weltbuergerfruehstueck\/"},"author":{"name":"admin","@id":"https:\/\/kuka-trier.de\/#\/schema\/person\/0e70983de674702cd8a6bd6656029617"},"headline":"Weltb\u00fcrgerfr\u00fchst\u00fcck","datePublished":"2022-02-28T09:06:00+00:00","dateModified":"2023-05-23T09:12:26+00:00","mainEntityOfPage":{"@id":"https:\/\/kuka-trier.de\/weltbuergerfruehstueck\/"},"wordCount":273,"commentCount":0,"publisher":{"@id":"https:\/\/kuka-trier.de\/#organization"},"image":{"@id":"https:\/\/kuka-trier.de\/weltbuergerfruehstueck\/#primaryimage"},"thumbnailUrl":"https:\/\/kuka-trier.de\/wp-content\/uploads\/2022\/06\/20220723-KUK-FGC-weltbuerger.jpg","keywords":["FGC2022","Kostenlos","Vergangen"],"articleSection":["Begegnungen"],"inLanguage":"en-GB","potentialAction":[{"@type":"CommentAction","name":"Comment","target":["https:\/\/kuka-trier.de\/weltbuergerfruehstueck\/#respond"]}]},{"@type":"WebPage","@id":"https:\/\/kuka-trier.de\/weltbuergerfruehstueck\/","url":"https:\/\/kuka-trier.de\/weltbuergerfruehstueck\/","name":"World Citizens' Breakfast | FLYING GRASS CARPET 2022","isPartOf":{"@id":"https:\/\/kuka-trier.de\/#website"},"primaryImageOfPage":{"@id":"https:\/\/kuka-trier.de\/weltbuergerfruehstueck\/#primaryimage"},"image":{"@id":"https:\/\/kuka-trier.de\/weltbuergerfruehstueck\/#primaryimage"},"thumbnailUrl":"https:\/\/kuka-trier.de\/wp-content\/uploads\/2022\/06\/20220723-KUK-FGC-weltbuerger.jpg","datePublished":"2022-02-28T09:06:00+00:00","dateModified":"2023-05-23T09:12:26+00:00","description":"FREE ADMISSION! Workshops and discussion rounds on Saturday, 23 July at 11 am at the Viehmarkt Trier","breadcrumb":{"@id":"https:\/\/kuka-trier.de\/weltbuergerfruehstueck\/#breadcrumb"},"inLanguage":"en-GB","potentialAction":[{"@type":"ReadAction","target":["https:\/\/kuka-trier.de\/weltbuergerfruehstueck\/"]}]},{"@type":"ImageObject","inLanguage":"en-GB","@id":"https:\/\/kuka-trier.de\/weltbuergerfruehstueck\/#primaryimage","url":"https:\/\/kuka-trier.de\/wp-content\/uploads\/2022\/06\/20220723-KUK-FGC-weltbuerger.jpg","contentUrl":"https:\/\/kuka-trier.de\/wp-content\/uploads\/2022\/06\/20220723-KUK-FGC-weltbuerger.jpg","width":450,"height":300,"caption":"Weltb\u00fcrgerfr\u00fchst\u00fcck"},{"@type":"BreadcrumbList","@id":"https:\/\/kuka-trier.de\/weltbuergerfruehstueck\/#breadcrumb","itemListElement":[{"@type":"ListItem","position":1,"name":"Startseite","item":"https:\/\/kuka-trier.de\/"},{"@type":"ListItem","position":2,"name":"Weltb\u00fcrgerfr\u00fchst\u00fcck"}]},{"@type":"WebSite","@id":"https:\/\/kuka-trier.de\/#website","url":"https:\/\/kuka-trier.de\/","name":"Kulturkarawane Trier","description":"Colourful experience","publisher":{"@id":"https:\/\/kuka-trier.de\/#organization"},"potentialAction":[{"@type":"SearchAction","target":{"@type":"EntryPoint","urlTemplate":"https:\/\/kuka-trier.de\/?s={search_term_string}"},"query-input":{"@type":"PropertyValueSpecification","valueRequired":true,"valueName":"search_term_string"}}],"inLanguage":"en-GB"},{"@type":"Organization","@id":"https:\/\/kuka-trier.de\/#organization","name":"Kulturkarawane Trier","url":"https:\/\/kuka-trier.de\/","logo":{"@type":"ImageObject","inLanguage":"en-GB","@id":"https:\/\/kuka-trier.de\/#\/schema\/logo\/image\/","url":"https:\/\/kuka-trier.de\/wp-content\/uploads\/2022\/02\/cropped-KK19_Logo_color_26-12_web.png","contentUrl":"https:\/\/kuka-trier.de\/wp-content\/uploads\/2022\/02\/cropped-KK19_Logo_color_26-12_web.png","width":822,"height":340,"caption":"Kulturkarawane Trier"},"image":{"@id":"https:\/\/kuka-trier.de\/#\/schema\/logo\/image\/"}},{"@type":"Person","@id":"https:\/\/kuka-trier.de\/#\/schema\/person\/0e70983de674702cd8a6bd6656029617","name":"admin","image":{"@type":"ImageObject","inLanguage":"en-GB","@id":"https:\/\/secure.gravatar.com\/avatar\/9a8eb49d2b2ccb1d3ebbd410bd75a2680c8aff6331ee1e34607e1a7ee6695d39?s=96&d=mm&r=g","url":"https:\/\/secure.gravatar.com\/avatar\/9a8eb49d2b2ccb1d3ebbd410bd75a2680c8aff6331ee1e34607e1a7ee6695d39?s=96&d=mm&r=g","contentUrl":"https:\/\/secure.gravatar.com\/avatar\/9a8eb49d2b2ccb1d3ebbd410bd75a2680c8aff6331ee1e34607e1a7ee6695d39?s=96&d=mm&r=g","caption":"admin"},"sameAs":["http:\/\/kuka-trier.de"],"url":"https:\/\/kuka-trier.de\/en\/author\/admin\/"}]}},"_links":{"self":[{"href":"https:\/\/kuka-trier.de\/en\/wp-json\/wp\/v2\/posts\/1111","targetHints":{"allow":["GET"]}}],"collection":[{"href":"https:\/\/kuka-trier.de\/en\/wp-json\/wp\/v2\/posts"}],"about":[{"href":"https:\/\/kuka-trier.de\/en\/wp-json\/wp\/v2\/types\/post"}],"author":[{"embeddable":true,"href":"https:\/\/kuka-trier.de\/en\/wp-json\/wp\/v2\/users\/1"}],"replies":[{"embeddable":true,"href":"https:\/\/kuka-trier.de\/en\/wp-json\/wp\/v2\/comments?post=1111"}],"version-history":[{"count":6,"href":"https:\/\/kuka-trier.de\/en\/wp-json\/wp\/v2\/posts\/1111\/revisions"}],"predecessor-version":[{"id":1470,"href":"https:\/\/kuka-trier.de\/en\/wp-json\/wp\/v2\/posts\/1111\/revisions\/1470"}],"wp:featuredmedia":[{"embeddable":true,"href":"https:\/\/kuka-trier.de\/en\/wp-json\/wp\/v2\/media\/1114"}],"wp:attachment":[{"href":"https:\/\/kuka-trier.de\/en\/wp-json\/wp\/v2\/media?parent=1111"}],"wp:term":[{"taxonomy":"category","embeddable":true,"href":"https:\/\/kuka-trier.de\/en\/wp-json\/wp\/v2\/categories?post=1111"},{"taxonomy":"post_tag","embeddable":true,"href":"https:\/\/kuka-trier.de\/en\/wp-json\/wp\/v2\/tags?post=1111"}],"curies":[{"name":"wp","href":"https:\/\/api.w.org\/{rel}","templated":true}]}}