{"id":1197,"date":"2022-06-10T08:44:24","date_gmt":"2022-06-10T08:44:24","guid":{"rendered":"https:\/\/kuka-trier.de\/?p=1197"},"modified":"2022-09-20T13:44:09","modified_gmt":"2022-09-20T13:44:09","slug":"wezn","status":"publish","type":"post","link":"https:\/\/kuka-trier.de\/en\/wezn\/","title":{"rendered":"WEZN"},"content":{"rendered":"\n<p>WEZN [ve z n] sind Paul und Maischa. Zwei Wesen, die sich in Bremen zwischen Raves und Proberaumsessions getroffen und dort ihre gemeinsame Leidenschaft f\u00fcr elektronische Musik entdeckt haben.<\/p>\n\n\n\n<p>Zwei Jahre sp\u00e4ter entstanden die ersten Songs und kurz darauf folgten auch die ersten Konzerte. Die beiden gehen seither neue Wege und finden ihren ganz eigenen Sound in der Welt zwischen Pop und elektronischer Musik. Durch die Verwebung von Synthesizer mit akustischen Drums und emotionalen Ohrwurm-Melodien, entf\u00fchren sie in mystische Klangwelten zwischen Minimalismus und Extremen und finden ihren Platz zwischen Vorbildern wie London Gramma, Aurora oder Moderat.<\/p>\n\n\n\n<p>Im November 2019 erschien die selbst produzierte Single \u201eMy Body\u201c mit ermutigender Message zum Thema Female Body Shaming.<\/p>\n\n\n\n<p>Es folgte der Song \u201eWhite Roses\u201c mit dem der Bandsound einen Schritt mehr in die elektronische, tanzbare Richtung wagte. Nach diesen Ver\u00f6ffentlichungen begann das Duo in Zusammenarbeit mit Produzent Helge Preu\u00df (Lewis Capaldi, Verboten Berlin, Joris) die intensive Arbeit an ihrem eigenen Sound. Im Januar 2021 erschien das erste Ergebnis dieser Arbeit mit dem Song \u201eMountain Side\u201c. \u00dcber das Jahr ver\u00f6ffentlichte das Duo f\u00fcnf weitere Songs ihrer EP \u201eGonna Be Fine\u201c die im Dezember 2021 erschien.<\/p>\n\n\n\n<p>F\u00fcr &#8222;My Urban Piano Trier&#8220; spielen WEZN zusammen mit einem Streicher*innen-Quartett und erschaffen einzigartig magische Klangwelten aus elektronischen und klassischen Kompositionen.<\/p>\n\n\n\n<a href=\"https:\/\/www.ticket-regional.de\/stage_5963.php?timeID=761497\" target=\"blank\" rel=\"noopener\">\n    <button>\u00bb Zu den Tickets<\/button>\n  <\/a>\n\n\n\n<a href=\"\/my-urban-piano\">\n    <button>\u00bb Infos zum My Urban Piano<\/button>\n  <\/a>\n","protected":false},"excerpt":{"rendered":"<p>UNFORTUNATELY CANCELLED!<br \/>\nMY URBAN PIANO 2022<br \/>\nFriday, 16 September - 20:00<br \/>\nTufa Trier, Small Hall <\/p>","protected":false},"author":1,"featured_media":1709,"comment_status":"open","ping_status":"open","sticky":false,"template":"","format":"standard","meta":{"_jf_save_progress":"","footnotes":""},"categories":[11],"tags":[45,48],"class_list":["post-1197","post","type-post","status-publish","format-standard","has-post-thumbnail","hentry","category-musik","tag-my-urban-piano","tag-vergangen"],"yoast_head":"<!-- This site is optimized with the Yoast SEO plugin v27.5 - https:\/\/yoast.com\/product\/yoast-seo-wordpress\/ -->\n<title>WEZN | MY URBAN PIANO 2022<\/title>\n<meta name=\"description\" content=\"Open-Air Konzert am Freitag, 16. September um 20:00 Uhr auf dem Domfreihof in Trier\" \/>\n<meta name=\"robots\" content=\"index, follow, max-snippet:-1, max-image-preview:large, max-video-preview:-1\" \/>\n<link rel=\"canonical\" href=\"https:\/\/kuka-trier.de\/en\/wezn\/\" \/>\n<meta property=\"og:locale\" content=\"en_GB\" \/>\n<meta property=\"og:type\" content=\"article\" \/>\n<meta property=\"og:title\" content=\"WEZN | MY URBAN PIANO 2022\" \/>\n<meta property=\"og:description\" content=\"Open-Air Konzert am Freitag, 16. September um 20:00 Uhr auf dem Domfreihof in Trier\" \/>\n<meta property=\"og:url\" content=\"https:\/\/kuka-trier.de\/en\/wezn\/\" \/>\n<meta property=\"og:site_name\" content=\"Kulturkarawane Trier\" \/>\n<meta property=\"article:published_time\" content=\"2022-06-10T08:44:24+00:00\" \/>\n<meta property=\"article:modified_time\" content=\"2022-09-20T13:44:09+00:00\" \/>\n<meta property=\"og:image\" content=\"https:\/\/kuka-trier.de\/wp-content\/uploads\/2022\/06\/20220809-kuk-mup-some-acts-wezn-abgesagt-1024x1024.png\" \/>\n\t<meta property=\"og:image:width\" content=\"1024\" \/>\n\t<meta property=\"og:image:height\" content=\"1024\" \/>\n\t<meta property=\"og:image:type\" content=\"image\/png\" \/>\n<meta name=\"author\" content=\"admin\" \/>\n<meta name=\"twitter:card\" content=\"summary_large_image\" \/>\n<meta name=\"twitter:label1\" content=\"Written by\" \/>\n\t<meta name=\"twitter:data1\" content=\"admin\" \/>\n\t<meta name=\"twitter:label2\" content=\"Estimated reading time\" \/>\n\t<meta name=\"twitter:data2\" content=\"2 minutes\" \/>\n<script type=\"application\/ld+json\" class=\"yoast-schema-graph\">{\"@context\":\"https:\\\/\\\/schema.org\",\"@graph\":[{\"@type\":\"Article\",\"@id\":\"https:\\\/\\\/kuka-trier.de\\\/wezn\\\/#article\",\"isPartOf\":{\"@id\":\"https:\\\/\\\/kuka-trier.de\\\/wezn\\\/\"},\"author\":{\"name\":\"admin\",\"@id\":\"https:\\\/\\\/kuka-trier.de\\\/#\\\/schema\\\/person\\\/0e70983de674702cd8a6bd6656029617\"},\"headline\":\"WEZN\",\"datePublished\":\"2022-06-10T08:44:24+00:00\",\"dateModified\":\"2022-09-20T13:44:09+00:00\",\"mainEntityOfPage\":{\"@id\":\"https:\\\/\\\/kuka-trier.de\\\/wezn\\\/\"},\"wordCount\":225,\"commentCount\":0,\"publisher\":{\"@id\":\"https:\\\/\\\/kuka-trier.de\\\/#organization\"},\"image\":{\"@id\":\"https:\\\/\\\/kuka-trier.de\\\/wezn\\\/#primaryimage\"},\"thumbnailUrl\":\"https:\\\/\\\/kuka-trier.de\\\/wp-content\\\/uploads\\\/2022\\\/06\\\/20220809-kuk-mup-some-acts-wezn-abgesagt.png\",\"keywords\":[\"My Urban Piano\",\"Vergangen\"],\"articleSection\":[\"Musik\"],\"inLanguage\":\"en-GB\",\"potentialAction\":[{\"@type\":\"CommentAction\",\"name\":\"Comment\",\"target\":[\"https:\\\/\\\/kuka-trier.de\\\/wezn\\\/#respond\"]}]},{\"@type\":\"WebPage\",\"@id\":\"https:\\\/\\\/kuka-trier.de\\\/wezn\\\/\",\"url\":\"https:\\\/\\\/kuka-trier.de\\\/wezn\\\/\",\"name\":\"WEZN | MY URBAN PIANO 2022\",\"isPartOf\":{\"@id\":\"https:\\\/\\\/kuka-trier.de\\\/#website\"},\"primaryImageOfPage\":{\"@id\":\"https:\\\/\\\/kuka-trier.de\\\/wezn\\\/#primaryimage\"},\"image\":{\"@id\":\"https:\\\/\\\/kuka-trier.de\\\/wezn\\\/#primaryimage\"},\"thumbnailUrl\":\"https:\\\/\\\/kuka-trier.de\\\/wp-content\\\/uploads\\\/2022\\\/06\\\/20220809-kuk-mup-some-acts-wezn-abgesagt.png\",\"datePublished\":\"2022-06-10T08:44:24+00:00\",\"dateModified\":\"2022-09-20T13:44:09+00:00\",\"description\":\"Open-Air Konzert am Freitag, 16. September um 20:00 Uhr auf dem Domfreihof in Trier\",\"breadcrumb\":{\"@id\":\"https:\\\/\\\/kuka-trier.de\\\/wezn\\\/#breadcrumb\"},\"inLanguage\":\"en-GB\",\"potentialAction\":[{\"@type\":\"ReadAction\",\"target\":[\"https:\\\/\\\/kuka-trier.de\\\/wezn\\\/\"]}]},{\"@type\":\"ImageObject\",\"inLanguage\":\"en-GB\",\"@id\":\"https:\\\/\\\/kuka-trier.de\\\/wezn\\\/#primaryimage\",\"url\":\"https:\\\/\\\/kuka-trier.de\\\/wp-content\\\/uploads\\\/2022\\\/06\\\/20220809-kuk-mup-some-acts-wezn-abgesagt.png\",\"contentUrl\":\"https:\\\/\\\/kuka-trier.de\\\/wp-content\\\/uploads\\\/2022\\\/06\\\/20220809-kuk-mup-some-acts-wezn-abgesagt.png\",\"width\":3000,\"height\":3000},{\"@type\":\"BreadcrumbList\",\"@id\":\"https:\\\/\\\/kuka-trier.de\\\/wezn\\\/#breadcrumb\",\"itemListElement\":[{\"@type\":\"ListItem\",\"position\":1,\"name\":\"Startseite\",\"item\":\"https:\\\/\\\/kuka-trier.de\\\/\"},{\"@type\":\"ListItem\",\"position\":2,\"name\":\"WEZN\"}]},{\"@type\":\"WebSite\",\"@id\":\"https:\\\/\\\/kuka-trier.de\\\/#website\",\"url\":\"https:\\\/\\\/kuka-trier.de\\\/\",\"name\":\"Kulturkarawane Trier\",\"description\":\"BuntERleben\",\"publisher\":{\"@id\":\"https:\\\/\\\/kuka-trier.de\\\/#organization\"},\"potentialAction\":[{\"@type\":\"SearchAction\",\"target\":{\"@type\":\"EntryPoint\",\"urlTemplate\":\"https:\\\/\\\/kuka-trier.de\\\/?s={search_term_string}\"},\"query-input\":{\"@type\":\"PropertyValueSpecification\",\"valueRequired\":true,\"valueName\":\"search_term_string\"}}],\"inLanguage\":\"en-GB\"},{\"@type\":\"Organization\",\"@id\":\"https:\\\/\\\/kuka-trier.de\\\/#organization\",\"name\":\"Kulturkarawane Trier\",\"url\":\"https:\\\/\\\/kuka-trier.de\\\/\",\"logo\":{\"@type\":\"ImageObject\",\"inLanguage\":\"en-GB\",\"@id\":\"https:\\\/\\\/kuka-trier.de\\\/#\\\/schema\\\/logo\\\/image\\\/\",\"url\":\"https:\\\/\\\/kuka-trier.de\\\/wp-content\\\/uploads\\\/2022\\\/02\\\/cropped-KK19_Logo_color_26-12_web.png\",\"contentUrl\":\"https:\\\/\\\/kuka-trier.de\\\/wp-content\\\/uploads\\\/2022\\\/02\\\/cropped-KK19_Logo_color_26-12_web.png\",\"width\":822,\"height\":340,\"caption\":\"Kulturkarawane Trier\"},\"image\":{\"@id\":\"https:\\\/\\\/kuka-trier.de\\\/#\\\/schema\\\/logo\\\/image\\\/\"}},{\"@type\":\"Person\",\"@id\":\"https:\\\/\\\/kuka-trier.de\\\/#\\\/schema\\\/person\\\/0e70983de674702cd8a6bd6656029617\",\"name\":\"admin\",\"image\":{\"@type\":\"ImageObject\",\"inLanguage\":\"en-GB\",\"@id\":\"https:\\\/\\\/secure.gravatar.com\\\/avatar\\\/9a8eb49d2b2ccb1d3ebbd410bd75a2680c8aff6331ee1e34607e1a7ee6695d39?s=96&d=mm&r=g\",\"url\":\"https:\\\/\\\/secure.gravatar.com\\\/avatar\\\/9a8eb49d2b2ccb1d3ebbd410bd75a2680c8aff6331ee1e34607e1a7ee6695d39?s=96&d=mm&r=g\",\"contentUrl\":\"https:\\\/\\\/secure.gravatar.com\\\/avatar\\\/9a8eb49d2b2ccb1d3ebbd410bd75a2680c8aff6331ee1e34607e1a7ee6695d39?s=96&d=mm&r=g\",\"caption\":\"admin\"},\"sameAs\":[\"http:\\\/\\\/kuka-trier.de\"],\"url\":\"https:\\\/\\\/kuka-trier.de\\\/en\\\/author\\\/admin\\\/\"}]}<\/script>\n<!-- \/ Yoast SEO plugin. -->","yoast_head_json":{"title":"WEZN | MY URBAN PIANO 2022","description":"Open-air concert on Friday, 16 September at 20:00 on the Domfreihof in Trier","robots":{"index":"index","follow":"follow","max-snippet":"max-snippet:-1","max-image-preview":"max-image-preview:large","max-video-preview":"max-video-preview:-1"},"canonical":"https:\/\/kuka-trier.de\/en\/wezn\/","og_locale":"en_GB","og_type":"article","og_title":"WEZN | MY URBAN PIANO 2022","og_description":"Open-Air Konzert am Freitag, 16. September um 20:00 Uhr auf dem Domfreihof in Trier","og_url":"https:\/\/kuka-trier.de\/en\/wezn\/","og_site_name":"Kulturkarawane Trier","article_published_time":"2022-06-10T08:44:24+00:00","article_modified_time":"2022-09-20T13:44:09+00:00","og_image":[{"width":1024,"height":1024,"url":"https:\/\/kuka-trier.de\/wp-content\/uploads\/2022\/06\/20220809-kuk-mup-some-acts-wezn-abgesagt-1024x1024.png","type":"image\/png"}],"author":"admin","twitter_card":"summary_large_image","twitter_misc":{"Written by":"admin","Estimated reading time":"2 minutes"},"schema":{"@context":"https:\/\/schema.org","@graph":[{"@type":"Article","@id":"https:\/\/kuka-trier.de\/wezn\/#article","isPartOf":{"@id":"https:\/\/kuka-trier.de\/wezn\/"},"author":{"name":"admin","@id":"https:\/\/kuka-trier.de\/#\/schema\/person\/0e70983de674702cd8a6bd6656029617"},"headline":"WEZN","datePublished":"2022-06-10T08:44:24+00:00","dateModified":"2022-09-20T13:44:09+00:00","mainEntityOfPage":{"@id":"https:\/\/kuka-trier.de\/wezn\/"},"wordCount":225,"commentCount":0,"publisher":{"@id":"https:\/\/kuka-trier.de\/#organization"},"image":{"@id":"https:\/\/kuka-trier.de\/wezn\/#primaryimage"},"thumbnailUrl":"https:\/\/kuka-trier.de\/wp-content\/uploads\/2022\/06\/20220809-kuk-mup-some-acts-wezn-abgesagt.png","keywords":["My Urban Piano","Vergangen"],"articleSection":["Musik"],"inLanguage":"en-GB","potentialAction":[{"@type":"CommentAction","name":"Comment","target":["https:\/\/kuka-trier.de\/wezn\/#respond"]}]},{"@type":"WebPage","@id":"https:\/\/kuka-trier.de\/wezn\/","url":"https:\/\/kuka-trier.de\/wezn\/","name":"WEZN | MY URBAN PIANO 2022","isPartOf":{"@id":"https:\/\/kuka-trier.de\/#website"},"primaryImageOfPage":{"@id":"https:\/\/kuka-trier.de\/wezn\/#primaryimage"},"image":{"@id":"https:\/\/kuka-trier.de\/wezn\/#primaryimage"},"thumbnailUrl":"https:\/\/kuka-trier.de\/wp-content\/uploads\/2022\/06\/20220809-kuk-mup-some-acts-wezn-abgesagt.png","datePublished":"2022-06-10T08:44:24+00:00","dateModified":"2022-09-20T13:44:09+00:00","description":"Open-air concert on Friday, 16 September at 20:00 on the Domfreihof in Trier","breadcrumb":{"@id":"https:\/\/kuka-trier.de\/wezn\/#breadcrumb"},"inLanguage":"en-GB","potentialAction":[{"@type":"ReadAction","target":["https:\/\/kuka-trier.de\/wezn\/"]}]},{"@type":"ImageObject","inLanguage":"en-GB","@id":"https:\/\/kuka-trier.de\/wezn\/#primaryimage","url":"https:\/\/kuka-trier.de\/wp-content\/uploads\/2022\/06\/20220809-kuk-mup-some-acts-wezn-abgesagt.png","contentUrl":"https:\/\/kuka-trier.de\/wp-content\/uploads\/2022\/06\/20220809-kuk-mup-some-acts-wezn-abgesagt.png","width":3000,"height":3000},{"@type":"BreadcrumbList","@id":"https:\/\/kuka-trier.de\/wezn\/#breadcrumb","itemListElement":[{"@type":"ListItem","position":1,"name":"Startseite","item":"https:\/\/kuka-trier.de\/"},{"@type":"ListItem","position":2,"name":"WEZN"}]},{"@type":"WebSite","@id":"https:\/\/kuka-trier.de\/#website","url":"https:\/\/kuka-trier.de\/","name":"Kulturkarawane Trier","description":"Colourful experience","publisher":{"@id":"https:\/\/kuka-trier.de\/#organization"},"potentialAction":[{"@type":"SearchAction","target":{"@type":"EntryPoint","urlTemplate":"https:\/\/kuka-trier.de\/?s={search_term_string}"},"query-input":{"@type":"PropertyValueSpecification","valueRequired":true,"valueName":"search_term_string"}}],"inLanguage":"en-GB"},{"@type":"Organization","@id":"https:\/\/kuka-trier.de\/#organization","name":"Kulturkarawane Trier","url":"https:\/\/kuka-trier.de\/","logo":{"@type":"ImageObject","inLanguage":"en-GB","@id":"https:\/\/kuka-trier.de\/#\/schema\/logo\/image\/","url":"https:\/\/kuka-trier.de\/wp-content\/uploads\/2022\/02\/cropped-KK19_Logo_color_26-12_web.png","contentUrl":"https:\/\/kuka-trier.de\/wp-content\/uploads\/2022\/02\/cropped-KK19_Logo_color_26-12_web.png","width":822,"height":340,"caption":"Kulturkarawane Trier"},"image":{"@id":"https:\/\/kuka-trier.de\/#\/schema\/logo\/image\/"}},{"@type":"Person","@id":"https:\/\/kuka-trier.de\/#\/schema\/person\/0e70983de674702cd8a6bd6656029617","name":"admin","image":{"@type":"ImageObject","inLanguage":"en-GB","@id":"https:\/\/secure.gravatar.com\/avatar\/9a8eb49d2b2ccb1d3ebbd410bd75a2680c8aff6331ee1e34607e1a7ee6695d39?s=96&d=mm&r=g","url":"https:\/\/secure.gravatar.com\/avatar\/9a8eb49d2b2ccb1d3ebbd410bd75a2680c8aff6331ee1e34607e1a7ee6695d39?s=96&d=mm&r=g","contentUrl":"https:\/\/secure.gravatar.com\/avatar\/9a8eb49d2b2ccb1d3ebbd410bd75a2680c8aff6331ee1e34607e1a7ee6695d39?s=96&d=mm&r=g","caption":"admin"},"sameAs":["http:\/\/kuka-trier.de"],"url":"https:\/\/kuka-trier.de\/en\/author\/admin\/"}]}},"_links":{"self":[{"href":"https:\/\/kuka-trier.de\/en\/wp-json\/wp\/v2\/posts\/1197","targetHints":{"allow":["GET"]}}],"collection":[{"href":"https:\/\/kuka-trier.de\/en\/wp-json\/wp\/v2\/posts"}],"about":[{"href":"https:\/\/kuka-trier.de\/en\/wp-json\/wp\/v2\/types\/post"}],"author":[{"embeddable":true,"href":"https:\/\/kuka-trier.de\/en\/wp-json\/wp\/v2\/users\/1"}],"replies":[{"embeddable":true,"href":"https:\/\/kuka-trier.de\/en\/wp-json\/wp\/v2\/comments?post=1197"}],"version-history":[{"count":9,"href":"https:\/\/kuka-trier.de\/en\/wp-json\/wp\/v2\/posts\/1197\/revisions"}],"predecessor-version":[{"id":2284,"href":"https:\/\/kuka-trier.de\/en\/wp-json\/wp\/v2\/posts\/1197\/revisions\/2284"}],"wp:featuredmedia":[{"embeddable":true,"href":"https:\/\/kuka-trier.de\/en\/wp-json\/wp\/v2\/media\/1709"}],"wp:attachment":[{"href":"https:\/\/kuka-trier.de\/en\/wp-json\/wp\/v2\/media?parent=1197"}],"wp:term":[{"taxonomy":"category","embeddable":true,"href":"https:\/\/kuka-trier.de\/en\/wp-json\/wp\/v2\/categories?post=1197"},{"taxonomy":"post_tag","embeddable":true,"href":"https:\/\/kuka-trier.de\/en\/wp-json\/wp\/v2\/tags?post=1197"}],"curies":[{"name":"wp","href":"https:\/\/api.w.org\/{rel}","templated":true}]}}