{"id":308,"date":"2022-05-11T12:48:00","date_gmt":"2022-05-11T12:48:00","guid":{"rendered":"https:\/\/kuka-trier.de\/?p=308"},"modified":"2022-07-18T07:28:44","modified_gmt":"2022-07-18T07:28:44","slug":"clouds-kollektiv","status":"publish","type":"post","link":"https:\/\/kuka-trier.de\/en\/clouds-kollektiv\/","title":{"rendered":"Clouds Collective"},"content":{"rendered":"<p><strong>Ende ca. 22 Uhr<\/strong><\/p>\n<p>Diffuse Nebelschwaden oder ein zentraler Speicherort von Informationen &#8211; Der Begriff \u201cClouds\u201d l\u00e4dt zur Interpretation ein und l\u00e4sst dabei gleichzeitig viele Freiheiten. Genau nach diesem Grundsatz ist auch das K\u00fcnstler*innenkollektiv Clouds ausgerichtet: Der 26-k\u00f6pfige interdisziplin\u00e4re Kreativ-Thinktank schafft in einem Zusammenspiel aus Subkultur und Herzblut unvergessliche Erlebnisse, die sowohl Kunstschaffende als auch Publikum auf Wolke Sieben schweben lassen.<\/p>\n<p>Dabei kennt die Clouds-Expertise keine (St\u00e4dte-)Grenzen: K\u00fcnstler*innen aus Trier, K\u00f6ln, Saarbr\u00fccken und Mainz befinden sich im stetigen gemeinsamen Kreativfluss getreu dem Motto \u201cJede*r kann partizipieren!\u201d. Nicht nur Musker*innen, sondern auch Kunstschaffenden anderer Stilrichtungen bietet das Kollektiv mit seinen Formaten eine B\u00fchne zur uneingeschr\u00e4nkten Entfaltung. Dabei ist das gestalterische Portfolio so abwechslungsreich wie die Kunstschaffenden selbst.&nbsp;Sie&nbsp;lieben das, was sie tun, sei es im Bereich Deejaying, Musikproduktion, Illustration, Animation, Foto- und Videographie, Design, Mode oder Architektur.<\/p>\n<p>Alle Ideen vereinen sich in einem Clouds-Kreativbrainpool, der aus unterschiedlichen Quellen speist: Die Clouds-Paradedisziplin sind atmosph\u00e4rische, musikalisch-visuelle und vision\u00e4re Veranstaltungen. Locations, die nicht \u00fcblicherweise f\u00fcr elektronische Musikevents genutzt werden, werden uminterpretiert, Raumkonzepte werden entworfen und G\u00e4st*innen werden mit aufw\u00e4ndigen Dekokonzepten \u00fcberrascht; Das Zusammenspiel zwischen Location, Publikum, Musik und Lichttechnik geht sofort unter die Haut&#8230;<\/p>\n<p>Mit Hilfe des hauseigenen Labels Clouds Records bietet das Kollektiv K\u00fcnstler*innen Raum zur musikalischen Selbstverwirklichung durch die Ver\u00f6ffentlichung selbst produzierter Tracks. Jedes Release ist einzigartig und l\u00e4sst Musik, Kunst und Leidenschaft miteinander verschmelzen.<\/p>\n<p><b>LINE UP:<\/b><\/p>\n<ul>\n<li>Deorbiting (Live) [Stil vor Talent]<\/li>\n<li>Dahne b2b Floke<\/li>\n<li>Rengs b2b Tardis<\/li>\n<li>Andis b2b Rutt<\/li>\n<li>Katharsia<\/li>\n<li>Frau M\u00fcller<\/li>\n<li>ENNA<\/li>\n<\/ul>\n\n\n<a href=\"\/fgctrier\">\n    <button>\u00bb Infos zum Flying Grass Carpet<\/button>\n  <\/a>\n\n\n\n<p><\/p>\n","protected":false},"excerpt":{"rendered":"<p>FLYING GRASS CARPET 2022<br \/>\nSaturday, 16 July - 14:00<br \/>\nTrier cattle market<\/p>","protected":false},"author":1,"featured_media":304,"comment_status":"open","ping_status":"open","sticky":false,"template":"","format":"standard","meta":{"_jf_save_progress":"","footnotes":""},"categories":[23],"tags":[13,48],"class_list":["post-308","post","type-post","status-publish","format-standard","has-post-thumbnail","hentry","category-elektro","tag-fgc2022","tag-vergangen"],"yoast_head":"<!-- This site is optimized with the Yoast SEO plugin v27.5 - https:\/\/yoast.com\/product\/yoast-seo-wordpress\/ -->\n<title>Clouds Kollektiv | FLYING GRASS CARPET 2022<\/title>\n<meta name=\"description\" content=\"Elektrokonzert am Samstag, 16. Juli von 14:00 bis 22:00 Uhr auf dem Viehmarkt Trier\" \/>\n<meta name=\"robots\" content=\"index, follow, max-snippet:-1, max-image-preview:large, max-video-preview:-1\" \/>\n<link rel=\"canonical\" href=\"https:\/\/kuka-trier.de\/en\/clouds-kollektiv\/\" \/>\n<meta property=\"og:locale\" content=\"en_GB\" \/>\n<meta property=\"og:type\" content=\"article\" \/>\n<meta property=\"og:title\" content=\"Clouds Kollektiv | FLYING GRASS CARPET 2022\" \/>\n<meta property=\"og:description\" content=\"Elektrokonzert am Samstag, 16. Juli von 14:00 bis 22:00 Uhr auf dem Viehmarkt Trier\" \/>\n<meta property=\"og:url\" content=\"https:\/\/kuka-trier.de\/en\/clouds-kollektiv\/\" \/>\n<meta property=\"og:site_name\" content=\"Kulturkarawane Trier\" \/>\n<meta property=\"article:published_time\" content=\"2022-05-11T12:48:00+00:00\" \/>\n<meta property=\"article:modified_time\" content=\"2022-07-18T07:28:44+00:00\" \/>\n<meta property=\"og:image\" content=\"https:\/\/kuka-trier.de\/wp-content\/uploads\/2022\/05\/20220716-KUK-FGC-clouds.jpg\" \/>\n\t<meta property=\"og:image:width\" content=\"450\" \/>\n\t<meta property=\"og:image:height\" content=\"300\" \/>\n\t<meta property=\"og:image:type\" content=\"image\/jpeg\" \/>\n<meta name=\"author\" content=\"admin\" \/>\n<meta name=\"twitter:card\" content=\"summary_large_image\" \/>\n<meta name=\"twitter:label1\" content=\"Written by\" \/>\n\t<meta name=\"twitter:data1\" content=\"admin\" \/>\n\t<meta name=\"twitter:label2\" content=\"Estimated reading time\" \/>\n\t<meta name=\"twitter:data2\" content=\"2 minutes\" \/>\n<script type=\"application\/ld+json\" class=\"yoast-schema-graph\">{\"@context\":\"https:\\\/\\\/schema.org\",\"@graph\":[{\"@type\":\"Article\",\"@id\":\"https:\\\/\\\/kuka-trier.de\\\/clouds-kollektiv\\\/#article\",\"isPartOf\":{\"@id\":\"https:\\\/\\\/kuka-trier.de\\\/clouds-kollektiv\\\/\"},\"author\":{\"name\":\"admin\",\"@id\":\"https:\\\/\\\/kuka-trier.de\\\/#\\\/schema\\\/person\\\/0e70983de674702cd8a6bd6656029617\"},\"headline\":\"Clouds Kollektiv\",\"datePublished\":\"2022-05-11T12:48:00+00:00\",\"dateModified\":\"2022-07-18T07:28:44+00:00\",\"mainEntityOfPage\":{\"@id\":\"https:\\\/\\\/kuka-trier.de\\\/clouds-kollektiv\\\/\"},\"wordCount\":282,\"commentCount\":0,\"publisher\":{\"@id\":\"https:\\\/\\\/kuka-trier.de\\\/#organization\"},\"image\":{\"@id\":\"https:\\\/\\\/kuka-trier.de\\\/clouds-kollektiv\\\/#primaryimage\"},\"thumbnailUrl\":\"https:\\\/\\\/kuka-trier.de\\\/wp-content\\\/uploads\\\/2022\\\/05\\\/20220716-KUK-FGC-clouds.jpg\",\"keywords\":[\"FGC2022\",\"Vergangen\"],\"articleSection\":[\"Elektro\"],\"inLanguage\":\"en-GB\",\"potentialAction\":[{\"@type\":\"CommentAction\",\"name\":\"Comment\",\"target\":[\"https:\\\/\\\/kuka-trier.de\\\/clouds-kollektiv\\\/#respond\"]}]},{\"@type\":\"WebPage\",\"@id\":\"https:\\\/\\\/kuka-trier.de\\\/clouds-kollektiv\\\/\",\"url\":\"https:\\\/\\\/kuka-trier.de\\\/clouds-kollektiv\\\/\",\"name\":\"Clouds Kollektiv | FLYING GRASS CARPET 2022\",\"isPartOf\":{\"@id\":\"https:\\\/\\\/kuka-trier.de\\\/#website\"},\"primaryImageOfPage\":{\"@id\":\"https:\\\/\\\/kuka-trier.de\\\/clouds-kollektiv\\\/#primaryimage\"},\"image\":{\"@id\":\"https:\\\/\\\/kuka-trier.de\\\/clouds-kollektiv\\\/#primaryimage\"},\"thumbnailUrl\":\"https:\\\/\\\/kuka-trier.de\\\/wp-content\\\/uploads\\\/2022\\\/05\\\/20220716-KUK-FGC-clouds.jpg\",\"datePublished\":\"2022-05-11T12:48:00+00:00\",\"dateModified\":\"2022-07-18T07:28:44+00:00\",\"description\":\"Elektrokonzert am Samstag, 16. Juli von 14:00 bis 22:00 Uhr auf dem Viehmarkt Trier\",\"breadcrumb\":{\"@id\":\"https:\\\/\\\/kuka-trier.de\\\/clouds-kollektiv\\\/#breadcrumb\"},\"inLanguage\":\"en-GB\",\"potentialAction\":[{\"@type\":\"ReadAction\",\"target\":[\"https:\\\/\\\/kuka-trier.de\\\/clouds-kollektiv\\\/\"]}]},{\"@type\":\"ImageObject\",\"inLanguage\":\"en-GB\",\"@id\":\"https:\\\/\\\/kuka-trier.de\\\/clouds-kollektiv\\\/#primaryimage\",\"url\":\"https:\\\/\\\/kuka-trier.de\\\/wp-content\\\/uploads\\\/2022\\\/05\\\/20220716-KUK-FGC-clouds.jpg\",\"contentUrl\":\"https:\\\/\\\/kuka-trier.de\\\/wp-content\\\/uploads\\\/2022\\\/05\\\/20220716-KUK-FGC-clouds.jpg\",\"width\":450,\"height\":300,\"caption\":\"Clouds Kollektiv\"},{\"@type\":\"BreadcrumbList\",\"@id\":\"https:\\\/\\\/kuka-trier.de\\\/clouds-kollektiv\\\/#breadcrumb\",\"itemListElement\":[{\"@type\":\"ListItem\",\"position\":1,\"name\":\"Startseite\",\"item\":\"https:\\\/\\\/kuka-trier.de\\\/\"},{\"@type\":\"ListItem\",\"position\":2,\"name\":\"Clouds Kollektiv\"}]},{\"@type\":\"WebSite\",\"@id\":\"https:\\\/\\\/kuka-trier.de\\\/#website\",\"url\":\"https:\\\/\\\/kuka-trier.de\\\/\",\"name\":\"Kulturkarawane Trier\",\"description\":\"BuntERleben\",\"publisher\":{\"@id\":\"https:\\\/\\\/kuka-trier.de\\\/#organization\"},\"potentialAction\":[{\"@type\":\"SearchAction\",\"target\":{\"@type\":\"EntryPoint\",\"urlTemplate\":\"https:\\\/\\\/kuka-trier.de\\\/?s={search_term_string}\"},\"query-input\":{\"@type\":\"PropertyValueSpecification\",\"valueRequired\":true,\"valueName\":\"search_term_string\"}}],\"inLanguage\":\"en-GB\"},{\"@type\":\"Organization\",\"@id\":\"https:\\\/\\\/kuka-trier.de\\\/#organization\",\"name\":\"Kulturkarawane Trier\",\"url\":\"https:\\\/\\\/kuka-trier.de\\\/\",\"logo\":{\"@type\":\"ImageObject\",\"inLanguage\":\"en-GB\",\"@id\":\"https:\\\/\\\/kuka-trier.de\\\/#\\\/schema\\\/logo\\\/image\\\/\",\"url\":\"https:\\\/\\\/kuka-trier.de\\\/wp-content\\\/uploads\\\/2022\\\/02\\\/cropped-KK19_Logo_color_26-12_web.png\",\"contentUrl\":\"https:\\\/\\\/kuka-trier.de\\\/wp-content\\\/uploads\\\/2022\\\/02\\\/cropped-KK19_Logo_color_26-12_web.png\",\"width\":822,\"height\":340,\"caption\":\"Kulturkarawane Trier\"},\"image\":{\"@id\":\"https:\\\/\\\/kuka-trier.de\\\/#\\\/schema\\\/logo\\\/image\\\/\"}},{\"@type\":\"Person\",\"@id\":\"https:\\\/\\\/kuka-trier.de\\\/#\\\/schema\\\/person\\\/0e70983de674702cd8a6bd6656029617\",\"name\":\"admin\",\"image\":{\"@type\":\"ImageObject\",\"inLanguage\":\"en-GB\",\"@id\":\"https:\\\/\\\/secure.gravatar.com\\\/avatar\\\/9a8eb49d2b2ccb1d3ebbd410bd75a2680c8aff6331ee1e34607e1a7ee6695d39?s=96&d=mm&r=g\",\"url\":\"https:\\\/\\\/secure.gravatar.com\\\/avatar\\\/9a8eb49d2b2ccb1d3ebbd410bd75a2680c8aff6331ee1e34607e1a7ee6695d39?s=96&d=mm&r=g\",\"contentUrl\":\"https:\\\/\\\/secure.gravatar.com\\\/avatar\\\/9a8eb49d2b2ccb1d3ebbd410bd75a2680c8aff6331ee1e34607e1a7ee6695d39?s=96&d=mm&r=g\",\"caption\":\"admin\"},\"sameAs\":[\"http:\\\/\\\/kuka-trier.de\"],\"url\":\"https:\\\/\\\/kuka-trier.de\\\/en\\\/author\\\/admin\\\/\"}]}<\/script>\n<!-- \/ Yoast SEO plugin. -->","yoast_head_json":{"title":"Clouds Collective | FLYING GRASS CARPET 2022","description":"Electro concert on Saturday, 16 July from 14:00 to 22:00 at the Viehmarkt Trier","robots":{"index":"index","follow":"follow","max-snippet":"max-snippet:-1","max-image-preview":"max-image-preview:large","max-video-preview":"max-video-preview:-1"},"canonical":"https:\/\/kuka-trier.de\/en\/clouds-kollektiv\/","og_locale":"en_GB","og_type":"article","og_title":"Clouds Kollektiv | FLYING GRASS CARPET 2022","og_description":"Elektrokonzert am Samstag, 16. Juli von 14:00 bis 22:00 Uhr auf dem Viehmarkt Trier","og_url":"https:\/\/kuka-trier.de\/en\/clouds-kollektiv\/","og_site_name":"Kulturkarawane Trier","article_published_time":"2022-05-11T12:48:00+00:00","article_modified_time":"2022-07-18T07:28:44+00:00","og_image":[{"width":450,"height":300,"url":"https:\/\/kuka-trier.de\/wp-content\/uploads\/2022\/05\/20220716-KUK-FGC-clouds.jpg","type":"image\/jpeg"}],"author":"admin","twitter_card":"summary_large_image","twitter_misc":{"Written by":"admin","Estimated reading time":"2 minutes"},"schema":{"@context":"https:\/\/schema.org","@graph":[{"@type":"Article","@id":"https:\/\/kuka-trier.de\/clouds-kollektiv\/#article","isPartOf":{"@id":"https:\/\/kuka-trier.de\/clouds-kollektiv\/"},"author":{"name":"admin","@id":"https:\/\/kuka-trier.de\/#\/schema\/person\/0e70983de674702cd8a6bd6656029617"},"headline":"Clouds Kollektiv","datePublished":"2022-05-11T12:48:00+00:00","dateModified":"2022-07-18T07:28:44+00:00","mainEntityOfPage":{"@id":"https:\/\/kuka-trier.de\/clouds-kollektiv\/"},"wordCount":282,"commentCount":0,"publisher":{"@id":"https:\/\/kuka-trier.de\/#organization"},"image":{"@id":"https:\/\/kuka-trier.de\/clouds-kollektiv\/#primaryimage"},"thumbnailUrl":"https:\/\/kuka-trier.de\/wp-content\/uploads\/2022\/05\/20220716-KUK-FGC-clouds.jpg","keywords":["FGC2022","Vergangen"],"articleSection":["Elektro"],"inLanguage":"en-GB","potentialAction":[{"@type":"CommentAction","name":"Comment","target":["https:\/\/kuka-trier.de\/clouds-kollektiv\/#respond"]}]},{"@type":"WebPage","@id":"https:\/\/kuka-trier.de\/clouds-kollektiv\/","url":"https:\/\/kuka-trier.de\/clouds-kollektiv\/","name":"Clouds Collective | FLYING GRASS CARPET 2022","isPartOf":{"@id":"https:\/\/kuka-trier.de\/#website"},"primaryImageOfPage":{"@id":"https:\/\/kuka-trier.de\/clouds-kollektiv\/#primaryimage"},"image":{"@id":"https:\/\/kuka-trier.de\/clouds-kollektiv\/#primaryimage"},"thumbnailUrl":"https:\/\/kuka-trier.de\/wp-content\/uploads\/2022\/05\/20220716-KUK-FGC-clouds.jpg","datePublished":"2022-05-11T12:48:00+00:00","dateModified":"2022-07-18T07:28:44+00:00","description":"Electro concert on Saturday, 16 July from 14:00 to 22:00 at the Viehmarkt Trier","breadcrumb":{"@id":"https:\/\/kuka-trier.de\/clouds-kollektiv\/#breadcrumb"},"inLanguage":"en-GB","potentialAction":[{"@type":"ReadAction","target":["https:\/\/kuka-trier.de\/clouds-kollektiv\/"]}]},{"@type":"ImageObject","inLanguage":"en-GB","@id":"https:\/\/kuka-trier.de\/clouds-kollektiv\/#primaryimage","url":"https:\/\/kuka-trier.de\/wp-content\/uploads\/2022\/05\/20220716-KUK-FGC-clouds.jpg","contentUrl":"https:\/\/kuka-trier.de\/wp-content\/uploads\/2022\/05\/20220716-KUK-FGC-clouds.jpg","width":450,"height":300,"caption":"Clouds Kollektiv"},{"@type":"BreadcrumbList","@id":"https:\/\/kuka-trier.de\/clouds-kollektiv\/#breadcrumb","itemListElement":[{"@type":"ListItem","position":1,"name":"Startseite","item":"https:\/\/kuka-trier.de\/"},{"@type":"ListItem","position":2,"name":"Clouds Kollektiv"}]},{"@type":"WebSite","@id":"https:\/\/kuka-trier.de\/#website","url":"https:\/\/kuka-trier.de\/","name":"Kulturkarawane Trier","description":"Colourful experience","publisher":{"@id":"https:\/\/kuka-trier.de\/#organization"},"potentialAction":[{"@type":"SearchAction","target":{"@type":"EntryPoint","urlTemplate":"https:\/\/kuka-trier.de\/?s={search_term_string}"},"query-input":{"@type":"PropertyValueSpecification","valueRequired":true,"valueName":"search_term_string"}}],"inLanguage":"en-GB"},{"@type":"Organization","@id":"https:\/\/kuka-trier.de\/#organization","name":"Kulturkarawane Trier","url":"https:\/\/kuka-trier.de\/","logo":{"@type":"ImageObject","inLanguage":"en-GB","@id":"https:\/\/kuka-trier.de\/#\/schema\/logo\/image\/","url":"https:\/\/kuka-trier.de\/wp-content\/uploads\/2022\/02\/cropped-KK19_Logo_color_26-12_web.png","contentUrl":"https:\/\/kuka-trier.de\/wp-content\/uploads\/2022\/02\/cropped-KK19_Logo_color_26-12_web.png","width":822,"height":340,"caption":"Kulturkarawane Trier"},"image":{"@id":"https:\/\/kuka-trier.de\/#\/schema\/logo\/image\/"}},{"@type":"Person","@id":"https:\/\/kuka-trier.de\/#\/schema\/person\/0e70983de674702cd8a6bd6656029617","name":"admin","image":{"@type":"ImageObject","inLanguage":"en-GB","@id":"https:\/\/secure.gravatar.com\/avatar\/9a8eb49d2b2ccb1d3ebbd410bd75a2680c8aff6331ee1e34607e1a7ee6695d39?s=96&d=mm&r=g","url":"https:\/\/secure.gravatar.com\/avatar\/9a8eb49d2b2ccb1d3ebbd410bd75a2680c8aff6331ee1e34607e1a7ee6695d39?s=96&d=mm&r=g","contentUrl":"https:\/\/secure.gravatar.com\/avatar\/9a8eb49d2b2ccb1d3ebbd410bd75a2680c8aff6331ee1e34607e1a7ee6695d39?s=96&d=mm&r=g","caption":"admin"},"sameAs":["http:\/\/kuka-trier.de"],"url":"https:\/\/kuka-trier.de\/en\/author\/admin\/"}]}},"_links":{"self":[{"href":"https:\/\/kuka-trier.de\/en\/wp-json\/wp\/v2\/posts\/308","targetHints":{"allow":["GET"]}}],"collection":[{"href":"https:\/\/kuka-trier.de\/en\/wp-json\/wp\/v2\/posts"}],"about":[{"href":"https:\/\/kuka-trier.de\/en\/wp-json\/wp\/v2\/types\/post"}],"author":[{"embeddable":true,"href":"https:\/\/kuka-trier.de\/en\/wp-json\/wp\/v2\/users\/1"}],"replies":[{"embeddable":true,"href":"https:\/\/kuka-trier.de\/en\/wp-json\/wp\/v2\/comments?post=308"}],"version-history":[{"count":15,"href":"https:\/\/kuka-trier.de\/en\/wp-json\/wp\/v2\/posts\/308\/revisions"}],"predecessor-version":[{"id":1155,"href":"https:\/\/kuka-trier.de\/en\/wp-json\/wp\/v2\/posts\/308\/revisions\/1155"}],"wp:featuredmedia":[{"embeddable":true,"href":"https:\/\/kuka-trier.de\/en\/wp-json\/wp\/v2\/media\/304"}],"wp:attachment":[{"href":"https:\/\/kuka-trier.de\/en\/wp-json\/wp\/v2\/media?parent=308"}],"wp:term":[{"taxonomy":"category","embeddable":true,"href":"https:\/\/kuka-trier.de\/en\/wp-json\/wp\/v2\/categories?post=308"},{"taxonomy":"post_tag","embeddable":true,"href":"https:\/\/kuka-trier.de\/en\/wp-json\/wp\/v2\/tags?post=308"}],"curies":[{"name":"wp","href":"https:\/\/api.w.org\/{rel}","templated":true}]}}