{"id":8931,"date":"2026-04-14T09:28:19","date_gmt":"2026-04-14T09:28:19","guid":{"rendered":"https:\/\/kuka-trier.de\/?p=8931"},"modified":"2026-09-04T09:45:04","modified_gmt":"2026-09-04T09:45:04","slug":"moselpop-meet-greet-tufa-trier","status":"publish","type":"post","link":"https:\/\/kuka-trier.de\/en\/moselpop-meet-greet-tufa-trier\/","title":{"rendered":"MoselPop Meet Up \u2013 Inclusion at music events"},"content":{"rendered":"<h2 class=\"wp-block-heading\"><\/h2>\n\n\n\n<p class=\"wp-block-paragraph\">Das Musikforum Rheinland-Pfalz l\u00e4dt in Kooperation mit der Kulturkarawane Trier und MoselPop zum <strong>Meet Up am 24. Oktober in die TUFA nach Trier <\/strong>in.<\/p>\n\n\n\n<p class=\"wp-block-paragraph\">Wie k\u00f6nnen Musikveranstaltungen und Festivals f\u00fcr m\u00f6glichst viele Menschen zug\u00e4nglich werden? Welche konkreten Schritte helfen Veranstaltenden dabei, Barrieren abzubauen und wie gelingt es, das Thema dauerhaft in Planung, Kommunikation und Praxis zu verankern?<\/p>\n\n\n\n<p class=\"wp-block-paragraph\">Am 24. Oktober laden das Netzwerk MoselPop, die Kulturkarawane Trier und das Musikforum Rheinland-Pfalz zu Impulsen und Austausch nach Trier ein: f\u00fcr alle interessierten Veranstaltenden und Kulturschaffende. Freut euch auf Einblicke aus den Aktivit\u00e4ten von MoselPop, best Practices von Festivals und Impulse von u.a. <strong>Julia M\u00e4drich (Diversity und Inklusionstrainerin, Sommerblut Festival)<\/strong> zum Thema Barrierefreiheeit bei Booking und Kuration. Selbstverst\u00e4ndlich ist auch Zeit f\u00fcr pers\u00f6nliche Erfahrungen und Austausch.<\/p>\n\n\n\n<p class=\"wp-block-paragraph\">Weitere G\u00e4ste und Programmpunkte werden in K\u00fcrze bekannt gegeben.<\/p>\n\n\n\n<p class=\"wp-block-paragraph\">We look forward to an open and inspiring evening.<br>Your team from MoselPop<\/p>\n\n\n\n<a href=\"https:\/\/www.eventbrite.com\/e\/meet-up-inklusion-auf-musikveranstaltungen-tickets-1986429812041\">\n    <button>\u00bb Register for the MeetUp<\/button>\n  <\/a>\n\n\n\n<div style=\"height:30px\" aria-hidden=\"true\" class=\"wp-block-spacer\"><\/div>\n\n\n\n<p class=\"wp-block-paragraph\"><strong>Infos in einfacher Sprache<\/strong><\/p>\n\n\n\n<p class=\"wp-block-paragraph\"><strong>Wie k\u00f6nnen wir Veranstaltungen machen, bei denen alle mitmachen k\u00f6nnen?<\/strong><\/p>\n\n\n\n<p class=\"wp-block-paragraph\">Menschen mit Behinderungen sollen \u00fcberall dabei sein k\u00f6nnen. Das ist auch ein Ziel im Gesetz. Auch in der Musikszene ist das wichtig. Konzerte und Festivals sollen f\u00fcr viele Menschen offen sein.<\/p>\n\n\n\n<p class=\"wp-block-paragraph\">Aber wie schaffen wir das?<\/p>\n\n\n\n<p class=\"wp-block-paragraph\">Das Musikforum Rheinland-Pfalz und die Kulturkarawane laden zu einem offenen Treffen ein.<\/p>\n\n\n\n<p class=\"wp-block-paragraph\">Dar\u00fcber wollen wir sprechen:<\/p>\n\n\n\n<ul class=\"wp-block-list\">\n<li>Was klappt schon gut?<\/li>\n\n\n\n<li>Wo gibt es noch Barrieren?<\/li>\n\n\n\n<li>Wie k\u00f6nnen Menschen mit Behinderungen besser mitmachen?<\/li>\n\n\n\n<li>Wie k\u00f6nnen sie als G\u00e4ste dabei sein?<\/li>\n\n\n\n<li>Wie k\u00f6nnen sie auf der B\u00fchne stehen?<\/li>\n\n\n\n<li>Wie k\u00f6nnen sie bei der Organisation mitarbeiten?<\/li>\n\n\n\n<li>Was k\u00f6nnen wir mit wenig Zeit und Geld ver\u00e4ndern?<\/li>\n\n\n\n<li>Was k\u00f6nnen wir voneinander lernen?<\/li>\n<\/ul>\n\n\n\n<p class=\"wp-block-paragraph\">Menschen erz\u00e4hlen von Barrieren, die sie selbst erleben. Sie wissen, was schwierig ist. Sie wissen auch, was helfen kann.<\/p>\n\n\n\n<p class=\"wp-block-paragraph\">Wir zeigen Beispiele aus Rheinland-Pfalz. Auch das Netzwerk MoselPop stellt seine Erfahrungen vor.<\/p>\n\n\n\n<p class=\"wp-block-paragraph\">Bei unserem Treffen k\u00f6nnen alle mitmachen.<\/p>\n\n\n\n<p class=\"wp-block-paragraph\">Wir wollen miteinander sprechen.<\/p>\n\n\n\n<p class=\"wp-block-paragraph\">Wir wollen voneinander lernen.<\/p>\n\n\n\n<p class=\"wp-block-paragraph\">Und wir wollen n\u00e4chste Schritte finden.<\/p>\n\n\n\n<p class=\"wp-block-paragraph\">Wir freuen uns auf eure Teilnahme!<\/p>\n\n\n\n<p class=\"wp-block-paragraph\">Mehr Infos zum Programm und Barrierefreiheit folgen bald.<\/p>\n\n\n\n<div style=\"height:30px\" aria-hidden=\"true\" class=\"wp-block-spacer\"><\/div>\n\n\n\n<p class=\"wp-block-paragraph\"><strong>Would you like to become part of the MoselPop network?<\/strong><\/p>\n\n\n\n<p class=\"wp-block-paragraph\">Further information can be found at:<\/p>\n\n\n\n<p class=\"wp-block-paragraph\">\ud83d\udc49 <a href=\"http:\/\/www.moselpop.de\">www.moselpop.de<\/a><\/p>\n\n\n\n<p class=\"wp-block-paragraph\">We look forward to seeing you!<\/p>\n\n\n\n<a href=\"https:\/\/moselpop.de\/\">\n    <button>\u00bb Take part in MoselPop!<\/button>\n  <\/a>\n\n\n\n<div style=\"height:30px\" aria-hidden=\"true\" class=\"wp-block-spacer\"><\/div>\n\n\n\n<figure class=\"wp-block-image size-full\"><img fetchpriority=\"high\" decoding=\"async\" width=\"800\" height=\"800\" src=\"https:\/\/kuka-trier.de\/wp-content\/uploads\/2025\/02\/KulturkarawanePaulusplatz2024-31-1-1.jpg\" alt=\"\" class=\"wp-image-7090\" srcset=\"https:\/\/kuka-trier.de\/wp-content\/uploads\/2025\/02\/KulturkarawanePaulusplatz2024-31-1-1.jpg 800w, https:\/\/kuka-trier.de\/wp-content\/uploads\/2025\/02\/KulturkarawanePaulusplatz2024-31-1-1-300x300.jpg 300w, https:\/\/kuka-trier.de\/wp-content\/uploads\/2025\/02\/KulturkarawanePaulusplatz2024-31-1-1-150x150.jpg 150w, https:\/\/kuka-trier.de\/wp-content\/uploads\/2025\/02\/KulturkarawanePaulusplatz2024-31-1-1-768x768.jpg 768w, https:\/\/kuka-trier.de\/wp-content\/uploads\/2025\/02\/KulturkarawanePaulusplatz2024-31-1-1-12x12.jpg 12w\" sizes=\"(max-width: 800px) 100vw, 800px\" \/><\/figure>\n\n\n\n<p class=\"wp-block-paragraph\"><strong>YOU ARE CULTURE!<\/strong><\/p>\n\n\n\n<p class=\"wp-block-paragraph\">YOUR support is important so that we can continue to offer low-threshold, participative and accessible culture in your region in the future! We want to give you a good time and expand your heart with the common language of music. You can support us in many ways. You can find out exactly how here:<\/p>\n\n\n\n<a href=\"\/en\/unterstuetzen\/\">\n    <button>\u00bb Yes, I want to be part of the culture!<\/button>\n  <\/a>\n\n\n\n<p class=\"wp-block-paragraph\"><\/p>","protected":false},"excerpt":{"rendered":"<p>MoselPop Meet-up<br \/>\n24 October 2026 - tbd.<br \/>TUFA Trier<\/p>","protected":false},"author":9,"featured_media":7015,"comment_status":"closed","ping_status":"open","sticky":false,"template":"","format":"standard","meta":{"_jf_save_progress":"","footnotes":""},"categories":[43],"tags":[69,98],"class_list":["post-8931","post","type-post","status-publish","format-standard","has-post-thumbnail","hentry","category-begegnungen","tag-kein-button","tag-moselpop"],"yoast_head":"<!-- This site is optimized with the Yoast SEO plugin v28.4 - https:\/\/yoast.com\/product\/yoast-seo-wordpress\/ -->\n<title>MoselPop Meet Up - Inklusion auf Musikveranstaltungen<\/title>\n<meta name=\"description\" content=\"Im Rahmen des Projekts MoselPop laden wir am 24. Oktober zu einem Meet &amp; Greet in die TUFA Trier ein \u2013 in Kooperation mit popRLP.\" \/>\n<meta name=\"robots\" content=\"index, follow, max-snippet:-1, max-image-preview:large, max-video-preview:-1\" \/>\n<link rel=\"canonical\" href=\"https:\/\/kuka-trier.de\/en\/moselpop-meet-greet-tufa-trier\/\" \/>\n<meta property=\"og:locale\" content=\"en_GB\" \/>\n<meta property=\"og:type\" content=\"article\" \/>\n<meta property=\"og:title\" content=\"MoselPop Meet Up - Inklusion auf Musikveranstaltungen\" \/>\n<meta property=\"og:description\" content=\"Im Rahmen des Projekts MoselPop laden wir am 24. Oktober zu einem Meet &amp; Greet in die TUFA Trier ein \u2013 in Kooperation mit popRLP.\" \/>\n<meta property=\"og:url\" content=\"https:\/\/kuka-trier.de\/en\/moselpop-meet-greet-tufa-trier\/\" \/>\n<meta property=\"og:site_name\" content=\"Kulturkarawane Trier\" \/>\n<meta property=\"article:published_time\" content=\"2026-04-14T09:28:19+00:00\" \/>\n<meta property=\"article:modified_time\" content=\"2026-09-04T09:45:04+00:00\" \/>\n<meta property=\"og:image\" content=\"https:\/\/kuka-trier.de\/wp-content\/uploads\/2024\/12\/MOP-_Logo-Farbe-Klein.png\" \/>\n\t<meta property=\"og:image:width\" content=\"854\" \/>\n\t<meta property=\"og:image:height\" content=\"422\" \/>\n\t<meta property=\"og:image:type\" content=\"image\/png\" \/>\n<meta name=\"author\" content=\"KuKaMa\" \/>\n<meta name=\"twitter:card\" content=\"summary_large_image\" \/>\n<meta name=\"twitter:label1\" content=\"Written by\" \/>\n\t<meta name=\"twitter:data1\" content=\"KuKaMa\" \/>\n\t<meta name=\"twitter:label2\" content=\"Estimated reading time\" \/>\n\t<meta name=\"twitter:data2\" content=\"3 minutes\" \/>\n<script type=\"application\/ld+json\" class=\"yoast-schema-graph\">{\"@context\":\"https:\\\/\\\/schema.org\",\"@graph\":[{\"@type\":\"Article\",\"@id\":\"https:\\\/\\\/kuka-trier.de\\\/moselpop-meet-greet-tufa-trier\\\/#article\",\"isPartOf\":{\"@id\":\"https:\\\/\\\/kuka-trier.de\\\/moselpop-meet-greet-tufa-trier\\\/\"},\"author\":{\"name\":\"KuKaMa\",\"@id\":\"https:\\\/\\\/kuka-trier.de\\\/#\\\/schema\\\/person\\\/d1c0e42b2f41e72ce79de2d842bd287c\"},\"headline\":\"MoselPop Meet Up &#8211; Inklusion auf Musikveranstaltungen\",\"datePublished\":\"2026-04-14T09:28:19+00:00\",\"dateModified\":\"2026-09-04T09:45:04+00:00\",\"mainEntityOfPage\":{\"@id\":\"https:\\\/\\\/kuka-trier.de\\\/moselpop-meet-greet-tufa-trier\\\/\"},\"wordCount\":462,\"publisher\":{\"@id\":\"https:\\\/\\\/kuka-trier.de\\\/#organization\"},\"image\":{\"@id\":\"https:\\\/\\\/kuka-trier.de\\\/moselpop-meet-greet-tufa-trier\\\/#primaryimage\"},\"thumbnailUrl\":\"https:\\\/\\\/kuka-trier.de\\\/wp-content\\\/uploads\\\/2024\\\/12\\\/MOP-_Logo-Farbe-Klein.png\",\"keywords\":[\"Kein Button\",\"MoselPop\"],\"articleSection\":[\"Begegnungen\"],\"inLanguage\":\"en-GB\"},{\"@type\":\"WebPage\",\"@id\":\"https:\\\/\\\/kuka-trier.de\\\/moselpop-meet-greet-tufa-trier\\\/\",\"url\":\"https:\\\/\\\/kuka-trier.de\\\/moselpop-meet-greet-tufa-trier\\\/\",\"name\":\"MoselPop Meet Up - Inklusion auf Musikveranstaltungen\",\"isPartOf\":{\"@id\":\"https:\\\/\\\/kuka-trier.de\\\/#website\"},\"primaryImageOfPage\":{\"@id\":\"https:\\\/\\\/kuka-trier.de\\\/moselpop-meet-greet-tufa-trier\\\/#primaryimage\"},\"image\":{\"@id\":\"https:\\\/\\\/kuka-trier.de\\\/moselpop-meet-greet-tufa-trier\\\/#primaryimage\"},\"thumbnailUrl\":\"https:\\\/\\\/kuka-trier.de\\\/wp-content\\\/uploads\\\/2024\\\/12\\\/MOP-_Logo-Farbe-Klein.png\",\"datePublished\":\"2026-04-14T09:28:19+00:00\",\"dateModified\":\"2026-09-04T09:45:04+00:00\",\"description\":\"Im Rahmen des Projekts MoselPop laden wir am 24. Oktober zu einem Meet & Greet in die TUFA Trier ein \u2013 in Kooperation mit popRLP.\",\"breadcrumb\":{\"@id\":\"https:\\\/\\\/kuka-trier.de\\\/moselpop-meet-greet-tufa-trier\\\/#breadcrumb\"},\"inLanguage\":\"en-GB\",\"potentialAction\":[{\"@type\":\"ReadAction\",\"target\":[\"https:\\\/\\\/kuka-trier.de\\\/moselpop-meet-greet-tufa-trier\\\/\"]}]},{\"@type\":\"ImageObject\",\"inLanguage\":\"en-GB\",\"@id\":\"https:\\\/\\\/kuka-trier.de\\\/moselpop-meet-greet-tufa-trier\\\/#primaryimage\",\"url\":\"https:\\\/\\\/kuka-trier.de\\\/wp-content\\\/uploads\\\/2024\\\/12\\\/MOP-_Logo-Farbe-Klein.png\",\"contentUrl\":\"https:\\\/\\\/kuka-trier.de\\\/wp-content\\\/uploads\\\/2024\\\/12\\\/MOP-_Logo-Farbe-Klein.png\",\"width\":854,\"height\":422},{\"@type\":\"BreadcrumbList\",\"@id\":\"https:\\\/\\\/kuka-trier.de\\\/moselpop-meet-greet-tufa-trier\\\/#breadcrumb\",\"itemListElement\":[{\"@type\":\"ListItem\",\"position\":1,\"name\":\"Startseite\",\"item\":\"https:\\\/\\\/kuka-trier.de\\\/\"},{\"@type\":\"ListItem\",\"position\":2,\"name\":\"MoselPop Meet Up &#8211; Inklusion auf Musikveranstaltungen\"}]},{\"@type\":\"WebSite\",\"@id\":\"https:\\\/\\\/kuka-trier.de\\\/#website\",\"url\":\"https:\\\/\\\/kuka-trier.de\\\/\",\"name\":\"Kulturkarawane Trier\",\"description\":\"BuntERleben\",\"publisher\":{\"@id\":\"https:\\\/\\\/kuka-trier.de\\\/#organization\"},\"potentialAction\":[{\"@type\":\"SearchAction\",\"target\":{\"@type\":\"EntryPoint\",\"urlTemplate\":\"https:\\\/\\\/kuka-trier.de\\\/?s={search_term_string}\"},\"query-input\":{\"@type\":\"PropertyValueSpecification\",\"valueRequired\":true,\"valueName\":\"search_term_string\"}}],\"inLanguage\":\"en-GB\"},{\"@type\":\"Organization\",\"@id\":\"https:\\\/\\\/kuka-trier.de\\\/#organization\",\"name\":\"Kulturkarawane Trier\",\"url\":\"https:\\\/\\\/kuka-trier.de\\\/\",\"logo\":{\"@type\":\"ImageObject\",\"inLanguage\":\"en-GB\",\"@id\":\"https:\\\/\\\/kuka-trier.de\\\/#\\\/schema\\\/logo\\\/image\\\/\",\"url\":\"https:\\\/\\\/kuka-trier.de\\\/wp-content\\\/uploads\\\/2022\\\/02\\\/cropped-KK19_Logo_color_26-12_web.png\",\"contentUrl\":\"https:\\\/\\\/kuka-trier.de\\\/wp-content\\\/uploads\\\/2022\\\/02\\\/cropped-KK19_Logo_color_26-12_web.png\",\"width\":822,\"height\":340,\"caption\":\"Kulturkarawane Trier\"},\"image\":{\"@id\":\"https:\\\/\\\/kuka-trier.de\\\/#\\\/schema\\\/logo\\\/image\\\/\"}},{\"@type\":\"Person\",\"@id\":\"https:\\\/\\\/kuka-trier.de\\\/#\\\/schema\\\/person\\\/d1c0e42b2f41e72ce79de2d842bd287c\",\"name\":\"KuKaMa\",\"image\":{\"@type\":\"ImageObject\",\"inLanguage\":\"en-GB\",\"@id\":\"https:\\\/\\\/secure.gravatar.com\\\/avatar\\\/7fb0d6905f53b797e8b6020b07a78f10b315927c6c0299a0cbc7eb8262b67c0e?s=96&d=mm&r=g\",\"url\":\"https:\\\/\\\/secure.gravatar.com\\\/avatar\\\/7fb0d6905f53b797e8b6020b07a78f10b315927c6c0299a0cbc7eb8262b67c0e?s=96&d=mm&r=g\",\"contentUrl\":\"https:\\\/\\\/secure.gravatar.com\\\/avatar\\\/7fb0d6905f53b797e8b6020b07a78f10b315927c6c0299a0cbc7eb8262b67c0e?s=96&d=mm&r=g\",\"caption\":\"KuKaMa\"},\"url\":\"https:\\\/\\\/kuka-trier.de\\\/en\\\/author\\\/kukama\\\/\"}]}<\/script>\n<!-- \/ Yoast SEO plugin. -->","yoast_head_json":{"title":"MoselPop Meet Up - Inklusion auf Musikveranstaltungen","description":"As part of the MoselPop project, we are hosting a meet-and-greet at TUFA Trier on 24 October \u2013 in collaboration with popRLP.","robots":{"index":"index","follow":"follow","max-snippet":"max-snippet:-1","max-image-preview":"max-image-preview:large","max-video-preview":"max-video-preview:-1"},"canonical":"https:\/\/kuka-trier.de\/en\/moselpop-meet-greet-tufa-trier\/","og_locale":"en_GB","og_type":"article","og_title":"MoselPop Meet Up - Inklusion auf Musikveranstaltungen","og_description":"Im Rahmen des Projekts MoselPop laden wir am 24. Oktober zu einem Meet & Greet in die TUFA Trier ein \u2013 in Kooperation mit popRLP.","og_url":"https:\/\/kuka-trier.de\/en\/moselpop-meet-greet-tufa-trier\/","og_site_name":"Kulturkarawane Trier","article_published_time":"2026-04-14T09:28:19+00:00","article_modified_time":"2026-09-04T09:45:04+00:00","og_image":[{"width":854,"height":422,"url":"https:\/\/kuka-trier.de\/wp-content\/uploads\/2024\/12\/MOP-_Logo-Farbe-Klein.png","type":"image\/png"}],"author":"KuKaMa","twitter_card":"summary_large_image","twitter_misc":{"Written by":"KuKaMa","Estimated reading time":"3 minutes"},"schema":{"@context":"https:\/\/schema.org","@graph":[{"@type":"Article","@id":"https:\/\/kuka-trier.de\/moselpop-meet-greet-tufa-trier\/#article","isPartOf":{"@id":"https:\/\/kuka-trier.de\/moselpop-meet-greet-tufa-trier\/"},"author":{"name":"KuKaMa","@id":"https:\/\/kuka-trier.de\/#\/schema\/person\/d1c0e42b2f41e72ce79de2d842bd287c"},"headline":"MoselPop Meet Up &#8211; Inklusion auf Musikveranstaltungen","datePublished":"2026-04-14T09:28:19+00:00","dateModified":"2026-09-04T09:45:04+00:00","mainEntityOfPage":{"@id":"https:\/\/kuka-trier.de\/moselpop-meet-greet-tufa-trier\/"},"wordCount":462,"publisher":{"@id":"https:\/\/kuka-trier.de\/#organization"},"image":{"@id":"https:\/\/kuka-trier.de\/moselpop-meet-greet-tufa-trier\/#primaryimage"},"thumbnailUrl":"https:\/\/kuka-trier.de\/wp-content\/uploads\/2024\/12\/MOP-_Logo-Farbe-Klein.png","keywords":["Kein Button","MoselPop"],"articleSection":["Begegnungen"],"inLanguage":"en-GB"},{"@type":"WebPage","@id":"https:\/\/kuka-trier.de\/moselpop-meet-greet-tufa-trier\/","url":"https:\/\/kuka-trier.de\/moselpop-meet-greet-tufa-trier\/","name":"MoselPop Meet Up - Inklusion auf Musikveranstaltungen","isPartOf":{"@id":"https:\/\/kuka-trier.de\/#website"},"primaryImageOfPage":{"@id":"https:\/\/kuka-trier.de\/moselpop-meet-greet-tufa-trier\/#primaryimage"},"image":{"@id":"https:\/\/kuka-trier.de\/moselpop-meet-greet-tufa-trier\/#primaryimage"},"thumbnailUrl":"https:\/\/kuka-trier.de\/wp-content\/uploads\/2024\/12\/MOP-_Logo-Farbe-Klein.png","datePublished":"2026-04-14T09:28:19+00:00","dateModified":"2026-09-04T09:45:04+00:00","description":"As part of the MoselPop project, we are hosting a meet-and-greet at TUFA Trier on 24 October \u2013 in collaboration with popRLP.","breadcrumb":{"@id":"https:\/\/kuka-trier.de\/moselpop-meet-greet-tufa-trier\/#breadcrumb"},"inLanguage":"en-GB","potentialAction":[{"@type":"ReadAction","target":["https:\/\/kuka-trier.de\/moselpop-meet-greet-tufa-trier\/"]}]},{"@type":"ImageObject","inLanguage":"en-GB","@id":"https:\/\/kuka-trier.de\/moselpop-meet-greet-tufa-trier\/#primaryimage","url":"https:\/\/kuka-trier.de\/wp-content\/uploads\/2024\/12\/MOP-_Logo-Farbe-Klein.png","contentUrl":"https:\/\/kuka-trier.de\/wp-content\/uploads\/2024\/12\/MOP-_Logo-Farbe-Klein.png","width":854,"height":422},{"@type":"BreadcrumbList","@id":"https:\/\/kuka-trier.de\/moselpop-meet-greet-tufa-trier\/#breadcrumb","itemListElement":[{"@type":"ListItem","position":1,"name":"Startseite","item":"https:\/\/kuka-trier.de\/"},{"@type":"ListItem","position":2,"name":"MoselPop Meet Up &#8211; Inklusion auf Musikveranstaltungen"}]},{"@type":"WebSite","@id":"https:\/\/kuka-trier.de\/#website","url":"https:\/\/kuka-trier.de\/","name":"Kulturkarawane Trier","description":"Colourful experience","publisher":{"@id":"https:\/\/kuka-trier.de\/#organization"},"potentialAction":[{"@type":"SearchAction","target":{"@type":"EntryPoint","urlTemplate":"https:\/\/kuka-trier.de\/?s={search_term_string}"},"query-input":{"@type":"PropertyValueSpecification","valueRequired":true,"valueName":"search_term_string"}}],"inLanguage":"en-GB"},{"@type":"Organization","@id":"https:\/\/kuka-trier.de\/#organization","name":"Kulturkarawane Trier","url":"https:\/\/kuka-trier.de\/","logo":{"@type":"ImageObject","inLanguage":"en-GB","@id":"https:\/\/kuka-trier.de\/#\/schema\/logo\/image\/","url":"https:\/\/kuka-trier.de\/wp-content\/uploads\/2022\/02\/cropped-KK19_Logo_color_26-12_web.png","contentUrl":"https:\/\/kuka-trier.de\/wp-content\/uploads\/2022\/02\/cropped-KK19_Logo_color_26-12_web.png","width":822,"height":340,"caption":"Kulturkarawane Trier"},"image":{"@id":"https:\/\/kuka-trier.de\/#\/schema\/logo\/image\/"}},{"@type":"Person","@id":"https:\/\/kuka-trier.de\/#\/schema\/person\/d1c0e42b2f41e72ce79de2d842bd287c","name":"KuKaMa","image":{"@type":"ImageObject","inLanguage":"en-GB","@id":"https:\/\/secure.gravatar.com\/avatar\/7fb0d6905f53b797e8b6020b07a78f10b315927c6c0299a0cbc7eb8262b67c0e?s=96&d=mm&r=g","url":"https:\/\/secure.gravatar.com\/avatar\/7fb0d6905f53b797e8b6020b07a78f10b315927c6c0299a0cbc7eb8262b67c0e?s=96&d=mm&r=g","contentUrl":"https:\/\/secure.gravatar.com\/avatar\/7fb0d6905f53b797e8b6020b07a78f10b315927c6c0299a0cbc7eb8262b67c0e?s=96&d=mm&r=g","caption":"KuKaMa"},"url":"https:\/\/kuka-trier.de\/en\/author\/kukama\/"}]}},"_links":{"self":[{"href":"https:\/\/kuka-trier.de\/en\/wp-json\/wp\/v2\/posts\/8931","targetHints":{"allow":["GET"]}}],"collection":[{"href":"https:\/\/kuka-trier.de\/en\/wp-json\/wp\/v2\/posts"}],"about":[{"href":"https:\/\/kuka-trier.de\/en\/wp-json\/wp\/v2\/types\/post"}],"author":[{"embeddable":true,"href":"https:\/\/kuka-trier.de\/en\/wp-json\/wp\/v2\/users\/9"}],"replies":[{"embeddable":true,"href":"https:\/\/kuka-trier.de\/en\/wp-json\/wp\/v2\/comments?post=8931"}],"version-history":[{"count":6,"href":"https:\/\/kuka-trier.de\/en\/wp-json\/wp\/v2\/posts\/8931\/revisions"}],"predecessor-version":[{"id":9179,"href":"https:\/\/kuka-trier.de\/en\/wp-json\/wp\/v2\/posts\/8931\/revisions\/9179"}],"wp:featuredmedia":[{"embeddable":true,"href":"https:\/\/kuka-trier.de\/en\/wp-json\/wp\/v2\/media\/7015"}],"wp:attachment":[{"href":"https:\/\/kuka-trier.de\/en\/wp-json\/wp\/v2\/media?parent=8931"}],"wp:term":[{"taxonomy":"category","embeddable":true,"href":"https:\/\/kuka-trier.de\/en\/wp-json\/wp\/v2\/categories?post=8931"},{"taxonomy":"post_tag","embeddable":true,"href":"https:\/\/kuka-trier.de\/en\/wp-json\/wp\/v2\/tags?post=8931"}],"curies":[{"name":"wp","href":"https:\/\/api.w.org\/{rel}","templated":true}]}}