{"id":9201,"date":"2026-09-04T12:31:58","date_gmt":"2026-09-04T12:31:58","guid":{"rendered":"https:\/\/kuka-trier.de\/?p=9201"},"modified":"2026-09-04T12:32:00","modified_gmt":"2026-09-04T12:32:00","slug":"september-sued-sause","status":"publish","type":"post","link":"https:\/\/kuka-trier.de\/en\/september-sued-sause\/","title":{"rendered":"September South Sause"},"content":{"rendered":"<p class=\"wp-block-paragraph\"><strong>Nachbarschaft, Zirkus und Livemusik auf dem Hubert-Neuerburg-Platz<\/strong><\/p>\n\n\n\n<p class=\"wp-block-paragraph\">As part of the Kultursommer series of events <strong>\u201eTraces of sound - a journey through Trier\u201c<\/strong> makes our mobile e-bike<strong>Stage Maja<\/strong> in Trier-S\u00fcd Halt. Gemeinsam mit dem <strong>Trier-South Local Advisory Council<\/strong> and the <strong>Kulturgraben<\/strong> l\u00e4dt die Kulturkarawane zur <strong>September South Sause<\/strong> auf den Hubert-Neuerburg-Platz ein. Am <strong>26.09. ab 14 Uhr <\/strong>hei\u00dft es: zusammenkommen, Musik h\u00f6ren, spielen und einen entspannten Nachmittag in der Nachbarschaft verbringen.<\/p>\n\n\n\n<p class=\"wp-block-paragraph\">Los geht es um <strong>2 p.m.<\/strong> mit Musik, Kinderspielen und Buttonmaschine. Mit dabei ist auch die <strong>Local Agenda 21 Trier<\/strong> mit ihrem <strong>Weltverteilungsspiel<\/strong>. Spielerisch wird dabei sichtbar, wie Bev\u00f6lkerung, Wohlstand und Ressourcen auf unserer Welt verteilt sind \u2013 und wo gro\u00dfe Unterschiede bestehen.<\/p>\n\n\n\n<p class=\"wp-block-paragraph\">To <strong>15 Uhr<\/strong> wird es wunderbar, wahnsinnig und verwegen: Das <strong>Stelzentheater Circolo<\/strong> pr\u00e4sentiert seine One-Man-Akrobatikshow. Die Stelzenl\u00e4uferinnen und Stelzenl\u00e4ufer des Zirkus sind in Trier l\u00e4ngst bekannt. Diesmal gibt es Akrobatik auf Augenh\u00f6he \u2013 \u00fcberraschend, komisch und spektakul\u00e4r. Ein Geheimtipp f\u00fcr Menschen von <strong>1 bis 101 Jahren<\/strong>.<\/p>\n\n\n\n<p class=\"wp-block-paragraph\">Ab <strong>16 Uhr<\/strong> wird die <strong>Stage Maja<\/strong> zur Konzertb\u00fchne. Die mobile E-Bike-B\u00fchne der Kulturkarawane bringt Kultur dorthin, wo die Menschen sind: klein, flexibel und unabh\u00e4ngig von einer gro\u00dfen Veranstaltungsinfrastruktur. So wird an diesem Nachmittag aus dem Hubert-Neuerburg-Platz kurzerhand ein kleiner Konzertort.<\/p>\n\n\n\n<p class=\"wp-block-paragraph\">Auf der B\u00fchne steht das deutsch-t\u00fcrkische Indie-Pop-Projekt <strong>Sinu<\/strong>. S\u00e4nger und Texter <strong>Sinan K\u00f6yl\u00fc<\/strong> schreibt Songs auf Deutsch und T\u00fcrkisch und verbindet poetische Texte mit sph\u00e4rischen Klangwelten, minimalistischen Gitarren und modernen Beats. Seine Musik bewegt sich zwischen leisen, nachdenklichen Momenten und gesellschaftskritischen Themen \u2013 mit Ankl\u00e4ngen an Bon Iver, Ben Howard und Ry X.<\/p>\n\n\n\n<p class=\"wp-block-paragraph\">Der Eintritt erfolgt nach dem Prinzip <strong>\u201ePay what you want\u201c<\/strong>: Jede und jeder gibt, was m\u00f6glich ist.<\/p>\n\n\n\n<p class=\"wp-block-paragraph\">Eigene Getr\u00e4nke und Snacks d\u00fcrfen gerne mitgebracht werden. Wer Nachschub braucht oder eine Toilette sucht, findet beides bei <strong>Marias Caf\u00e9st\u00fcbchen<\/strong> direkt um die Ecke.<\/p>\n\n\n\n<p class=\"wp-block-paragraph\">Die Veranstaltung findet statt im Rahmen der &#8222;Klangspuren&#8220; Reihe der Kulturkarawane. Wir bedanken uns bei unserer F\u00f6rderpartnern und Sponsoren: Kultursommer Rheinland-Pfalz, Stadt Trier, Sparkasse Trier und SWT<\/p>\n\n\n\n<figure class=\"wp-block-image size-full\"><img fetchpriority=\"high\" decoding=\"async\" width=\"2000\" height=\"1334\" src=\"https:\/\/kuka-trier.de\/wp-content\/uploads\/2026\/09\/sinu_press_csevinj-yusifova.jpg\" alt=\"Ein junger Mann im Profil mit Baseballkappe und Hoodie\" class=\"wp-image-9202\" srcset=\"https:\/\/kuka-trier.de\/wp-content\/uploads\/2026\/09\/sinu_press_csevinj-yusifova.jpg 2000w, https:\/\/kuka-trier.de\/wp-content\/uploads\/2026\/09\/sinu_press_csevinj-yusifova-300x200.jpg 300w, https:\/\/kuka-trier.de\/wp-content\/uploads\/2026\/09\/sinu_press_csevinj-yusifova-1024x683.jpg 1024w, https:\/\/kuka-trier.de\/wp-content\/uploads\/2026\/09\/sinu_press_csevinj-yusifova-768x512.jpg 768w, https:\/\/kuka-trier.de\/wp-content\/uploads\/2026\/09\/sinu_press_csevinj-yusifova-1536x1025.jpg 1536w, https:\/\/kuka-trier.de\/wp-content\/uploads\/2026\/09\/sinu_press_csevinj-yusifova-18x12.jpg 18w\" sizes=\"(max-width: 2000px) 100vw, 2000px\" \/><figcaption class=\"wp-element-caption\">SINU \u00a9Sevinj Yusifova<\/figcaption><\/figure>\n\n\n\n<div style=\"height:30px\" aria-hidden=\"true\" class=\"wp-block-spacer\"><\/div>\n\n\n\n<h3 class=\"wp-block-heading\"><strong>SINU<\/strong><\/h3>\n\n\n\n<p class=\"wp-block-paragraph\">SINU ist ein deutsch-t\u00fcrkisches Indie-Pop Projekt aus K\u00f6ln \/\/ Istanbul. Tiefgehende Vibes, sph\u00e4rische Klangwelten mit flirrenden, lyrischen Texten, die die deutsche Sprache geschickt und ungewohnt musikalisch einsetzen. Gef\u00fchlvoll, aufgeweckt, nachdenklich, gesellschaftskritisch.<\/p>\n\n\n\n<p class=\"wp-block-paragraph\">In einer bilingualen Kindheit verwurzelt schreibt <strong>S\u00e4nger und Texter Sinan K\u00f6yl\u00fc<\/strong> Songs auf deutsch und t\u00fcrkisch, die durch ihren Klangreichtum, ihre poetische Qualit\u00e4t und Sch\u00f6nheit, den Raum erf\u00fcllen und g\u00e4ngige<br>Sprachklischees des Deutschen wie des T\u00fcrkischen ad acta legen. Musik, die nicht egal ist. Musik die das Publikum packen, wach- und aufr\u00fctteln will. Treibende Beats, eine ungewohnt tiefe Stimme, die immer wieder pl\u00f6tzlich ins Falsett ausbricht, minimalistisch Gitarren und ein kathartischer Vibe zeichnen die Musik von<br>SINU aus und erinnern an gro\u00dfe Vorbilder wie Bon Iver, Ben Howard, Ry X. Von Liebe, Rausch,<br>Verg\u00e4nglichkeit hin zu Rassismus- und Konsumkritik, widmet sich SINU auch jenen<br>wichtigen Themen, die in der deutschsprachigen Poplandschaft zu wenig Beachtung finden.<\/p>\n\n\n\n<figure class=\"wp-block-image size-full\"><img decoding=\"async\" width=\"1000\" height=\"667\" src=\"https:\/\/kuka-trier.de\/wp-content\/uploads\/2025\/07\/Buehne-Maja_Echterlive-5.jpg\" alt=\"B\u00fchne Maja\" class=\"wp-image-8306\" srcset=\"https:\/\/kuka-trier.de\/wp-content\/uploads\/2025\/07\/Buehne-Maja_Echterlive-5.jpg 1000w, https:\/\/kuka-trier.de\/wp-content\/uploads\/2025\/07\/Buehne-Maja_Echterlive-5-300x200.jpg 300w, https:\/\/kuka-trier.de\/wp-content\/uploads\/2025\/07\/Buehne-Maja_Echterlive-5-768x512.jpg 768w, https:\/\/kuka-trier.de\/wp-content\/uploads\/2025\/07\/Buehne-Maja_Echterlive-5-18x12.jpg 18w\" sizes=\"(max-width: 1000px) 100vw, 1000px\" \/><figcaption class=\"wp-element-caption\">Stage Maja<\/figcaption><\/figure>\n\n\n\n<div style=\"height:30px\" aria-hidden=\"true\" class=\"wp-block-spacer\"><\/div>\n\n\n\n<h3 class=\"wp-block-heading\"><strong>Information on accessibility<\/strong><\/h3>\n\n\n\n<p class=\"wp-block-paragraph\">\u00dcber die Barrierefreiheit der Veranstaltung informieren wir euch zeitnah. <\/p>\n\n\n\n<p class=\"wp-block-paragraph\"><strong>YOU ARE CULTURE!<\/strong><\/p>\n\n\n\n<p class=\"wp-block-paragraph\">YOUR support is important so that we can continue to offer low-threshold, participative and accessible culture in your region in the future! We want to give you a good time and expand your heart with the common language of music. You can support us in many ways. You can find out exactly how here:<\/p>\n\n\n\n<a href=\"\/en\/unterstuetzen\/\">\n    <button>\u00bb Yes, I want to be part of the culture!<\/button>\n  <\/a>\n\n\n\n<p class=\"wp-block-paragraph\"><\/p>","protected":false},"excerpt":{"rendered":"<p>Soundtracks 2026 <br \/>\n26 September 2026 \u00b7 2.00 pm<br \/>Trier, Hubert-Neuerburg-Platz<\/p>","protected":false},"author":9,"featured_media":9202,"comment_status":"closed","ping_status":"open","sticky":false,"template":"","format":"standard","meta":{"_jf_save_progress":"","footnotes":""},"categories":[43],"tags":[69,106,94],"class_list":["post-9201","post","type-post","status-publish","format-standard","has-post-thumbnail","hentry","category-begegnungen","tag-kein-button","tag-klangspuren","tag-konzert"],"yoast_head":"<!-- This site is optimized with the Yoast SEO plugin v28.4 - https:\/\/yoast.com\/product\/yoast-seo-wordpress\/ -->\n<title>Klangspuren | September S\u00fcd Sause mit SINU | Kulturkarawane<\/title>\n<meta name=\"description\" content=\"September S\u00fcd Sause. Nachbarschaft, Zirkus und Livemusik auf dem Hubert-Neuerburg-Platz in Trier-S\u00fcd. Mit SINU.\" \/>\n<meta name=\"robots\" content=\"index, follow, max-snippet:-1, max-image-preview:large, max-video-preview:-1\" \/>\n<link rel=\"canonical\" href=\"https:\/\/kuka-trier.de\/en\/september-sued-sause\/\" \/>\n<meta property=\"og:locale\" content=\"en_GB\" \/>\n<meta property=\"og:type\" content=\"article\" \/>\n<meta property=\"og:title\" content=\"Klangspuren | September S\u00fcd Sause mit SINU | Kulturkarawane\" \/>\n<meta property=\"og:description\" content=\"September S\u00fcd Sause. Nachbarschaft, Zirkus und Livemusik auf dem Hubert-Neuerburg-Platz in Trier-S\u00fcd. Mit SINU.\" \/>\n<meta property=\"og:url\" content=\"https:\/\/kuka-trier.de\/en\/september-sued-sause\/\" \/>\n<meta property=\"og:site_name\" content=\"Kulturkarawane Trier\" \/>\n<meta property=\"article:published_time\" content=\"2026-09-04T12:31:58+00:00\" \/>\n<meta property=\"article:modified_time\" content=\"2026-09-04T12:32:00+00:00\" \/>\n<meta property=\"og:image\" content=\"https:\/\/kuka-trier.de\/wp-content\/uploads\/2026\/09\/sinu_press_csevinj-yusifova.jpg\" \/>\n\t<meta property=\"og:image:width\" content=\"2000\" \/>\n\t<meta property=\"og:image:height\" content=\"1334\" \/>\n\t<meta property=\"og:image:type\" content=\"image\/jpeg\" \/>\n<meta name=\"author\" content=\"KuKaMa\" \/>\n<meta name=\"twitter:card\" content=\"summary_large_image\" \/>\n<meta name=\"twitter:label1\" content=\"Written by\" \/>\n\t<meta name=\"twitter:data1\" content=\"KuKaMa\" \/>\n\t<meta name=\"twitter:label2\" content=\"Estimated reading time\" \/>\n\t<meta name=\"twitter:data2\" content=\"4 minutes\" \/>\n<script type=\"application\/ld+json\" class=\"yoast-schema-graph\">{\"@context\":\"https:\\\/\\\/schema.org\",\"@graph\":[{\"@type\":\"Article\",\"@id\":\"https:\\\/\\\/kuka-trier.de\\\/september-sued-sause\\\/#article\",\"isPartOf\":{\"@id\":\"https:\\\/\\\/kuka-trier.de\\\/september-sued-sause\\\/\"},\"author\":{\"name\":\"KuKaMa\",\"@id\":\"https:\\\/\\\/kuka-trier.de\\\/#\\\/schema\\\/person\\\/d1c0e42b2f41e72ce79de2d842bd287c\"},\"headline\":\"September S\u00fcd Sause\",\"datePublished\":\"2026-09-04T12:31:58+00:00\",\"dateModified\":\"2026-09-04T12:32:00+00:00\",\"mainEntityOfPage\":{\"@id\":\"https:\\\/\\\/kuka-trier.de\\\/september-sued-sause\\\/\"},\"wordCount\":582,\"publisher\":{\"@id\":\"https:\\\/\\\/kuka-trier.de\\\/#organization\"},\"image\":{\"@id\":\"https:\\\/\\\/kuka-trier.de\\\/september-sued-sause\\\/#primaryimage\"},\"thumbnailUrl\":\"https:\\\/\\\/kuka-trier.de\\\/wp-content\\\/uploads\\\/2026\\\/09\\\/sinu_press_csevinj-yusifova.jpg\",\"keywords\":[\"Kein Button\",\"Klangspuren\",\"Konzert\"],\"articleSection\":[\"Begegnungen\"],\"inLanguage\":\"en-GB\"},{\"@type\":\"WebPage\",\"@id\":\"https:\\\/\\\/kuka-trier.de\\\/september-sued-sause\\\/\",\"url\":\"https:\\\/\\\/kuka-trier.de\\\/september-sued-sause\\\/\",\"name\":\"Klangspuren | September S\u00fcd Sause mit SINU | Kulturkarawane\",\"isPartOf\":{\"@id\":\"https:\\\/\\\/kuka-trier.de\\\/#website\"},\"primaryImageOfPage\":{\"@id\":\"https:\\\/\\\/kuka-trier.de\\\/september-sued-sause\\\/#primaryimage\"},\"image\":{\"@id\":\"https:\\\/\\\/kuka-trier.de\\\/september-sued-sause\\\/#primaryimage\"},\"thumbnailUrl\":\"https:\\\/\\\/kuka-trier.de\\\/wp-content\\\/uploads\\\/2026\\\/09\\\/sinu_press_csevinj-yusifova.jpg\",\"datePublished\":\"2026-09-04T12:31:58+00:00\",\"dateModified\":\"2026-09-04T12:32:00+00:00\",\"description\":\"September S\u00fcd Sause. Nachbarschaft, Zirkus und Livemusik auf dem Hubert-Neuerburg-Platz in Trier-S\u00fcd. Mit SINU.\",\"breadcrumb\":{\"@id\":\"https:\\\/\\\/kuka-trier.de\\\/september-sued-sause\\\/#breadcrumb\"},\"inLanguage\":\"en-GB\",\"potentialAction\":[{\"@type\":\"ReadAction\",\"target\":[\"https:\\\/\\\/kuka-trier.de\\\/september-sued-sause\\\/\"]}]},{\"@type\":\"ImageObject\",\"inLanguage\":\"en-GB\",\"@id\":\"https:\\\/\\\/kuka-trier.de\\\/september-sued-sause\\\/#primaryimage\",\"url\":\"https:\\\/\\\/kuka-trier.de\\\/wp-content\\\/uploads\\\/2026\\\/09\\\/sinu_press_csevinj-yusifova.jpg\",\"contentUrl\":\"https:\\\/\\\/kuka-trier.de\\\/wp-content\\\/uploads\\\/2026\\\/09\\\/sinu_press_csevinj-yusifova.jpg\",\"width\":2000,\"height\":1334,\"caption\":\"SINU \u00a9Sevinj Yusifova\"},{\"@type\":\"BreadcrumbList\",\"@id\":\"https:\\\/\\\/kuka-trier.de\\\/september-sued-sause\\\/#breadcrumb\",\"itemListElement\":[{\"@type\":\"ListItem\",\"position\":1,\"name\":\"Startseite\",\"item\":\"https:\\\/\\\/kuka-trier.de\\\/\"},{\"@type\":\"ListItem\",\"position\":2,\"name\":\"September S\u00fcd Sause\"}]},{\"@type\":\"WebSite\",\"@id\":\"https:\\\/\\\/kuka-trier.de\\\/#website\",\"url\":\"https:\\\/\\\/kuka-trier.de\\\/\",\"name\":\"Kulturkarawane Trier\",\"description\":\"BuntERleben\",\"publisher\":{\"@id\":\"https:\\\/\\\/kuka-trier.de\\\/#organization\"},\"potentialAction\":[{\"@type\":\"SearchAction\",\"target\":{\"@type\":\"EntryPoint\",\"urlTemplate\":\"https:\\\/\\\/kuka-trier.de\\\/?s={search_term_string}\"},\"query-input\":{\"@type\":\"PropertyValueSpecification\",\"valueRequired\":true,\"valueName\":\"search_term_string\"}}],\"inLanguage\":\"en-GB\"},{\"@type\":\"Organization\",\"@id\":\"https:\\\/\\\/kuka-trier.de\\\/#organization\",\"name\":\"Kulturkarawane Trier\",\"url\":\"https:\\\/\\\/kuka-trier.de\\\/\",\"logo\":{\"@type\":\"ImageObject\",\"inLanguage\":\"en-GB\",\"@id\":\"https:\\\/\\\/kuka-trier.de\\\/#\\\/schema\\\/logo\\\/image\\\/\",\"url\":\"https:\\\/\\\/kuka-trier.de\\\/wp-content\\\/uploads\\\/2022\\\/02\\\/cropped-KK19_Logo_color_26-12_web.png\",\"contentUrl\":\"https:\\\/\\\/kuka-trier.de\\\/wp-content\\\/uploads\\\/2022\\\/02\\\/cropped-KK19_Logo_color_26-12_web.png\",\"width\":822,\"height\":340,\"caption\":\"Kulturkarawane Trier\"},\"image\":{\"@id\":\"https:\\\/\\\/kuka-trier.de\\\/#\\\/schema\\\/logo\\\/image\\\/\"}},{\"@type\":\"Person\",\"@id\":\"https:\\\/\\\/kuka-trier.de\\\/#\\\/schema\\\/person\\\/d1c0e42b2f41e72ce79de2d842bd287c\",\"name\":\"KuKaMa\",\"image\":{\"@type\":\"ImageObject\",\"inLanguage\":\"en-GB\",\"@id\":\"https:\\\/\\\/secure.gravatar.com\\\/avatar\\\/7fb0d6905f53b797e8b6020b07a78f10b315927c6c0299a0cbc7eb8262b67c0e?s=96&d=mm&r=g\",\"url\":\"https:\\\/\\\/secure.gravatar.com\\\/avatar\\\/7fb0d6905f53b797e8b6020b07a78f10b315927c6c0299a0cbc7eb8262b67c0e?s=96&d=mm&r=g\",\"contentUrl\":\"https:\\\/\\\/secure.gravatar.com\\\/avatar\\\/7fb0d6905f53b797e8b6020b07a78f10b315927c6c0299a0cbc7eb8262b67c0e?s=96&d=mm&r=g\",\"caption\":\"KuKaMa\"},\"url\":\"https:\\\/\\\/kuka-trier.de\\\/en\\\/author\\\/kukama\\\/\"}]}<\/script>\n<!-- \/ Yoast SEO plugin. -->","yoast_head_json":{"title":"Klangspuren | September S\u00fcd Sause mit SINU | Kulturkarawane","description":"September S\u00fcd Sause. Nachbarschaft, Zirkus und Livemusik auf dem Hubert-Neuerburg-Platz in Trier-S\u00fcd. Mit SINU.","robots":{"index":"index","follow":"follow","max-snippet":"max-snippet:-1","max-image-preview":"max-image-preview:large","max-video-preview":"max-video-preview:-1"},"canonical":"https:\/\/kuka-trier.de\/en\/september-sued-sause\/","og_locale":"en_GB","og_type":"article","og_title":"Klangspuren | September S\u00fcd Sause mit SINU | Kulturkarawane","og_description":"September S\u00fcd Sause. Nachbarschaft, Zirkus und Livemusik auf dem Hubert-Neuerburg-Platz in Trier-S\u00fcd. Mit SINU.","og_url":"https:\/\/kuka-trier.de\/en\/september-sued-sause\/","og_site_name":"Kulturkarawane Trier","article_published_time":"2026-09-04T12:31:58+00:00","article_modified_time":"2026-09-04T12:32:00+00:00","og_image":[{"width":2000,"height":1334,"url":"https:\/\/kuka-trier.de\/wp-content\/uploads\/2026\/09\/sinu_press_csevinj-yusifova.jpg","type":"image\/jpeg"}],"author":"KuKaMa","twitter_card":"summary_large_image","twitter_misc":{"Written by":"KuKaMa","Estimated reading time":"4 minutes"},"schema":{"@context":"https:\/\/schema.org","@graph":[{"@type":"Article","@id":"https:\/\/kuka-trier.de\/september-sued-sause\/#article","isPartOf":{"@id":"https:\/\/kuka-trier.de\/september-sued-sause\/"},"author":{"name":"KuKaMa","@id":"https:\/\/kuka-trier.de\/#\/schema\/person\/d1c0e42b2f41e72ce79de2d842bd287c"},"headline":"September S\u00fcd Sause","datePublished":"2026-09-04T12:31:58+00:00","dateModified":"2026-09-04T12:32:00+00:00","mainEntityOfPage":{"@id":"https:\/\/kuka-trier.de\/september-sued-sause\/"},"wordCount":582,"publisher":{"@id":"https:\/\/kuka-trier.de\/#organization"},"image":{"@id":"https:\/\/kuka-trier.de\/september-sued-sause\/#primaryimage"},"thumbnailUrl":"https:\/\/kuka-trier.de\/wp-content\/uploads\/2026\/09\/sinu_press_csevinj-yusifova.jpg","keywords":["Kein Button","Klangspuren","Konzert"],"articleSection":["Begegnungen"],"inLanguage":"en-GB"},{"@type":"WebPage","@id":"https:\/\/kuka-trier.de\/september-sued-sause\/","url":"https:\/\/kuka-trier.de\/september-sued-sause\/","name":"Klangspuren | September S\u00fcd Sause mit SINU | Kulturkarawane","isPartOf":{"@id":"https:\/\/kuka-trier.de\/#website"},"primaryImageOfPage":{"@id":"https:\/\/kuka-trier.de\/september-sued-sause\/#primaryimage"},"image":{"@id":"https:\/\/kuka-trier.de\/september-sued-sause\/#primaryimage"},"thumbnailUrl":"https:\/\/kuka-trier.de\/wp-content\/uploads\/2026\/09\/sinu_press_csevinj-yusifova.jpg","datePublished":"2026-09-04T12:31:58+00:00","dateModified":"2026-09-04T12:32:00+00:00","description":"September S\u00fcd Sause. Nachbarschaft, Zirkus und Livemusik auf dem Hubert-Neuerburg-Platz in Trier-S\u00fcd. Mit SINU.","breadcrumb":{"@id":"https:\/\/kuka-trier.de\/september-sued-sause\/#breadcrumb"},"inLanguage":"en-GB","potentialAction":[{"@type":"ReadAction","target":["https:\/\/kuka-trier.de\/september-sued-sause\/"]}]},{"@type":"ImageObject","inLanguage":"en-GB","@id":"https:\/\/kuka-trier.de\/september-sued-sause\/#primaryimage","url":"https:\/\/kuka-trier.de\/wp-content\/uploads\/2026\/09\/sinu_press_csevinj-yusifova.jpg","contentUrl":"https:\/\/kuka-trier.de\/wp-content\/uploads\/2026\/09\/sinu_press_csevinj-yusifova.jpg","width":2000,"height":1334,"caption":"SINU \u00a9Sevinj Yusifova"},{"@type":"BreadcrumbList","@id":"https:\/\/kuka-trier.de\/september-sued-sause\/#breadcrumb","itemListElement":[{"@type":"ListItem","position":1,"name":"Startseite","item":"https:\/\/kuka-trier.de\/"},{"@type":"ListItem","position":2,"name":"September S\u00fcd Sause"}]},{"@type":"WebSite","@id":"https:\/\/kuka-trier.de\/#website","url":"https:\/\/kuka-trier.de\/","name":"Kulturkarawane Trier","description":"Colourful experience","publisher":{"@id":"https:\/\/kuka-trier.de\/#organization"},"potentialAction":[{"@type":"SearchAction","target":{"@type":"EntryPoint","urlTemplate":"https:\/\/kuka-trier.de\/?s={search_term_string}"},"query-input":{"@type":"PropertyValueSpecification","valueRequired":true,"valueName":"search_term_string"}}],"inLanguage":"en-GB"},{"@type":"Organization","@id":"https:\/\/kuka-trier.de\/#organization","name":"Kulturkarawane Trier","url":"https:\/\/kuka-trier.de\/","logo":{"@type":"ImageObject","inLanguage":"en-GB","@id":"https:\/\/kuka-trier.de\/#\/schema\/logo\/image\/","url":"https:\/\/kuka-trier.de\/wp-content\/uploads\/2022\/02\/cropped-KK19_Logo_color_26-12_web.png","contentUrl":"https:\/\/kuka-trier.de\/wp-content\/uploads\/2022\/02\/cropped-KK19_Logo_color_26-12_web.png","width":822,"height":340,"caption":"Kulturkarawane Trier"},"image":{"@id":"https:\/\/kuka-trier.de\/#\/schema\/logo\/image\/"}},{"@type":"Person","@id":"https:\/\/kuka-trier.de\/#\/schema\/person\/d1c0e42b2f41e72ce79de2d842bd287c","name":"KuKaMa","image":{"@type":"ImageObject","inLanguage":"en-GB","@id":"https:\/\/secure.gravatar.com\/avatar\/7fb0d6905f53b797e8b6020b07a78f10b315927c6c0299a0cbc7eb8262b67c0e?s=96&d=mm&r=g","url":"https:\/\/secure.gravatar.com\/avatar\/7fb0d6905f53b797e8b6020b07a78f10b315927c6c0299a0cbc7eb8262b67c0e?s=96&d=mm&r=g","contentUrl":"https:\/\/secure.gravatar.com\/avatar\/7fb0d6905f53b797e8b6020b07a78f10b315927c6c0299a0cbc7eb8262b67c0e?s=96&d=mm&r=g","caption":"KuKaMa"},"url":"https:\/\/kuka-trier.de\/en\/author\/kukama\/"}]}},"_links":{"self":[{"href":"https:\/\/kuka-trier.de\/en\/wp-json\/wp\/v2\/posts\/9201","targetHints":{"allow":["GET"]}}],"collection":[{"href":"https:\/\/kuka-trier.de\/en\/wp-json\/wp\/v2\/posts"}],"about":[{"href":"https:\/\/kuka-trier.de\/en\/wp-json\/wp\/v2\/types\/post"}],"author":[{"embeddable":true,"href":"https:\/\/kuka-trier.de\/en\/wp-json\/wp\/v2\/users\/9"}],"replies":[{"embeddable":true,"href":"https:\/\/kuka-trier.de\/en\/wp-json\/wp\/v2\/comments?post=9201"}],"version-history":[{"count":1,"href":"https:\/\/kuka-trier.de\/en\/wp-json\/wp\/v2\/posts\/9201\/revisions"}],"predecessor-version":[{"id":9203,"href":"https:\/\/kuka-trier.de\/en\/wp-json\/wp\/v2\/posts\/9201\/revisions\/9203"}],"wp:featuredmedia":[{"embeddable":true,"href":"https:\/\/kuka-trier.de\/en\/wp-json\/wp\/v2\/media\/9202"}],"wp:attachment":[{"href":"https:\/\/kuka-trier.de\/en\/wp-json\/wp\/v2\/media?parent=9201"}],"wp:term":[{"taxonomy":"category","embeddable":true,"href":"https:\/\/kuka-trier.de\/en\/wp-json\/wp\/v2\/categories?post=9201"},{"taxonomy":"post_tag","embeddable":true,"href":"https:\/\/kuka-trier.de\/en\/wp-json\/wp\/v2\/tags?post=9201"}],"curies":[{"name":"wp","href":"https:\/\/api.w.org\/{rel}","templated":true}]}}