{"id":1111,"date":"2022-02-28T09:06:00","date_gmt":"2022-02-28T09:06:00","guid":{"rendered":"https:\/\/kuka-trier.de\/?p=1111"},"modified":"2023-05-23T09:12:26","modified_gmt":"2023-05-23T09:12:26","slug":"weltbuergerfruehstueck","status":"publish","type":"post","link":"https:\/\/kuka-trier.de\/fr\/weltbuergerfruehstueck\/","title":{"rendered":"Petit-d\u00e9jeuner des citoyens du monde"},"content":{"rendered":"<div class=\"wp-block-columns is-layout-flex wp-container-core-columns-is-layout-28f84493 wp-block-columns-is-layout-flex\">\n<div class=\"wp-block-column is-layout-flow wp-block-column-is-layout-flow\" style=\"flex-basis:100%\">\n<figure class=\"wp-block-image size-full is-resized\"><img decoding=\"async\" src=\"https:\/\/kuka-trier.de\/wp-content\/uploads\/2022\/06\/logo_la21.png\" alt=\"Lokale Agenda Trier\" class=\"wp-image-1113\" width=\"78\" height=\"76\" srcset=\"https:\/\/kuka-trier.de\/wp-content\/uploads\/2022\/06\/logo_la21.png 449w, https:\/\/kuka-trier.de\/wp-content\/uploads\/2022\/06\/logo_la21-300x292.png 300w\" sizes=\"(max-width: 78px) 100vw, 78px\" \/><\/figure>\n<\/div>\n<\/div>\n\n\n\n<p>Le petit d\u00e9jeuner des citoyens du monde apporte <strong>Depuis une d\u00e9cennie et demie<\/strong> Les gens et les cultures se rassemblent au c\u0153ur de Tr\u00e8ves pour partager un programme sp\u00e9cial de <strong>Des sons entra\u00eenants, de la danse et des discussions<\/strong> Tu peux vivre cette exp\u00e9rience. En 2022, plus d'une douzaine de groupes de la r\u00e9gion seront de la partie pour montrer \u00e0 tous ce que signifie \u00eatre un citoyen du monde:in. Un vaste programme sc\u00e9nique compos\u00e9 de diff\u00e9rents actes musicaux et d'interventions verbales du monde entier t'invite \u00e0 te d\u00e9tendre. De plus, il y aura de superbes <strong>Des activit\u00e9s participatives pour petits et grands<\/strong>Tu pourras aussi d\u00e9couvrir de nombreuses surprises culinaires !<\/p>\n\n\n\n<figure class=\"wp-block-image size-full is-resized\"><img fetchpriority=\"high\" decoding=\"async\" src=\"https:\/\/kuka-trier.de\/wp-content\/uploads\/2022\/07\/KUK-FGC-Kindertag-1.jpg\" alt=\"\" class=\"wp-image-1464\" width=\"459\" height=\"304\" srcset=\"https:\/\/kuka-trier.de\/wp-content\/uploads\/2022\/07\/KUK-FGC-Kindertag-1.jpg 1000w, https:\/\/kuka-trier.de\/wp-content\/uploads\/2022\/07\/KUK-FGC-Kindertag-1-300x200.jpg 300w, https:\/\/kuka-trier.de\/wp-content\/uploads\/2022\/07\/KUK-FGC-Kindertag-1-768x511.jpg 768w\" sizes=\"(max-width: 459px) 100vw, 459px\" \/><\/figure>\n\n\n\n<p>Une particularit\u00e9 cette ann\u00e9e est l'action \u00e0 l'\u00e9chelle de la Rh\u00e9nanie-Palatinat pour le <strong>Journ\u00e9e de la Terre submerg\u00e9e<\/strong> (en fran\u00e7ais : journ\u00e9e de la surcharge de la terre). Avec un pavillon d'action, des organisations et des associations de Tr\u00e8ves attirent l'attention sur leur travail et sur ce grand th\u00e8me. <strong>Utilisation et gaspillage des ressources <\/strong>attentif. Tout au long de la journ\u00e9e, tu y trouveras des offres interactives passionnantes et des possibilit\u00e9s d'information.<\/p>\n\n\n\n<p>Pour la premi\u00e8re fois cette ann\u00e9e, nous coop\u00e9rons \u00e9galement avec le r\u00e9seau musicrlpwomen. Le r\u00e9seau fond\u00e9 en 2021&nbsp;<a href=\"https:\/\/www.musicrlpwomen.de\/\" target=\"_blank\" rel=\"noreferrer noopener\"><strong>musicRLPwomen<\/strong><\/a><strong>*<\/strong>&nbsp;veut attirer l'attention sur le d\u00e9s\u00e9quilibre des genres dans l'industrie de la musique, prendre des contre-mesures et offrir des espaces pour toutes les FLINTA* de l'art, de la culture, des affaires, des m\u00e9dias et de la technique. Lors du petit d\u00e9jeuner des citoyens du monde, le r\u00e9seau t'informera de ses activit\u00e9s. Une r\u00e9union de r\u00e9seau gratuite aura \u00e9galement lieu le m\u00eame jour. Tu trouveras plus d'informations ici.&nbsp;<a href=\"https:\/\/poprlp.de\/mRLPwMeetUpTrier\">https:\/\/poprlp.de\/mRLPwMeetUpTrier<\/a><\/p>\n\n\n\n<p>Le Petit D\u00e9jeuner des Citoyens du Monde est soutenu par le <strong>Conseil local Mitte \/ Gartenfeld.<\/strong> Kulturkarawane et l'Agenda 21 local sont \u00e9galement heureux d'avoir re\u00e7u le soutien g\u00e9n\u00e9reux de <strong>Services municipaux de Tr\u00e8ves.<\/strong><\/p>\n\n\n\n<p>Plus d'infos <a href=\"https:\/\/la21-trier.de\/events\/weltbuergerfruehstueck-2022\/\" target=\"_blank\" rel=\"noreferrer noopener\">https:\/\/la21-trier.de\/events\/weltbuergerfruehstueck-2022\/<\/a><\/p>\n\n\n\n<a href=\"\/fr\/fgctrier\/\">\n    <button>\" Infos sur le Flying Grass Carpet<\/button>\n  <\/a>","protected":false},"excerpt":{"rendered":"<p>TAPIS D'HERBE VOLANT 2022<br \/>\nSamedi 23 juillet - 11h<br \/>\nMarch\u00e9 aux bestiaux de Tr\u00e8ves<\/p>","protected":false},"author":1,"featured_media":1114,"comment_status":"open","ping_status":"open","sticky":false,"template":"","format":"standard","meta":{"_jf_save_progress":"","footnotes":""},"categories":[43],"tags":[13,38,48],"class_list":["post-1111","post","type-post","status-publish","format-standard","has-post-thumbnail","hentry","category-begegnungen","tag-fgc2022","tag-kostenlos","tag-vergangen"],"yoast_head":"<!-- This site is optimized with the Yoast SEO plugin v27.5 - https:\/\/yoast.com\/product\/yoast-seo-wordpress\/ -->\n<title>Weltb\u00fcrgerfr\u00fchst\u00fcck | FLYING GRASS CARPET 2022<\/title>\n<meta name=\"description\" content=\"EINTRITT FREI! Workshops und Gespr\u00e4chsrunden am Samstag, 23. Juli um 11 Uhr auf dem Viehmarkt Trier\" \/>\n<meta name=\"robots\" content=\"index, follow, max-snippet:-1, max-image-preview:large, max-video-preview:-1\" \/>\n<link rel=\"canonical\" href=\"https:\/\/kuka-trier.de\/fr\/weltbuergerfruehstueck\/\" \/>\n<meta property=\"og:locale\" content=\"fr_FR\" \/>\n<meta property=\"og:type\" content=\"article\" \/>\n<meta property=\"og:title\" content=\"Weltb\u00fcrgerfr\u00fchst\u00fcck | FLYING GRASS CARPET 2022\" \/>\n<meta property=\"og:description\" content=\"EINTRITT FREI! Workshops und Gespr\u00e4chsrunden am Samstag, 23. Juli um 11 Uhr auf dem Viehmarkt Trier\" \/>\n<meta property=\"og:url\" content=\"https:\/\/kuka-trier.de\/fr\/weltbuergerfruehstueck\/\" \/>\n<meta property=\"og:site_name\" content=\"Kulturkarawane Trier\" \/>\n<meta property=\"article:published_time\" content=\"2022-02-28T09:06:00+00:00\" \/>\n<meta property=\"article:modified_time\" content=\"2023-05-23T09:12:26+00:00\" \/>\n<meta property=\"og:image\" content=\"https:\/\/kuka-trier.de\/wp-content\/uploads\/2022\/06\/20220723-KUK-FGC-weltbuerger.jpg\" \/>\n\t<meta property=\"og:image:width\" content=\"450\" \/>\n\t<meta property=\"og:image:height\" content=\"300\" \/>\n\t<meta property=\"og:image:type\" content=\"image\/jpeg\" \/>\n<meta name=\"author\" content=\"admin\" \/>\n<meta name=\"twitter:card\" content=\"summary_large_image\" \/>\n<meta name=\"twitter:label1\" content=\"\u00c9crit par\" \/>\n\t<meta name=\"twitter:data1\" content=\"admin\" \/>\n\t<meta name=\"twitter:label2\" content=\"Dur\u00e9e de lecture estim\u00e9e\" \/>\n\t<meta name=\"twitter:data2\" content=\"2 minutes\" \/>\n<script type=\"application\/ld+json\" class=\"yoast-schema-graph\">{\"@context\":\"https:\\\/\\\/schema.org\",\"@graph\":[{\"@type\":\"Article\",\"@id\":\"https:\\\/\\\/kuka-trier.de\\\/weltbuergerfruehstueck\\\/#article\",\"isPartOf\":{\"@id\":\"https:\\\/\\\/kuka-trier.de\\\/weltbuergerfruehstueck\\\/\"},\"author\":{\"name\":\"admin\",\"@id\":\"https:\\\/\\\/kuka-trier.de\\\/#\\\/schema\\\/person\\\/0e70983de674702cd8a6bd6656029617\"},\"headline\":\"Weltb\u00fcrgerfr\u00fchst\u00fcck\",\"datePublished\":\"2022-02-28T09:06:00+00:00\",\"dateModified\":\"2023-05-23T09:12:26+00:00\",\"mainEntityOfPage\":{\"@id\":\"https:\\\/\\\/kuka-trier.de\\\/weltbuergerfruehstueck\\\/\"},\"wordCount\":273,\"commentCount\":0,\"publisher\":{\"@id\":\"https:\\\/\\\/kuka-trier.de\\\/#organization\"},\"image\":{\"@id\":\"https:\\\/\\\/kuka-trier.de\\\/weltbuergerfruehstueck\\\/#primaryimage\"},\"thumbnailUrl\":\"https:\\\/\\\/kuka-trier.de\\\/wp-content\\\/uploads\\\/2022\\\/06\\\/20220723-KUK-FGC-weltbuerger.jpg\",\"keywords\":[\"FGC2022\",\"Kostenlos\",\"Vergangen\"],\"articleSection\":[\"Begegnungen\"],\"inLanguage\":\"fr-FR\",\"potentialAction\":[{\"@type\":\"CommentAction\",\"name\":\"Comment\",\"target\":[\"https:\\\/\\\/kuka-trier.de\\\/weltbuergerfruehstueck\\\/#respond\"]}]},{\"@type\":\"WebPage\",\"@id\":\"https:\\\/\\\/kuka-trier.de\\\/weltbuergerfruehstueck\\\/\",\"url\":\"https:\\\/\\\/kuka-trier.de\\\/weltbuergerfruehstueck\\\/\",\"name\":\"Weltb\u00fcrgerfr\u00fchst\u00fcck | FLYING GRASS CARPET 2022\",\"isPartOf\":{\"@id\":\"https:\\\/\\\/kuka-trier.de\\\/#website\"},\"primaryImageOfPage\":{\"@id\":\"https:\\\/\\\/kuka-trier.de\\\/weltbuergerfruehstueck\\\/#primaryimage\"},\"image\":{\"@id\":\"https:\\\/\\\/kuka-trier.de\\\/weltbuergerfruehstueck\\\/#primaryimage\"},\"thumbnailUrl\":\"https:\\\/\\\/kuka-trier.de\\\/wp-content\\\/uploads\\\/2022\\\/06\\\/20220723-KUK-FGC-weltbuerger.jpg\",\"datePublished\":\"2022-02-28T09:06:00+00:00\",\"dateModified\":\"2023-05-23T09:12:26+00:00\",\"description\":\"EINTRITT FREI! Workshops und Gespr\u00e4chsrunden am Samstag, 23. Juli um 11 Uhr auf dem Viehmarkt Trier\",\"breadcrumb\":{\"@id\":\"https:\\\/\\\/kuka-trier.de\\\/weltbuergerfruehstueck\\\/#breadcrumb\"},\"inLanguage\":\"fr-FR\",\"potentialAction\":[{\"@type\":\"ReadAction\",\"target\":[\"https:\\\/\\\/kuka-trier.de\\\/weltbuergerfruehstueck\\\/\"]}]},{\"@type\":\"ImageObject\",\"inLanguage\":\"fr-FR\",\"@id\":\"https:\\\/\\\/kuka-trier.de\\\/weltbuergerfruehstueck\\\/#primaryimage\",\"url\":\"https:\\\/\\\/kuka-trier.de\\\/wp-content\\\/uploads\\\/2022\\\/06\\\/20220723-KUK-FGC-weltbuerger.jpg\",\"contentUrl\":\"https:\\\/\\\/kuka-trier.de\\\/wp-content\\\/uploads\\\/2022\\\/06\\\/20220723-KUK-FGC-weltbuerger.jpg\",\"width\":450,\"height\":300,\"caption\":\"Weltb\u00fcrgerfr\u00fchst\u00fcck\"},{\"@type\":\"BreadcrumbList\",\"@id\":\"https:\\\/\\\/kuka-trier.de\\\/weltbuergerfruehstueck\\\/#breadcrumb\",\"itemListElement\":[{\"@type\":\"ListItem\",\"position\":1,\"name\":\"Startseite\",\"item\":\"https:\\\/\\\/kuka-trier.de\\\/\"},{\"@type\":\"ListItem\",\"position\":2,\"name\":\"Weltb\u00fcrgerfr\u00fchst\u00fcck\"}]},{\"@type\":\"WebSite\",\"@id\":\"https:\\\/\\\/kuka-trier.de\\\/#website\",\"url\":\"https:\\\/\\\/kuka-trier.de\\\/\",\"name\":\"Kulturkarawane Trier\",\"description\":\"BuntERleben\",\"publisher\":{\"@id\":\"https:\\\/\\\/kuka-trier.de\\\/#organization\"},\"potentialAction\":[{\"@type\":\"SearchAction\",\"target\":{\"@type\":\"EntryPoint\",\"urlTemplate\":\"https:\\\/\\\/kuka-trier.de\\\/?s={search_term_string}\"},\"query-input\":{\"@type\":\"PropertyValueSpecification\",\"valueRequired\":true,\"valueName\":\"search_term_string\"}}],\"inLanguage\":\"fr-FR\"},{\"@type\":\"Organization\",\"@id\":\"https:\\\/\\\/kuka-trier.de\\\/#organization\",\"name\":\"Kulturkarawane Trier\",\"url\":\"https:\\\/\\\/kuka-trier.de\\\/\",\"logo\":{\"@type\":\"ImageObject\",\"inLanguage\":\"fr-FR\",\"@id\":\"https:\\\/\\\/kuka-trier.de\\\/#\\\/schema\\\/logo\\\/image\\\/\",\"url\":\"https:\\\/\\\/kuka-trier.de\\\/wp-content\\\/uploads\\\/2022\\\/02\\\/cropped-KK19_Logo_color_26-12_web.png\",\"contentUrl\":\"https:\\\/\\\/kuka-trier.de\\\/wp-content\\\/uploads\\\/2022\\\/02\\\/cropped-KK19_Logo_color_26-12_web.png\",\"width\":822,\"height\":340,\"caption\":\"Kulturkarawane Trier\"},\"image\":{\"@id\":\"https:\\\/\\\/kuka-trier.de\\\/#\\\/schema\\\/logo\\\/image\\\/\"}},{\"@type\":\"Person\",\"@id\":\"https:\\\/\\\/kuka-trier.de\\\/#\\\/schema\\\/person\\\/0e70983de674702cd8a6bd6656029617\",\"name\":\"admin\",\"image\":{\"@type\":\"ImageObject\",\"inLanguage\":\"fr-FR\",\"@id\":\"https:\\\/\\\/secure.gravatar.com\\\/avatar\\\/9a8eb49d2b2ccb1d3ebbd410bd75a2680c8aff6331ee1e34607e1a7ee6695d39?s=96&d=mm&r=g\",\"url\":\"https:\\\/\\\/secure.gravatar.com\\\/avatar\\\/9a8eb49d2b2ccb1d3ebbd410bd75a2680c8aff6331ee1e34607e1a7ee6695d39?s=96&d=mm&r=g\",\"contentUrl\":\"https:\\\/\\\/secure.gravatar.com\\\/avatar\\\/9a8eb49d2b2ccb1d3ebbd410bd75a2680c8aff6331ee1e34607e1a7ee6695d39?s=96&d=mm&r=g\",\"caption\":\"admin\"},\"sameAs\":[\"http:\\\/\\\/kuka-trier.de\"],\"url\":\"https:\\\/\\\/kuka-trier.de\\\/fr\\\/author\\\/admin\\\/\"}]}<\/script>\n<!-- \/ Yoast SEO plugin. -->","yoast_head_json":{"title":"Petit-d\u00e9jeuner des citoyens du monde | FLYING GRASS CARPET 2022","description":"ENTR\u00c9E GRATUITE ! Ateliers et tables rondes le samedi 23 juillet \u00e0 11h sur le Viehmarkt de Tr\u00e8ves","robots":{"index":"index","follow":"follow","max-snippet":"max-snippet:-1","max-image-preview":"max-image-preview:large","max-video-preview":"max-video-preview:-1"},"canonical":"https:\/\/kuka-trier.de\/fr\/weltbuergerfruehstueck\/","og_locale":"fr_FR","og_type":"article","og_title":"Weltb\u00fcrgerfr\u00fchst\u00fcck | FLYING GRASS CARPET 2022","og_description":"EINTRITT FREI! Workshops und Gespr\u00e4chsrunden am Samstag, 23. Juli um 11 Uhr auf dem Viehmarkt Trier","og_url":"https:\/\/kuka-trier.de\/fr\/weltbuergerfruehstueck\/","og_site_name":"Kulturkarawane Trier","article_published_time":"2022-02-28T09:06:00+00:00","article_modified_time":"2023-05-23T09:12:26+00:00","og_image":[{"width":450,"height":300,"url":"https:\/\/kuka-trier.de\/wp-content\/uploads\/2022\/06\/20220723-KUK-FGC-weltbuerger.jpg","type":"image\/jpeg"}],"author":"admin","twitter_card":"summary_large_image","twitter_misc":{"\u00c9crit par":"admin","Dur\u00e9e de lecture estim\u00e9e":"2 minutes"},"schema":{"@context":"https:\/\/schema.org","@graph":[{"@type":"Article","@id":"https:\/\/kuka-trier.de\/weltbuergerfruehstueck\/#article","isPartOf":{"@id":"https:\/\/kuka-trier.de\/weltbuergerfruehstueck\/"},"author":{"name":"admin","@id":"https:\/\/kuka-trier.de\/#\/schema\/person\/0e70983de674702cd8a6bd6656029617"},"headline":"Weltb\u00fcrgerfr\u00fchst\u00fcck","datePublished":"2022-02-28T09:06:00+00:00","dateModified":"2023-05-23T09:12:26+00:00","mainEntityOfPage":{"@id":"https:\/\/kuka-trier.de\/weltbuergerfruehstueck\/"},"wordCount":273,"commentCount":0,"publisher":{"@id":"https:\/\/kuka-trier.de\/#organization"},"image":{"@id":"https:\/\/kuka-trier.de\/weltbuergerfruehstueck\/#primaryimage"},"thumbnailUrl":"https:\/\/kuka-trier.de\/wp-content\/uploads\/2022\/06\/20220723-KUK-FGC-weltbuerger.jpg","keywords":["FGC2022","Kostenlos","Vergangen"],"articleSection":["Begegnungen"],"inLanguage":"fr-FR","potentialAction":[{"@type":"CommentAction","name":"Comment","target":["https:\/\/kuka-trier.de\/weltbuergerfruehstueck\/#respond"]}]},{"@type":"WebPage","@id":"https:\/\/kuka-trier.de\/weltbuergerfruehstueck\/","url":"https:\/\/kuka-trier.de\/weltbuergerfruehstueck\/","name":"Petit-d\u00e9jeuner des citoyens du monde | FLYING GRASS CARPET 2022","isPartOf":{"@id":"https:\/\/kuka-trier.de\/#website"},"primaryImageOfPage":{"@id":"https:\/\/kuka-trier.de\/weltbuergerfruehstueck\/#primaryimage"},"image":{"@id":"https:\/\/kuka-trier.de\/weltbuergerfruehstueck\/#primaryimage"},"thumbnailUrl":"https:\/\/kuka-trier.de\/wp-content\/uploads\/2022\/06\/20220723-KUK-FGC-weltbuerger.jpg","datePublished":"2022-02-28T09:06:00+00:00","dateModified":"2023-05-23T09:12:26+00:00","description":"ENTR\u00c9E GRATUITE ! Ateliers et tables rondes le samedi 23 juillet \u00e0 11h sur le Viehmarkt de Tr\u00e8ves","breadcrumb":{"@id":"https:\/\/kuka-trier.de\/weltbuergerfruehstueck\/#breadcrumb"},"inLanguage":"fr-FR","potentialAction":[{"@type":"ReadAction","target":["https:\/\/kuka-trier.de\/weltbuergerfruehstueck\/"]}]},{"@type":"ImageObject","inLanguage":"fr-FR","@id":"https:\/\/kuka-trier.de\/weltbuergerfruehstueck\/#primaryimage","url":"https:\/\/kuka-trier.de\/wp-content\/uploads\/2022\/06\/20220723-KUK-FGC-weltbuerger.jpg","contentUrl":"https:\/\/kuka-trier.de\/wp-content\/uploads\/2022\/06\/20220723-KUK-FGC-weltbuerger.jpg","width":450,"height":300,"caption":"Weltb\u00fcrgerfr\u00fchst\u00fcck"},{"@type":"BreadcrumbList","@id":"https:\/\/kuka-trier.de\/weltbuergerfruehstueck\/#breadcrumb","itemListElement":[{"@type":"ListItem","position":1,"name":"Startseite","item":"https:\/\/kuka-trier.de\/"},{"@type":"ListItem","position":2,"name":"Weltb\u00fcrgerfr\u00fchst\u00fcck"}]},{"@type":"WebSite","@id":"https:\/\/kuka-trier.de\/#website","url":"https:\/\/kuka-trier.de\/","name":"Kulturkarawane Tr\u00e8ves","description":"Vivre en couleurs","publisher":{"@id":"https:\/\/kuka-trier.de\/#organization"},"potentialAction":[{"@type":"SearchAction","target":{"@type":"EntryPoint","urlTemplate":"https:\/\/kuka-trier.de\/?s={search_term_string}"},"query-input":{"@type":"PropertyValueSpecification","valueRequired":true,"valueName":"search_term_string"}}],"inLanguage":"fr-FR"},{"@type":"Organization","@id":"https:\/\/kuka-trier.de\/#organization","name":"Kulturkarawane Tr\u00e8ves","url":"https:\/\/kuka-trier.de\/","logo":{"@type":"ImageObject","inLanguage":"fr-FR","@id":"https:\/\/kuka-trier.de\/#\/schema\/logo\/image\/","url":"https:\/\/kuka-trier.de\/wp-content\/uploads\/2022\/02\/cropped-KK19_Logo_color_26-12_web.png","contentUrl":"https:\/\/kuka-trier.de\/wp-content\/uploads\/2022\/02\/cropped-KK19_Logo_color_26-12_web.png","width":822,"height":340,"caption":"Kulturkarawane Trier"},"image":{"@id":"https:\/\/kuka-trier.de\/#\/schema\/logo\/image\/"}},{"@type":"Person","@id":"https:\/\/kuka-trier.de\/#\/schema\/person\/0e70983de674702cd8a6bd6656029617","name":"admin","image":{"@type":"ImageObject","inLanguage":"fr-FR","@id":"https:\/\/secure.gravatar.com\/avatar\/9a8eb49d2b2ccb1d3ebbd410bd75a2680c8aff6331ee1e34607e1a7ee6695d39?s=96&d=mm&r=g","url":"https:\/\/secure.gravatar.com\/avatar\/9a8eb49d2b2ccb1d3ebbd410bd75a2680c8aff6331ee1e34607e1a7ee6695d39?s=96&d=mm&r=g","contentUrl":"https:\/\/secure.gravatar.com\/avatar\/9a8eb49d2b2ccb1d3ebbd410bd75a2680c8aff6331ee1e34607e1a7ee6695d39?s=96&d=mm&r=g","caption":"admin"},"sameAs":["http:\/\/kuka-trier.de"],"url":"https:\/\/kuka-trier.de\/fr\/author\/admin\/"}]}},"_links":{"self":[{"href":"https:\/\/kuka-trier.de\/fr\/wp-json\/wp\/v2\/posts\/1111","targetHints":{"allow":["GET"]}}],"collection":[{"href":"https:\/\/kuka-trier.de\/fr\/wp-json\/wp\/v2\/posts"}],"about":[{"href":"https:\/\/kuka-trier.de\/fr\/wp-json\/wp\/v2\/types\/post"}],"author":[{"embeddable":true,"href":"https:\/\/kuka-trier.de\/fr\/wp-json\/wp\/v2\/users\/1"}],"replies":[{"embeddable":true,"href":"https:\/\/kuka-trier.de\/fr\/wp-json\/wp\/v2\/comments?post=1111"}],"version-history":[{"count":6,"href":"https:\/\/kuka-trier.de\/fr\/wp-json\/wp\/v2\/posts\/1111\/revisions"}],"predecessor-version":[{"id":1470,"href":"https:\/\/kuka-trier.de\/fr\/wp-json\/wp\/v2\/posts\/1111\/revisions\/1470"}],"wp:featuredmedia":[{"embeddable":true,"href":"https:\/\/kuka-trier.de\/fr\/wp-json\/wp\/v2\/media\/1114"}],"wp:attachment":[{"href":"https:\/\/kuka-trier.de\/fr\/wp-json\/wp\/v2\/media?parent=1111"}],"wp:term":[{"taxonomy":"category","embeddable":true,"href":"https:\/\/kuka-trier.de\/fr\/wp-json\/wp\/v2\/categories?post=1111"},{"taxonomy":"post_tag","embeddable":true,"href":"https:\/\/kuka-trier.de\/fr\/wp-json\/wp\/v2\/tags?post=1111"}],"curies":[{"name":"wp","href":"https:\/\/api.w.org\/{rel}","templated":true}]}}