{"id":1203,"date":"2022-06-10T08:47:39","date_gmt":"2022-06-10T08:47:39","guid":{"rendered":"https:\/\/kuka-trier.de\/?p=1203"},"modified":"2022-09-20T13:44:20","modified_gmt":"2022-09-20T13:44:20","slug":"yeol-eum-son","status":"publish","type":"post","link":"https:\/\/kuka-trier.de\/fr\/yeol-eum-son\/","title":{"rendered":"Yeol Eum Son"},"content":{"rendered":"<figure class=\"wp-block-image size-large is-resized\"><a href=\"https:\/\/www.moselmusikfestival.de\/\" target=\"_blank\" rel=\"noreferrer noopener\"><img decoding=\"async\" src=\"https:\/\/kuka-trier.de\/wp-content\/uploads\/2022\/06\/mmf-logo-keks-freigestellt-1024x1024.png\" alt=\"\" class=\"wp-image-1204\" width=\"84\" height=\"84\" srcset=\"https:\/\/kuka-trier.de\/wp-content\/uploads\/2022\/06\/mmf-logo-keks-freigestellt-1024x1024.png 1024w, https:\/\/kuka-trier.de\/wp-content\/uploads\/2022\/06\/mmf-logo-keks-freigestellt-300x300.png 300w, https:\/\/kuka-trier.de\/wp-content\/uploads\/2022\/06\/mmf-logo-keks-freigestellt-150x150.png 150w, https:\/\/kuka-trier.de\/wp-content\/uploads\/2022\/06\/mmf-logo-keks-freigestellt-768x769.png 768w, https:\/\/kuka-trier.de\/wp-content\/uploads\/2022\/06\/mmf-logo-keks-freigestellt-1534x1536.png 1534w, https:\/\/kuka-trier.de\/wp-content\/uploads\/2022\/06\/mmf-logo-keks-freigestellt-2045x2048.png 2045w\" sizes=\"(max-width: 84px) 100vw, 84px\" \/><\/a><\/figure>\n\n\n\n<p>Des pianos artistiquement et amoureusement con\u00e7us r\u00e9partis dans la zone urbaine de Tr\u00e8ves, fra\u00eechement accord\u00e9s et pr\u00eats \u00e0 l'emploi, librement accessibles et jouables par tous - pour cl\u00f4turer \"My Urban Piano Tr\u00e8ves 2022\", nous pr\u00e9sentons dans le Brunnenhof, en collaboration avec le <a href=\"https:\/\/www.moselmusikfestival.de\/\" target=\"_blank\" rel=\"noreferrer noopener\">Festival de musique de la Moselle<\/a> une vraie virtuose de son instrument :&nbsp;<\/p>\n\n\n\n<p><strong>Yeol Eum Son. <\/strong>En 2019, la pianiste sud-cor\u00e9enne de renomm\u00e9e mondiale avait d\u00e9j\u00e0 enthousiasm\u00e9 le public du festival de la Moselle avec son toucher cristallin, sa diversit\u00e9 stylistique et ses interpr\u00e9tations entra\u00eenantes. En accord avec le th\u00e8me de l'\u00e9t\u00e9 culturel de cette ann\u00e9e, \"Ostwind\" (vent d'est), elle va maintenant interpr\u00e9ter les compositions du compositeur de jazz russe Nikolai Kapustin (1927-2020), \u00e9labor\u00e9es dans les moindres d\u00e9tails. Celui-ci est rest\u00e9 longtemps inconnu jusqu'\u00e0 ce que le pianiste britannique Steve Osborne d\u00e9couvre la musique tr\u00e8s intelligente et vitale de Kapustin. La finesse, l'\u00e9nergie concentr\u00e9e et la r\u00eaverie se retrouvent dans les \u0153uvres captivantes du pionnier du jazz sovi\u00e9tique. <\/p>\n\n\n\n<p>Ainsi, le dernier album de Yeol Eum Sons, Kapustin, sorti en 2021 chez Onyx, met l'accent sur des \u0153uvres choisies du musicien. Yeol Eum Son, avec son \u00e9motion et sa pr\u00e9cision, \u00e9tait pour le pionnier du jazz sovi\u00e9tique non seulement l'une des interpr\u00e8tes pr\u00e9f\u00e9r\u00e9es de sa musique, mais aussi une bonne amie. Cette soir\u00e9e est donc un hommage au fascinant cr\u00e9ateur de sons russe, o\u00f9 les amateurs de techniques de composition classiques trouveront leur compte, tout comme les admirateurs de l'imm\u00e9diatet\u00e9 du jazz !<\/p>\n\n\n\n<a href=\"https:\/\/www.ticket-regional.de\/stage_5203.php?timeID=599078\" target=\"blank\" rel=\"noopener\">\n    <button>\" Vers les billets<\/button>\n  <\/a>\n\n\n\n<a href=\"\/fr\/my-urban-piano\/\">\n    <button>\" Infos sur le My Urban Piano<\/button>\n  <\/a>","protected":false},"excerpt":{"rendered":"<p>MY URBAN PIANO 2022<br \/>\nSamedi 17 septembre - 20:00<br \/>\nPOSE : <br \/>\nNouveau lieu d'\u00e9v\u00e9nement :<br \/>\nAcad\u00e9mie europ\u00e9enne des arts de Tr\u00e8ves<\/p>","protected":false},"author":1,"featured_media":1206,"comment_status":"open","ping_status":"open","sticky":false,"template":"","format":"standard","meta":{"_jf_save_progress":"","footnotes":""},"categories":[11],"tags":[46,45,48],"class_list":["post-1203","post","type-post","status-publish","format-standard","has-post-thumbnail","hentry","category-musik","tag-moselmusikfestival","tag-my-urban-piano","tag-vergangen"],"yoast_head":"<!-- This site is optimized with the Yoast SEO plugin v27.5 - https:\/\/yoast.com\/product\/yoast-seo-wordpress\/ -->\n<title>Yeol Eum Son | My Urban Piano Trier 2022<\/title>\n<meta name=\"description\" content=\"MY URBAN PIANO 2022 \u2022 Samstag, 17. September \u2022 20:00 \u2022 Brunnenhof Trier\" \/>\n<meta name=\"robots\" content=\"index, follow, max-snippet:-1, max-image-preview:large, max-video-preview:-1\" \/>\n<link rel=\"canonical\" href=\"https:\/\/kuka-trier.de\/fr\/yeol-eum-son\/\" \/>\n<meta property=\"og:locale\" content=\"fr_FR\" \/>\n<meta property=\"og:type\" content=\"article\" \/>\n<meta property=\"og:title\" content=\"Yeol Eum Son | My Urban Piano Trier 2022\" \/>\n<meta property=\"og:description\" content=\"MY URBAN PIANO 2022 \u2022 Samstag, 17. September \u2022 20:00 \u2022 Brunnenhof Trier\" \/>\n<meta property=\"og:url\" content=\"https:\/\/kuka-trier.de\/fr\/yeol-eum-son\/\" \/>\n<meta property=\"og:site_name\" content=\"Kulturkarawane Trier\" \/>\n<meta property=\"article:published_time\" content=\"2022-06-10T08:47:39+00:00\" \/>\n<meta property=\"article:modified_time\" content=\"2022-09-20T13:44:20+00:00\" \/>\n<meta property=\"og:image\" content=\"https:\/\/kuka-trier.de\/wp-content\/uploads\/2022\/06\/20220610-kuk-mup-yeol-mmf.jpg\" \/>\n\t<meta property=\"og:image:width\" content=\"900\" \/>\n\t<meta property=\"og:image:height\" content=\"600\" \/>\n\t<meta property=\"og:image:type\" content=\"image\/jpeg\" \/>\n<meta name=\"author\" content=\"admin\" \/>\n<meta name=\"twitter:card\" content=\"summary_large_image\" \/>\n<meta name=\"twitter:label1\" content=\"\u00c9crit par\" \/>\n\t<meta name=\"twitter:data1\" content=\"admin\" \/>\n\t<meta name=\"twitter:label2\" content=\"Dur\u00e9e de lecture estim\u00e9e\" \/>\n\t<meta name=\"twitter:data2\" content=\"2 minutes\" \/>\n<script type=\"application\/ld+json\" class=\"yoast-schema-graph\">{\"@context\":\"https:\\\/\\\/schema.org\",\"@graph\":[{\"@type\":\"Article\",\"@id\":\"https:\\\/\\\/kuka-trier.de\\\/yeol-eum-son\\\/#article\",\"isPartOf\":{\"@id\":\"https:\\\/\\\/kuka-trier.de\\\/yeol-eum-son\\\/\"},\"author\":{\"name\":\"admin\",\"@id\":\"https:\\\/\\\/kuka-trier.de\\\/#\\\/schema\\\/person\\\/0e70983de674702cd8a6bd6656029617\"},\"headline\":\"Yeol Eum Son\",\"datePublished\":\"2022-06-10T08:47:39+00:00\",\"dateModified\":\"2022-09-20T13:44:20+00:00\",\"mainEntityOfPage\":{\"@id\":\"https:\\\/\\\/kuka-trier.de\\\/yeol-eum-son\\\/\"},\"wordCount\":230,\"commentCount\":0,\"publisher\":{\"@id\":\"https:\\\/\\\/kuka-trier.de\\\/#organization\"},\"image\":{\"@id\":\"https:\\\/\\\/kuka-trier.de\\\/yeol-eum-son\\\/#primaryimage\"},\"thumbnailUrl\":\"https:\\\/\\\/kuka-trier.de\\\/wp-content\\\/uploads\\\/2022\\\/06\\\/20220610-kuk-mup-yeol-mmf.jpg\",\"keywords\":[\"Moselmusikfestival\",\"My Urban Piano\",\"Vergangen\"],\"articleSection\":[\"Musik\"],\"inLanguage\":\"fr-FR\",\"potentialAction\":[{\"@type\":\"CommentAction\",\"name\":\"Comment\",\"target\":[\"https:\\\/\\\/kuka-trier.de\\\/yeol-eum-son\\\/#respond\"]}]},{\"@type\":\"WebPage\",\"@id\":\"https:\\\/\\\/kuka-trier.de\\\/yeol-eum-son\\\/\",\"url\":\"https:\\\/\\\/kuka-trier.de\\\/yeol-eum-son\\\/\",\"name\":\"Yeol Eum Son | My Urban Piano Trier 2022\",\"isPartOf\":{\"@id\":\"https:\\\/\\\/kuka-trier.de\\\/#website\"},\"primaryImageOfPage\":{\"@id\":\"https:\\\/\\\/kuka-trier.de\\\/yeol-eum-son\\\/#primaryimage\"},\"image\":{\"@id\":\"https:\\\/\\\/kuka-trier.de\\\/yeol-eum-son\\\/#primaryimage\"},\"thumbnailUrl\":\"https:\\\/\\\/kuka-trier.de\\\/wp-content\\\/uploads\\\/2022\\\/06\\\/20220610-kuk-mup-yeol-mmf.jpg\",\"datePublished\":\"2022-06-10T08:47:39+00:00\",\"dateModified\":\"2022-09-20T13:44:20+00:00\",\"description\":\"MY URBAN PIANO 2022 \u2022 Samstag, 17. September \u2022 20:00 \u2022 Brunnenhof Trier\",\"breadcrumb\":{\"@id\":\"https:\\\/\\\/kuka-trier.de\\\/yeol-eum-son\\\/#breadcrumb\"},\"inLanguage\":\"fr-FR\",\"potentialAction\":[{\"@type\":\"ReadAction\",\"target\":[\"https:\\\/\\\/kuka-trier.de\\\/yeol-eum-son\\\/\"]}]},{\"@type\":\"ImageObject\",\"inLanguage\":\"fr-FR\",\"@id\":\"https:\\\/\\\/kuka-trier.de\\\/yeol-eum-son\\\/#primaryimage\",\"url\":\"https:\\\/\\\/kuka-trier.de\\\/wp-content\\\/uploads\\\/2022\\\/06\\\/20220610-kuk-mup-yeol-mmf.jpg\",\"contentUrl\":\"https:\\\/\\\/kuka-trier.de\\\/wp-content\\\/uploads\\\/2022\\\/06\\\/20220610-kuk-mup-yeol-mmf.jpg\",\"width\":900,\"height\":600,\"caption\":\"Yeol Eum Son Moselmusikfestival\"},{\"@type\":\"BreadcrumbList\",\"@id\":\"https:\\\/\\\/kuka-trier.de\\\/yeol-eum-son\\\/#breadcrumb\",\"itemListElement\":[{\"@type\":\"ListItem\",\"position\":1,\"name\":\"Startseite\",\"item\":\"https:\\\/\\\/kuka-trier.de\\\/\"},{\"@type\":\"ListItem\",\"position\":2,\"name\":\"Yeol Eum Son\"}]},{\"@type\":\"WebSite\",\"@id\":\"https:\\\/\\\/kuka-trier.de\\\/#website\",\"url\":\"https:\\\/\\\/kuka-trier.de\\\/\",\"name\":\"Kulturkarawane Trier\",\"description\":\"BuntERleben\",\"publisher\":{\"@id\":\"https:\\\/\\\/kuka-trier.de\\\/#organization\"},\"potentialAction\":[{\"@type\":\"SearchAction\",\"target\":{\"@type\":\"EntryPoint\",\"urlTemplate\":\"https:\\\/\\\/kuka-trier.de\\\/?s={search_term_string}\"},\"query-input\":{\"@type\":\"PropertyValueSpecification\",\"valueRequired\":true,\"valueName\":\"search_term_string\"}}],\"inLanguage\":\"fr-FR\"},{\"@type\":\"Organization\",\"@id\":\"https:\\\/\\\/kuka-trier.de\\\/#organization\",\"name\":\"Kulturkarawane Trier\",\"url\":\"https:\\\/\\\/kuka-trier.de\\\/\",\"logo\":{\"@type\":\"ImageObject\",\"inLanguage\":\"fr-FR\",\"@id\":\"https:\\\/\\\/kuka-trier.de\\\/#\\\/schema\\\/logo\\\/image\\\/\",\"url\":\"https:\\\/\\\/kuka-trier.de\\\/wp-content\\\/uploads\\\/2022\\\/02\\\/cropped-KK19_Logo_color_26-12_web.png\",\"contentUrl\":\"https:\\\/\\\/kuka-trier.de\\\/wp-content\\\/uploads\\\/2022\\\/02\\\/cropped-KK19_Logo_color_26-12_web.png\",\"width\":822,\"height\":340,\"caption\":\"Kulturkarawane Trier\"},\"image\":{\"@id\":\"https:\\\/\\\/kuka-trier.de\\\/#\\\/schema\\\/logo\\\/image\\\/\"}},{\"@type\":\"Person\",\"@id\":\"https:\\\/\\\/kuka-trier.de\\\/#\\\/schema\\\/person\\\/0e70983de674702cd8a6bd6656029617\",\"name\":\"admin\",\"image\":{\"@type\":\"ImageObject\",\"inLanguage\":\"fr-FR\",\"@id\":\"https:\\\/\\\/secure.gravatar.com\\\/avatar\\\/9a8eb49d2b2ccb1d3ebbd410bd75a2680c8aff6331ee1e34607e1a7ee6695d39?s=96&d=mm&r=g\",\"url\":\"https:\\\/\\\/secure.gravatar.com\\\/avatar\\\/9a8eb49d2b2ccb1d3ebbd410bd75a2680c8aff6331ee1e34607e1a7ee6695d39?s=96&d=mm&r=g\",\"contentUrl\":\"https:\\\/\\\/secure.gravatar.com\\\/avatar\\\/9a8eb49d2b2ccb1d3ebbd410bd75a2680c8aff6331ee1e34607e1a7ee6695d39?s=96&d=mm&r=g\",\"caption\":\"admin\"},\"sameAs\":[\"http:\\\/\\\/kuka-trier.de\"],\"url\":\"https:\\\/\\\/kuka-trier.de\\\/fr\\\/author\\\/admin\\\/\"}]}<\/script>\n<!-- \/ Yoast SEO plugin. -->","yoast_head_json":{"title":"Yeol Eum Son | My Urban Piano Tr\u00e8ves 2022","description":"MY URBAN PIANO 2022 - samedi 17 septembre - 20:00 - Brunnenhof Trier","robots":{"index":"index","follow":"follow","max-snippet":"max-snippet:-1","max-image-preview":"max-image-preview:large","max-video-preview":"max-video-preview:-1"},"canonical":"https:\/\/kuka-trier.de\/fr\/yeol-eum-son\/","og_locale":"fr_FR","og_type":"article","og_title":"Yeol Eum Son | My Urban Piano Trier 2022","og_description":"MY URBAN PIANO 2022 \u2022 Samstag, 17. September \u2022 20:00 \u2022 Brunnenhof Trier","og_url":"https:\/\/kuka-trier.de\/fr\/yeol-eum-son\/","og_site_name":"Kulturkarawane Trier","article_published_time":"2022-06-10T08:47:39+00:00","article_modified_time":"2022-09-20T13:44:20+00:00","og_image":[{"width":900,"height":600,"url":"https:\/\/kuka-trier.de\/wp-content\/uploads\/2022\/06\/20220610-kuk-mup-yeol-mmf.jpg","type":"image\/jpeg"}],"author":"admin","twitter_card":"summary_large_image","twitter_misc":{"\u00c9crit par":"admin","Dur\u00e9e de lecture estim\u00e9e":"2 minutes"},"schema":{"@context":"https:\/\/schema.org","@graph":[{"@type":"Article","@id":"https:\/\/kuka-trier.de\/yeol-eum-son\/#article","isPartOf":{"@id":"https:\/\/kuka-trier.de\/yeol-eum-son\/"},"author":{"name":"admin","@id":"https:\/\/kuka-trier.de\/#\/schema\/person\/0e70983de674702cd8a6bd6656029617"},"headline":"Yeol Eum Son","datePublished":"2022-06-10T08:47:39+00:00","dateModified":"2022-09-20T13:44:20+00:00","mainEntityOfPage":{"@id":"https:\/\/kuka-trier.de\/yeol-eum-son\/"},"wordCount":230,"commentCount":0,"publisher":{"@id":"https:\/\/kuka-trier.de\/#organization"},"image":{"@id":"https:\/\/kuka-trier.de\/yeol-eum-son\/#primaryimage"},"thumbnailUrl":"https:\/\/kuka-trier.de\/wp-content\/uploads\/2022\/06\/20220610-kuk-mup-yeol-mmf.jpg","keywords":["Moselmusikfestival","My Urban Piano","Vergangen"],"articleSection":["Musik"],"inLanguage":"fr-FR","potentialAction":[{"@type":"CommentAction","name":"Comment","target":["https:\/\/kuka-trier.de\/yeol-eum-son\/#respond"]}]},{"@type":"WebPage","@id":"https:\/\/kuka-trier.de\/yeol-eum-son\/","url":"https:\/\/kuka-trier.de\/yeol-eum-son\/","name":"Yeol Eum Son | My Urban Piano Tr\u00e8ves 2022","isPartOf":{"@id":"https:\/\/kuka-trier.de\/#website"},"primaryImageOfPage":{"@id":"https:\/\/kuka-trier.de\/yeol-eum-son\/#primaryimage"},"image":{"@id":"https:\/\/kuka-trier.de\/yeol-eum-son\/#primaryimage"},"thumbnailUrl":"https:\/\/kuka-trier.de\/wp-content\/uploads\/2022\/06\/20220610-kuk-mup-yeol-mmf.jpg","datePublished":"2022-06-10T08:47:39+00:00","dateModified":"2022-09-20T13:44:20+00:00","description":"MY URBAN PIANO 2022 - samedi 17 septembre - 20:00 - Brunnenhof Trier","breadcrumb":{"@id":"https:\/\/kuka-trier.de\/yeol-eum-son\/#breadcrumb"},"inLanguage":"fr-FR","potentialAction":[{"@type":"ReadAction","target":["https:\/\/kuka-trier.de\/yeol-eum-son\/"]}]},{"@type":"ImageObject","inLanguage":"fr-FR","@id":"https:\/\/kuka-trier.de\/yeol-eum-son\/#primaryimage","url":"https:\/\/kuka-trier.de\/wp-content\/uploads\/2022\/06\/20220610-kuk-mup-yeol-mmf.jpg","contentUrl":"https:\/\/kuka-trier.de\/wp-content\/uploads\/2022\/06\/20220610-kuk-mup-yeol-mmf.jpg","width":900,"height":600,"caption":"Yeol Eum Son Moselmusikfestival"},{"@type":"BreadcrumbList","@id":"https:\/\/kuka-trier.de\/yeol-eum-son\/#breadcrumb","itemListElement":[{"@type":"ListItem","position":1,"name":"Startseite","item":"https:\/\/kuka-trier.de\/"},{"@type":"ListItem","position":2,"name":"Yeol Eum Son"}]},{"@type":"WebSite","@id":"https:\/\/kuka-trier.de\/#website","url":"https:\/\/kuka-trier.de\/","name":"Kulturkarawane Tr\u00e8ves","description":"Vivre en couleurs","publisher":{"@id":"https:\/\/kuka-trier.de\/#organization"},"potentialAction":[{"@type":"SearchAction","target":{"@type":"EntryPoint","urlTemplate":"https:\/\/kuka-trier.de\/?s={search_term_string}"},"query-input":{"@type":"PropertyValueSpecification","valueRequired":true,"valueName":"search_term_string"}}],"inLanguage":"fr-FR"},{"@type":"Organization","@id":"https:\/\/kuka-trier.de\/#organization","name":"Kulturkarawane Tr\u00e8ves","url":"https:\/\/kuka-trier.de\/","logo":{"@type":"ImageObject","inLanguage":"fr-FR","@id":"https:\/\/kuka-trier.de\/#\/schema\/logo\/image\/","url":"https:\/\/kuka-trier.de\/wp-content\/uploads\/2022\/02\/cropped-KK19_Logo_color_26-12_web.png","contentUrl":"https:\/\/kuka-trier.de\/wp-content\/uploads\/2022\/02\/cropped-KK19_Logo_color_26-12_web.png","width":822,"height":340,"caption":"Kulturkarawane Trier"},"image":{"@id":"https:\/\/kuka-trier.de\/#\/schema\/logo\/image\/"}},{"@type":"Person","@id":"https:\/\/kuka-trier.de\/#\/schema\/person\/0e70983de674702cd8a6bd6656029617","name":"admin","image":{"@type":"ImageObject","inLanguage":"fr-FR","@id":"https:\/\/secure.gravatar.com\/avatar\/9a8eb49d2b2ccb1d3ebbd410bd75a2680c8aff6331ee1e34607e1a7ee6695d39?s=96&d=mm&r=g","url":"https:\/\/secure.gravatar.com\/avatar\/9a8eb49d2b2ccb1d3ebbd410bd75a2680c8aff6331ee1e34607e1a7ee6695d39?s=96&d=mm&r=g","contentUrl":"https:\/\/secure.gravatar.com\/avatar\/9a8eb49d2b2ccb1d3ebbd410bd75a2680c8aff6331ee1e34607e1a7ee6695d39?s=96&d=mm&r=g","caption":"admin"},"sameAs":["http:\/\/kuka-trier.de"],"url":"https:\/\/kuka-trier.de\/fr\/author\/admin\/"}]}},"_links":{"self":[{"href":"https:\/\/kuka-trier.de\/fr\/wp-json\/wp\/v2\/posts\/1203","targetHints":{"allow":["GET"]}}],"collection":[{"href":"https:\/\/kuka-trier.de\/fr\/wp-json\/wp\/v2\/posts"}],"about":[{"href":"https:\/\/kuka-trier.de\/fr\/wp-json\/wp\/v2\/types\/post"}],"author":[{"embeddable":true,"href":"https:\/\/kuka-trier.de\/fr\/wp-json\/wp\/v2\/users\/1"}],"replies":[{"embeddable":true,"href":"https:\/\/kuka-trier.de\/fr\/wp-json\/wp\/v2\/comments?post=1203"}],"version-history":[{"count":7,"href":"https:\/\/kuka-trier.de\/fr\/wp-json\/wp\/v2\/posts\/1203\/revisions"}],"predecessor-version":[{"id":1706,"href":"https:\/\/kuka-trier.de\/fr\/wp-json\/wp\/v2\/posts\/1203\/revisions\/1706"}],"wp:featuredmedia":[{"embeddable":true,"href":"https:\/\/kuka-trier.de\/fr\/wp-json\/wp\/v2\/media\/1206"}],"wp:attachment":[{"href":"https:\/\/kuka-trier.de\/fr\/wp-json\/wp\/v2\/media?parent=1203"}],"wp:term":[{"taxonomy":"category","embeddable":true,"href":"https:\/\/kuka-trier.de\/fr\/wp-json\/wp\/v2\/categories?post=1203"},{"taxonomy":"post_tag","embeddable":true,"href":"https:\/\/kuka-trier.de\/fr\/wp-json\/wp\/v2\/tags?post=1203"}],"curies":[{"name":"wp","href":"https:\/\/api.w.org\/{rel}","templated":true}]}}