{"id":1396,"date":"2022-06-09T14:21:00","date_gmt":"2022-06-09T14:21:00","guid":{"rendered":"https:\/\/kuka-trier.de\/?p=1396"},"modified":"2022-08-31T09:35:11","modified_gmt":"2022-08-31T09:35:11","slug":"leinen-los-lin","status":"publish","type":"post","link":"https:\/\/kuka-trier.de\/fr\/leinen-los-lin\/","title":{"rendered":"C'est parti - Lin"},"content":{"rendered":"<p><strong>Largue les amarres ! Road show musical avec le Pop Up Kulturmobil dans la r\u00e9gion de la Moselle<\/strong><\/p>\n\n\n\n<p><strong>Concert gratuit avec l'artiste pop \u00e9lectro LIN \u00e0 Coblence, Wintrich et Tawern !<\/strong><\/p>\n\n\n\n<p>En ao\u00fbt, c'est \"largue les amarres\" ! C'est parti pour un road show musical dans la r\u00e9gion de la Moselle avec un bagage l\u00e9ger, le Pop Up Kulturmobil \"Klein Anders\" ! En collaboration avec l'initiative r\u00e9gionale Fascination Moselle, nous vous invitons \u00e0 un week-end enti\u00e8rement consacr\u00e9 \u00e0 la culture mosellane. Sois de la partie lorsque \"Klein Anders\" partira en tourn\u00e9e avec la musicienne LIN et laisse l'atmosph\u00e8re unique te mettre dans l'ambiance des vacances ! <\/p>\n\n\n\n<p><span style=\"text-decoration: underline;\">Dates de la tourn\u00e9e du Pop Up Kulturmobil :&nbsp;<br><\/span><strong>Vendredi 26 ao\u00fbt 2022, Stattstrand \u00e0 Coblence<\/strong><br><strong>Samedi 27 ao\u00fbt 2022 : Ancienne maison de pressoir \u00e0 Wintrich<\/strong><br><strong>Dimanche 28 ao\u00fbt 2022 : Domaine viticole Peter Greif \u00e0 Tawern<\/strong><br>Les concerts commencent \u00e0 20h30<br>Entr\u00e9e gratuite ; ouverture des portes \u00e0 19h<\/p>\n\n\n\n<p>L'artiste electro pop LIN enthousiasme sur sc\u00e8ne avec des beats dansants et des sons sph\u00e9riques. En combinant les sons synth\u00e9tiques du synth\u00e9tiseur, du drumpad, de la batterie acoustique et des percussions avec les sons organiques de la guitare et de sa voix, l'artiste solo cr\u00e9e un son tr\u00e8s particulier.&nbsp;<\/p>\n\n\n\n<p>Laisse-toi fasciner par l'\u00e9nergie de l'electro pop et accompagne LIN dans sa tourn\u00e9e d'\u00e9t\u00e9 le long de la Moselle. Avec des chaises longues et une sensation de plage, le road show cr\u00e9e une ambiance tr\u00e8s sp\u00e9ciale !&nbsp;<\/p>\n\n\n\n<p><strong>Info &amp; contact :<\/strong><\/p>\n\n\n\n<p>Initiative r\u00e9gionale \"Fascination Moselle<br>T\u00e9l\u00e9phone 06571-142302 ou -142133<br>E-mail :&nbsp;<a href=\"mailto:kontakt@faszinationmosel.info\">kontakt@faszinationmosel.info<\/a><br><a href=\"http:\/\/www.faszinationmosel.info\/\">www.faszinationmosel.info<\/a><br>#fascinationmoselle&nbsp;<\/p>","protected":false},"excerpt":{"rendered":"<p>Klein Anders - Laisse aller<br \/>\n26\/27\/28 ao\u00fbt - 20:30<br \/>\nCoblence \/\/ Wintrich \/\/ Tawern<br \/>\nEntr\u00e9e gratuite !<\/p>","protected":false},"author":1,"featured_media":1407,"comment_status":"closed","ping_status":"open","sticky":false,"template":"","format":"standard","meta":{"_jf_save_progress":"","footnotes":""},"categories":[11],"tags":[17,38,48],"class_list":["post-1396","post","type-post","status-publish","format-standard","has-post-thumbnail","hentry","category-musik","tag-klein-anders","tag-kostenlos","tag-vergangen"],"yoast_head":"<!-- This site is optimized with the Yoast SEO plugin v27.5 - https:\/\/yoast.com\/product\/yoast-seo-wordpress\/ -->\n<title>Leinen Los - Lin<\/title>\n<meta name=\"description\" content=\"Freitag, 26. August 2022, Stattstrand in Koblenz \/\/ Samstag, 27. August 2022: Altes Kelterhaus in Wintrich \/\/ Sonntag, 28. August 2022: Weingut Peter Greif in Tawern\" \/>\n<meta name=\"robots\" content=\"index, follow, max-snippet:-1, max-image-preview:large, max-video-preview:-1\" \/>\n<link rel=\"canonical\" href=\"https:\/\/kuka-trier.de\/fr\/leinen-los-lin\/\" \/>\n<meta property=\"og:locale\" content=\"fr_FR\" \/>\n<meta property=\"og:type\" content=\"article\" \/>\n<meta property=\"og:title\" content=\"Leinen Los - Lin\" \/>\n<meta property=\"og:description\" content=\"Freitag, 26. August 2022, Stattstrand in Koblenz \/\/ Samstag, 27. August 2022: Altes Kelterhaus in Wintrich \/\/ Sonntag, 28. August 2022: Weingut Peter Greif in Tawern\" \/>\n<meta property=\"og:url\" content=\"https:\/\/kuka-trier.de\/fr\/leinen-los-lin\/\" \/>\n<meta property=\"og:site_name\" content=\"Kulturkarawane Trier\" \/>\n<meta property=\"article:published_time\" content=\"2022-06-09T14:21:00+00:00\" \/>\n<meta property=\"article:modified_time\" content=\"2022-08-31T09:35:11+00:00\" \/>\n<meta property=\"og:image\" content=\"https:\/\/kuka-trier.de\/wp-content\/uploads\/2022\/06\/20220713-kuk-leinen-los-hp-1.jpg\" \/>\n\t<meta property=\"og:image:width\" content=\"600\" \/>\n\t<meta property=\"og:image:height\" content=\"400\" \/>\n\t<meta property=\"og:image:type\" content=\"image\/jpeg\" \/>\n<meta name=\"author\" content=\"admin\" \/>\n<meta name=\"twitter:card\" content=\"summary_large_image\" \/>\n<meta name=\"twitter:label1\" content=\"\u00c9crit par\" \/>\n\t<meta name=\"twitter:data1\" content=\"admin\" \/>\n\t<meta name=\"twitter:label2\" content=\"Dur\u00e9e de lecture estim\u00e9e\" \/>\n\t<meta name=\"twitter:data2\" content=\"2 minutes\" \/>\n<script type=\"application\/ld+json\" class=\"yoast-schema-graph\">{\"@context\":\"https:\\\/\\\/schema.org\",\"@graph\":[{\"@type\":\"Article\",\"@id\":\"https:\\\/\\\/kuka-trier.de\\\/leinen-los-lin\\\/#article\",\"isPartOf\":{\"@id\":\"https:\\\/\\\/kuka-trier.de\\\/leinen-los-lin\\\/\"},\"author\":{\"name\":\"admin\",\"@id\":\"https:\\\/\\\/kuka-trier.de\\\/#\\\/schema\\\/person\\\/0e70983de674702cd8a6bd6656029617\"},\"headline\":\"Leinen Los &#8211; Lin\",\"datePublished\":\"2022-06-09T14:21:00+00:00\",\"dateModified\":\"2022-08-31T09:35:11+00:00\",\"mainEntityOfPage\":{\"@id\":\"https:\\\/\\\/kuka-trier.de\\\/leinen-los-lin\\\/\"},\"wordCount\":232,\"publisher\":{\"@id\":\"https:\\\/\\\/kuka-trier.de\\\/#organization\"},\"image\":{\"@id\":\"https:\\\/\\\/kuka-trier.de\\\/leinen-los-lin\\\/#primaryimage\"},\"thumbnailUrl\":\"https:\\\/\\\/kuka-trier.de\\\/wp-content\\\/uploads\\\/2022\\\/06\\\/20220713-kuk-leinen-los-hp-1.jpg\",\"keywords\":[\"Klein Anders\",\"Kostenlos\",\"Vergangen\"],\"articleSection\":[\"Musik\"],\"inLanguage\":\"fr-FR\"},{\"@type\":\"WebPage\",\"@id\":\"https:\\\/\\\/kuka-trier.de\\\/leinen-los-lin\\\/\",\"url\":\"https:\\\/\\\/kuka-trier.de\\\/leinen-los-lin\\\/\",\"name\":\"Leinen Los - Lin\",\"isPartOf\":{\"@id\":\"https:\\\/\\\/kuka-trier.de\\\/#website\"},\"primaryImageOfPage\":{\"@id\":\"https:\\\/\\\/kuka-trier.de\\\/leinen-los-lin\\\/#primaryimage\"},\"image\":{\"@id\":\"https:\\\/\\\/kuka-trier.de\\\/leinen-los-lin\\\/#primaryimage\"},\"thumbnailUrl\":\"https:\\\/\\\/kuka-trier.de\\\/wp-content\\\/uploads\\\/2022\\\/06\\\/20220713-kuk-leinen-los-hp-1.jpg\",\"datePublished\":\"2022-06-09T14:21:00+00:00\",\"dateModified\":\"2022-08-31T09:35:11+00:00\",\"description\":\"Freitag, 26. August 2022, Stattstrand in Koblenz \\\/\\\/ Samstag, 27. August 2022: Altes Kelterhaus in Wintrich \\\/\\\/ Sonntag, 28. August 2022: Weingut Peter Greif in Tawern\",\"breadcrumb\":{\"@id\":\"https:\\\/\\\/kuka-trier.de\\\/leinen-los-lin\\\/#breadcrumb\"},\"inLanguage\":\"fr-FR\",\"potentialAction\":[{\"@type\":\"ReadAction\",\"target\":[\"https:\\\/\\\/kuka-trier.de\\\/leinen-los-lin\\\/\"]}]},{\"@type\":\"ImageObject\",\"inLanguage\":\"fr-FR\",\"@id\":\"https:\\\/\\\/kuka-trier.de\\\/leinen-los-lin\\\/#primaryimage\",\"url\":\"https:\\\/\\\/kuka-trier.de\\\/wp-content\\\/uploads\\\/2022\\\/06\\\/20220713-kuk-leinen-los-hp-1.jpg\",\"contentUrl\":\"https:\\\/\\\/kuka-trier.de\\\/wp-content\\\/uploads\\\/2022\\\/06\\\/20220713-kuk-leinen-los-hp-1.jpg\",\"width\":600,\"height\":400,\"caption\":\"Leinen Los- Lin\"},{\"@type\":\"BreadcrumbList\",\"@id\":\"https:\\\/\\\/kuka-trier.de\\\/leinen-los-lin\\\/#breadcrumb\",\"itemListElement\":[{\"@type\":\"ListItem\",\"position\":1,\"name\":\"Startseite\",\"item\":\"https:\\\/\\\/kuka-trier.de\\\/\"},{\"@type\":\"ListItem\",\"position\":2,\"name\":\"Leinen Los &#8211; Lin\"}]},{\"@type\":\"WebSite\",\"@id\":\"https:\\\/\\\/kuka-trier.de\\\/#website\",\"url\":\"https:\\\/\\\/kuka-trier.de\\\/\",\"name\":\"Kulturkarawane Trier\",\"description\":\"BuntERleben\",\"publisher\":{\"@id\":\"https:\\\/\\\/kuka-trier.de\\\/#organization\"},\"potentialAction\":[{\"@type\":\"SearchAction\",\"target\":{\"@type\":\"EntryPoint\",\"urlTemplate\":\"https:\\\/\\\/kuka-trier.de\\\/?s={search_term_string}\"},\"query-input\":{\"@type\":\"PropertyValueSpecification\",\"valueRequired\":true,\"valueName\":\"search_term_string\"}}],\"inLanguage\":\"fr-FR\"},{\"@type\":\"Organization\",\"@id\":\"https:\\\/\\\/kuka-trier.de\\\/#organization\",\"name\":\"Kulturkarawane Trier\",\"url\":\"https:\\\/\\\/kuka-trier.de\\\/\",\"logo\":{\"@type\":\"ImageObject\",\"inLanguage\":\"fr-FR\",\"@id\":\"https:\\\/\\\/kuka-trier.de\\\/#\\\/schema\\\/logo\\\/image\\\/\",\"url\":\"https:\\\/\\\/kuka-trier.de\\\/wp-content\\\/uploads\\\/2022\\\/02\\\/cropped-KK19_Logo_color_26-12_web.png\",\"contentUrl\":\"https:\\\/\\\/kuka-trier.de\\\/wp-content\\\/uploads\\\/2022\\\/02\\\/cropped-KK19_Logo_color_26-12_web.png\",\"width\":822,\"height\":340,\"caption\":\"Kulturkarawane Trier\"},\"image\":{\"@id\":\"https:\\\/\\\/kuka-trier.de\\\/#\\\/schema\\\/logo\\\/image\\\/\"}},{\"@type\":\"Person\",\"@id\":\"https:\\\/\\\/kuka-trier.de\\\/#\\\/schema\\\/person\\\/0e70983de674702cd8a6bd6656029617\",\"name\":\"admin\",\"image\":{\"@type\":\"ImageObject\",\"inLanguage\":\"fr-FR\",\"@id\":\"https:\\\/\\\/secure.gravatar.com\\\/avatar\\\/9a8eb49d2b2ccb1d3ebbd410bd75a2680c8aff6331ee1e34607e1a7ee6695d39?s=96&d=mm&r=g\",\"url\":\"https:\\\/\\\/secure.gravatar.com\\\/avatar\\\/9a8eb49d2b2ccb1d3ebbd410bd75a2680c8aff6331ee1e34607e1a7ee6695d39?s=96&d=mm&r=g\",\"contentUrl\":\"https:\\\/\\\/secure.gravatar.com\\\/avatar\\\/9a8eb49d2b2ccb1d3ebbd410bd75a2680c8aff6331ee1e34607e1a7ee6695d39?s=96&d=mm&r=g\",\"caption\":\"admin\"},\"sameAs\":[\"http:\\\/\\\/kuka-trier.de\"],\"url\":\"https:\\\/\\\/kuka-trier.de\\\/fr\\\/author\\\/admin\\\/\"}]}<\/script>\n<!-- \/ Yoast SEO plugin. -->","yoast_head_json":{"title":"Leinen Los - Lin","description":"Freitag, 26. August 2022, Stattstrand in Koblenz \/\/ Samstag, 27. August 2022: Altes Kelterhaus in Wintrich \/\/ Sonntag, 28. August 2022: Weingut Peter Greif in Tawern","robots":{"index":"index","follow":"follow","max-snippet":"max-snippet:-1","max-image-preview":"max-image-preview:large","max-video-preview":"max-video-preview:-1"},"canonical":"https:\/\/kuka-trier.de\/fr\/leinen-los-lin\/","og_locale":"fr_FR","og_type":"article","og_title":"Leinen Los - Lin","og_description":"Freitag, 26. August 2022, Stattstrand in Koblenz \/\/ Samstag, 27. August 2022: Altes Kelterhaus in Wintrich \/\/ Sonntag, 28. August 2022: Weingut Peter Greif in Tawern","og_url":"https:\/\/kuka-trier.de\/fr\/leinen-los-lin\/","og_site_name":"Kulturkarawane Trier","article_published_time":"2022-06-09T14:21:00+00:00","article_modified_time":"2022-08-31T09:35:11+00:00","og_image":[{"width":600,"height":400,"url":"https:\/\/kuka-trier.de\/wp-content\/uploads\/2022\/06\/20220713-kuk-leinen-los-hp-1.jpg","type":"image\/jpeg"}],"author":"admin","twitter_card":"summary_large_image","twitter_misc":{"\u00c9crit par":"admin","Dur\u00e9e de lecture estim\u00e9e":"2 minutes"},"schema":{"@context":"https:\/\/schema.org","@graph":[{"@type":"Article","@id":"https:\/\/kuka-trier.de\/leinen-los-lin\/#article","isPartOf":{"@id":"https:\/\/kuka-trier.de\/leinen-los-lin\/"},"author":{"name":"admin","@id":"https:\/\/kuka-trier.de\/#\/schema\/person\/0e70983de674702cd8a6bd6656029617"},"headline":"Leinen Los &#8211; Lin","datePublished":"2022-06-09T14:21:00+00:00","dateModified":"2022-08-31T09:35:11+00:00","mainEntityOfPage":{"@id":"https:\/\/kuka-trier.de\/leinen-los-lin\/"},"wordCount":232,"publisher":{"@id":"https:\/\/kuka-trier.de\/#organization"},"image":{"@id":"https:\/\/kuka-trier.de\/leinen-los-lin\/#primaryimage"},"thumbnailUrl":"https:\/\/kuka-trier.de\/wp-content\/uploads\/2022\/06\/20220713-kuk-leinen-los-hp-1.jpg","keywords":["Klein Anders","Kostenlos","Vergangen"],"articleSection":["Musik"],"inLanguage":"fr-FR"},{"@type":"WebPage","@id":"https:\/\/kuka-trier.de\/leinen-los-lin\/","url":"https:\/\/kuka-trier.de\/leinen-los-lin\/","name":"Leinen Los - Lin","isPartOf":{"@id":"https:\/\/kuka-trier.de\/#website"},"primaryImageOfPage":{"@id":"https:\/\/kuka-trier.de\/leinen-los-lin\/#primaryimage"},"image":{"@id":"https:\/\/kuka-trier.de\/leinen-los-lin\/#primaryimage"},"thumbnailUrl":"https:\/\/kuka-trier.de\/wp-content\/uploads\/2022\/06\/20220713-kuk-leinen-los-hp-1.jpg","datePublished":"2022-06-09T14:21:00+00:00","dateModified":"2022-08-31T09:35:11+00:00","description":"Freitag, 26. August 2022, Stattstrand in Koblenz \/\/ Samstag, 27. August 2022: Altes Kelterhaus in Wintrich \/\/ Sonntag, 28. August 2022: Weingut Peter Greif in Tawern","breadcrumb":{"@id":"https:\/\/kuka-trier.de\/leinen-los-lin\/#breadcrumb"},"inLanguage":"fr-FR","potentialAction":[{"@type":"ReadAction","target":["https:\/\/kuka-trier.de\/leinen-los-lin\/"]}]},{"@type":"ImageObject","inLanguage":"fr-FR","@id":"https:\/\/kuka-trier.de\/leinen-los-lin\/#primaryimage","url":"https:\/\/kuka-trier.de\/wp-content\/uploads\/2022\/06\/20220713-kuk-leinen-los-hp-1.jpg","contentUrl":"https:\/\/kuka-trier.de\/wp-content\/uploads\/2022\/06\/20220713-kuk-leinen-los-hp-1.jpg","width":600,"height":400,"caption":"Leinen Los- Lin"},{"@type":"BreadcrumbList","@id":"https:\/\/kuka-trier.de\/leinen-los-lin\/#breadcrumb","itemListElement":[{"@type":"ListItem","position":1,"name":"Startseite","item":"https:\/\/kuka-trier.de\/"},{"@type":"ListItem","position":2,"name":"Leinen Los &#8211; Lin"}]},{"@type":"WebSite","@id":"https:\/\/kuka-trier.de\/#website","url":"https:\/\/kuka-trier.de\/","name":"Kulturkarawane Tr\u00e8ves","description":"Vivre en couleurs","publisher":{"@id":"https:\/\/kuka-trier.de\/#organization"},"potentialAction":[{"@type":"SearchAction","target":{"@type":"EntryPoint","urlTemplate":"https:\/\/kuka-trier.de\/?s={search_term_string}"},"query-input":{"@type":"PropertyValueSpecification","valueRequired":true,"valueName":"search_term_string"}}],"inLanguage":"fr-FR"},{"@type":"Organization","@id":"https:\/\/kuka-trier.de\/#organization","name":"Kulturkarawane Tr\u00e8ves","url":"https:\/\/kuka-trier.de\/","logo":{"@type":"ImageObject","inLanguage":"fr-FR","@id":"https:\/\/kuka-trier.de\/#\/schema\/logo\/image\/","url":"https:\/\/kuka-trier.de\/wp-content\/uploads\/2022\/02\/cropped-KK19_Logo_color_26-12_web.png","contentUrl":"https:\/\/kuka-trier.de\/wp-content\/uploads\/2022\/02\/cropped-KK19_Logo_color_26-12_web.png","width":822,"height":340,"caption":"Kulturkarawane Trier"},"image":{"@id":"https:\/\/kuka-trier.de\/#\/schema\/logo\/image\/"}},{"@type":"Person","@id":"https:\/\/kuka-trier.de\/#\/schema\/person\/0e70983de674702cd8a6bd6656029617","name":"admin","image":{"@type":"ImageObject","inLanguage":"fr-FR","@id":"https:\/\/secure.gravatar.com\/avatar\/9a8eb49d2b2ccb1d3ebbd410bd75a2680c8aff6331ee1e34607e1a7ee6695d39?s=96&d=mm&r=g","url":"https:\/\/secure.gravatar.com\/avatar\/9a8eb49d2b2ccb1d3ebbd410bd75a2680c8aff6331ee1e34607e1a7ee6695d39?s=96&d=mm&r=g","contentUrl":"https:\/\/secure.gravatar.com\/avatar\/9a8eb49d2b2ccb1d3ebbd410bd75a2680c8aff6331ee1e34607e1a7ee6695d39?s=96&d=mm&r=g","caption":"admin"},"sameAs":["http:\/\/kuka-trier.de"],"url":"https:\/\/kuka-trier.de\/fr\/author\/admin\/"}]}},"_links":{"self":[{"href":"https:\/\/kuka-trier.de\/fr\/wp-json\/wp\/v2\/posts\/1396","targetHints":{"allow":["GET"]}}],"collection":[{"href":"https:\/\/kuka-trier.de\/fr\/wp-json\/wp\/v2\/posts"}],"about":[{"href":"https:\/\/kuka-trier.de\/fr\/wp-json\/wp\/v2\/types\/post"}],"author":[{"embeddable":true,"href":"https:\/\/kuka-trier.de\/fr\/wp-json\/wp\/v2\/users\/1"}],"replies":[{"embeddable":true,"href":"https:\/\/kuka-trier.de\/fr\/wp-json\/wp\/v2\/comments?post=1396"}],"version-history":[{"count":9,"href":"https:\/\/kuka-trier.de\/fr\/wp-json\/wp\/v2\/posts\/1396\/revisions"}],"predecessor-version":[{"id":1579,"href":"https:\/\/kuka-trier.de\/fr\/wp-json\/wp\/v2\/posts\/1396\/revisions\/1579"}],"wp:featuredmedia":[{"embeddable":true,"href":"https:\/\/kuka-trier.de\/fr\/wp-json\/wp\/v2\/media\/1407"}],"wp:attachment":[{"href":"https:\/\/kuka-trier.de\/fr\/wp-json\/wp\/v2\/media?parent=1396"}],"wp:term":[{"taxonomy":"category","embeddable":true,"href":"https:\/\/kuka-trier.de\/fr\/wp-json\/wp\/v2\/categories?post=1396"},{"taxonomy":"post_tag","embeddable":true,"href":"https:\/\/kuka-trier.de\/fr\/wp-json\/wp\/v2\/tags?post=1396"}],"curies":[{"name":"wp","href":"https:\/\/api.w.org\/{rel}","templated":true}]}}