{"id":1521,"date":"2022-06-08T09:18:00","date_gmt":"2022-06-08T09:18:00","guid":{"rendered":"https:\/\/kuka-trier.de\/?p=1521"},"modified":"2022-08-25T07:31:17","modified_gmt":"2022-08-25T07:31:17","slug":"ortsteilkonzert-affinity-kit","status":"publish","type":"post","link":"https:\/\/kuka-trier.de\/fr\/ortsteilkonzert-affinity-kit\/","title":{"rendered":"Concerts de quartier - Affinity Kit"},"content":{"rendered":"<p><strong>En collaboration avec le conseil local de Tr\u00e8ves-Pfalzel et Tr\u00e8ves-Filsch<\/strong><\/p>\n\n\n\n<p>Quelque part entre l'optimisme n\u00e9cessaire et la m\u00e9lancolie pleine d'espoir, Affinity Kit picore dans un paysage musical qui trouve ses racines dans le singer\/songwriter tum, mais qui ne fait pas non plus l'impasse sur des accents modernes et \u00e9lectroniques.<\/p>\n\n\n\n<p>Gr\u00e2ce \u00e0 une grande largeur de bande et un grand souci du d\u00e9tail, les chansons sont marqu\u00e9es d'une empreinte propre dont Affinity Kit ne doit ni ne veut renier l'affinit\u00e9 pop.<\/p>\n\n\n\n<p><strong>Concert Tr\u00e8ves-Pfalzel<br><\/strong>Date : Sa 20 ao\u00fbt<br>Entr\u00e9e : 17:30 \/\/ D\u00e9but : 18:00<br>Lieu : 27 Residenzstra\u00dfe - <em>Dans la cour int\u00e9rieure \u00e0 c\u00f4t\u00e9 de la caserne des pompiers<\/em><\/p>\n\n\n\n<p><strong>Concert Tr\u00e8ves-Filsch<\/strong><br>Date : dimanche 21 ao\u00fbt<strong><br><\/strong>Entr\u00e9e : 15:00 \/\/ D\u00e9but : 16:00<br>Lieu : An der Wolfskaul -&nbsp;<em>Prairie pr\u00e8s de la rue Edith Stein<\/em><\/p>","protected":false},"excerpt":{"rendered":"<p>Petit Autre<br \/>20 \/\/ 21 ao\u00fbt - 18:00 \/\/ 16:00<br \/> Tr\u00e8ves-Pfalzel \/\/ Tr\u00e8ves-Filsch<br \/>Entr\u00e9e gratuite !<\/p>","protected":false},"author":1,"featured_media":1522,"comment_status":"closed","ping_status":"open","sticky":false,"template":"","format":"standard","meta":{"_jf_save_progress":"","footnotes":""},"categories":[11],"tags":[17,38,48],"class_list":["post-1521","post","type-post","status-publish","format-standard","has-post-thumbnail","hentry","category-musik","tag-klein-anders","tag-kostenlos","tag-vergangen"],"yoast_head":"<!-- This site is optimized with the Yoast SEO plugin v27.5 - https:\/\/yoast.com\/product\/yoast-seo-wordpress\/ -->\n<title>Ortsteilkonzerte \u2013 Affinity Kit<\/title>\n<meta name=\"description\" content=\"Samstag, 20. August 2022, Trier-Pflazel, 18:00 Uhr\" \/>\n<meta name=\"robots\" content=\"index, follow, max-snippet:-1, max-image-preview:large, max-video-preview:-1\" \/>\n<link rel=\"canonical\" href=\"https:\/\/kuka-trier.de\/fr\/ortsteilkonzert-affinity-kit\/\" \/>\n<meta property=\"og:locale\" content=\"fr_FR\" \/>\n<meta property=\"og:type\" content=\"article\" \/>\n<meta property=\"og:title\" content=\"Ortsteilkonzerte \u2013 Affinity Kit\" \/>\n<meta property=\"og:description\" content=\"Samstag, 20. August 2022, Trier-Pflazel, 18:00 Uhr\" \/>\n<meta property=\"og:url\" content=\"https:\/\/kuka-trier.de\/fr\/ortsteilkonzert-affinity-kit\/\" \/>\n<meta property=\"og:site_name\" content=\"Kulturkarawane Trier\" \/>\n<meta property=\"article:published_time\" content=\"2022-06-08T09:18:00+00:00\" \/>\n<meta property=\"article:modified_time\" content=\"2022-08-25T07:31:17+00:00\" \/>\n<meta property=\"og:image\" content=\"https:\/\/kuka-trier.de\/wp-content\/uploads\/2022\/08\/20220801-kuk-OTK-affinity-hp.jpg\" \/>\n\t<meta property=\"og:image:width\" content=\"900\" \/>\n\t<meta property=\"og:image:height\" content=\"600\" \/>\n\t<meta property=\"og:image:type\" content=\"image\/jpeg\" \/>\n<meta name=\"author\" content=\"admin\" \/>\n<meta name=\"twitter:card\" content=\"summary_large_image\" \/>\n<meta name=\"twitter:label1\" content=\"\u00c9crit par\" \/>\n\t<meta name=\"twitter:data1\" content=\"admin\" \/>\n\t<meta name=\"twitter:label2\" content=\"Dur\u00e9e de lecture estim\u00e9e\" \/>\n\t<meta name=\"twitter:data2\" content=\"1 minute\" \/>\n<script type=\"application\/ld+json\" class=\"yoast-schema-graph\">{\"@context\":\"https:\\\/\\\/schema.org\",\"@graph\":[{\"@type\":\"Article\",\"@id\":\"https:\\\/\\\/kuka-trier.de\\\/ortsteilkonzert-affinity-kit\\\/#article\",\"isPartOf\":{\"@id\":\"https:\\\/\\\/kuka-trier.de\\\/ortsteilkonzert-affinity-kit\\\/\"},\"author\":{\"name\":\"admin\",\"@id\":\"https:\\\/\\\/kuka-trier.de\\\/#\\\/schema\\\/person\\\/0e70983de674702cd8a6bd6656029617\"},\"headline\":\"Ortsteilkonzerte \u2013 Affinity Kit\",\"datePublished\":\"2022-06-08T09:18:00+00:00\",\"dateModified\":\"2022-08-25T07:31:17+00:00\",\"mainEntityOfPage\":{\"@id\":\"https:\\\/\\\/kuka-trier.de\\\/ortsteilkonzert-affinity-kit\\\/\"},\"wordCount\":98,\"publisher\":{\"@id\":\"https:\\\/\\\/kuka-trier.de\\\/#organization\"},\"image\":{\"@id\":\"https:\\\/\\\/kuka-trier.de\\\/ortsteilkonzert-affinity-kit\\\/#primaryimage\"},\"thumbnailUrl\":\"https:\\\/\\\/kuka-trier.de\\\/wp-content\\\/uploads\\\/2022\\\/08\\\/20220801-kuk-OTK-affinity-hp.jpg\",\"keywords\":[\"Klein Anders\",\"Kostenlos\",\"Vergangen\"],\"articleSection\":[\"Musik\"],\"inLanguage\":\"fr-FR\"},{\"@type\":\"WebPage\",\"@id\":\"https:\\\/\\\/kuka-trier.de\\\/ortsteilkonzert-affinity-kit\\\/\",\"url\":\"https:\\\/\\\/kuka-trier.de\\\/ortsteilkonzert-affinity-kit\\\/\",\"name\":\"Ortsteilkonzerte \u2013 Affinity Kit\",\"isPartOf\":{\"@id\":\"https:\\\/\\\/kuka-trier.de\\\/#website\"},\"primaryImageOfPage\":{\"@id\":\"https:\\\/\\\/kuka-trier.de\\\/ortsteilkonzert-affinity-kit\\\/#primaryimage\"},\"image\":{\"@id\":\"https:\\\/\\\/kuka-trier.de\\\/ortsteilkonzert-affinity-kit\\\/#primaryimage\"},\"thumbnailUrl\":\"https:\\\/\\\/kuka-trier.de\\\/wp-content\\\/uploads\\\/2022\\\/08\\\/20220801-kuk-OTK-affinity-hp.jpg\",\"datePublished\":\"2022-06-08T09:18:00+00:00\",\"dateModified\":\"2022-08-25T07:31:17+00:00\",\"description\":\"Samstag, 20. August 2022, Trier-Pflazel, 18:00 Uhr\",\"breadcrumb\":{\"@id\":\"https:\\\/\\\/kuka-trier.de\\\/ortsteilkonzert-affinity-kit\\\/#breadcrumb\"},\"inLanguage\":\"fr-FR\",\"potentialAction\":[{\"@type\":\"ReadAction\",\"target\":[\"https:\\\/\\\/kuka-trier.de\\\/ortsteilkonzert-affinity-kit\\\/\"]}]},{\"@type\":\"ImageObject\",\"inLanguage\":\"fr-FR\",\"@id\":\"https:\\\/\\\/kuka-trier.de\\\/ortsteilkonzert-affinity-kit\\\/#primaryimage\",\"url\":\"https:\\\/\\\/kuka-trier.de\\\/wp-content\\\/uploads\\\/2022\\\/08\\\/20220801-kuk-OTK-affinity-hp.jpg\",\"contentUrl\":\"https:\\\/\\\/kuka-trier.de\\\/wp-content\\\/uploads\\\/2022\\\/08\\\/20220801-kuk-OTK-affinity-hp.jpg\",\"width\":900,\"height\":600,\"caption\":\"Affinity Kit Pressebild\"},{\"@type\":\"BreadcrumbList\",\"@id\":\"https:\\\/\\\/kuka-trier.de\\\/ortsteilkonzert-affinity-kit\\\/#breadcrumb\",\"itemListElement\":[{\"@type\":\"ListItem\",\"position\":1,\"name\":\"Startseite\",\"item\":\"https:\\\/\\\/kuka-trier.de\\\/\"},{\"@type\":\"ListItem\",\"position\":2,\"name\":\"Ortsteilkonzerte \u2013 Affinity Kit\"}]},{\"@type\":\"WebSite\",\"@id\":\"https:\\\/\\\/kuka-trier.de\\\/#website\",\"url\":\"https:\\\/\\\/kuka-trier.de\\\/\",\"name\":\"Kulturkarawane Trier\",\"description\":\"BuntERleben\",\"publisher\":{\"@id\":\"https:\\\/\\\/kuka-trier.de\\\/#organization\"},\"potentialAction\":[{\"@type\":\"SearchAction\",\"target\":{\"@type\":\"EntryPoint\",\"urlTemplate\":\"https:\\\/\\\/kuka-trier.de\\\/?s={search_term_string}\"},\"query-input\":{\"@type\":\"PropertyValueSpecification\",\"valueRequired\":true,\"valueName\":\"search_term_string\"}}],\"inLanguage\":\"fr-FR\"},{\"@type\":\"Organization\",\"@id\":\"https:\\\/\\\/kuka-trier.de\\\/#organization\",\"name\":\"Kulturkarawane Trier\",\"url\":\"https:\\\/\\\/kuka-trier.de\\\/\",\"logo\":{\"@type\":\"ImageObject\",\"inLanguage\":\"fr-FR\",\"@id\":\"https:\\\/\\\/kuka-trier.de\\\/#\\\/schema\\\/logo\\\/image\\\/\",\"url\":\"https:\\\/\\\/kuka-trier.de\\\/wp-content\\\/uploads\\\/2022\\\/02\\\/cropped-KK19_Logo_color_26-12_web.png\",\"contentUrl\":\"https:\\\/\\\/kuka-trier.de\\\/wp-content\\\/uploads\\\/2022\\\/02\\\/cropped-KK19_Logo_color_26-12_web.png\",\"width\":822,\"height\":340,\"caption\":\"Kulturkarawane Trier\"},\"image\":{\"@id\":\"https:\\\/\\\/kuka-trier.de\\\/#\\\/schema\\\/logo\\\/image\\\/\"}},{\"@type\":\"Person\",\"@id\":\"https:\\\/\\\/kuka-trier.de\\\/#\\\/schema\\\/person\\\/0e70983de674702cd8a6bd6656029617\",\"name\":\"admin\",\"image\":{\"@type\":\"ImageObject\",\"inLanguage\":\"fr-FR\",\"@id\":\"https:\\\/\\\/secure.gravatar.com\\\/avatar\\\/9a8eb49d2b2ccb1d3ebbd410bd75a2680c8aff6331ee1e34607e1a7ee6695d39?s=96&d=mm&r=g\",\"url\":\"https:\\\/\\\/secure.gravatar.com\\\/avatar\\\/9a8eb49d2b2ccb1d3ebbd410bd75a2680c8aff6331ee1e34607e1a7ee6695d39?s=96&d=mm&r=g\",\"contentUrl\":\"https:\\\/\\\/secure.gravatar.com\\\/avatar\\\/9a8eb49d2b2ccb1d3ebbd410bd75a2680c8aff6331ee1e34607e1a7ee6695d39?s=96&d=mm&r=g\",\"caption\":\"admin\"},\"sameAs\":[\"http:\\\/\\\/kuka-trier.de\"],\"url\":\"https:\\\/\\\/kuka-trier.de\\\/fr\\\/author\\\/admin\\\/\"}]}<\/script>\n<!-- \/ Yoast SEO plugin. -->","yoast_head_json":{"title":"Concerts de quartier - Affinity Kit","description":"Samedi 20 ao\u00fbt 2022, Tr\u00e8ves-Pflazel, 18h00","robots":{"index":"index","follow":"follow","max-snippet":"max-snippet:-1","max-image-preview":"max-image-preview:large","max-video-preview":"max-video-preview:-1"},"canonical":"https:\/\/kuka-trier.de\/fr\/ortsteilkonzert-affinity-kit\/","og_locale":"fr_FR","og_type":"article","og_title":"Ortsteilkonzerte \u2013 Affinity Kit","og_description":"Samstag, 20. August 2022, Trier-Pflazel, 18:00 Uhr","og_url":"https:\/\/kuka-trier.de\/fr\/ortsteilkonzert-affinity-kit\/","og_site_name":"Kulturkarawane Trier","article_published_time":"2022-06-08T09:18:00+00:00","article_modified_time":"2022-08-25T07:31:17+00:00","og_image":[{"width":900,"height":600,"url":"https:\/\/kuka-trier.de\/wp-content\/uploads\/2022\/08\/20220801-kuk-OTK-affinity-hp.jpg","type":"image\/jpeg"}],"author":"admin","twitter_card":"summary_large_image","twitter_misc":{"\u00c9crit par":"admin","Dur\u00e9e de lecture estim\u00e9e":"1 minute"},"schema":{"@context":"https:\/\/schema.org","@graph":[{"@type":"Article","@id":"https:\/\/kuka-trier.de\/ortsteilkonzert-affinity-kit\/#article","isPartOf":{"@id":"https:\/\/kuka-trier.de\/ortsteilkonzert-affinity-kit\/"},"author":{"name":"admin","@id":"https:\/\/kuka-trier.de\/#\/schema\/person\/0e70983de674702cd8a6bd6656029617"},"headline":"Ortsteilkonzerte \u2013 Affinity Kit","datePublished":"2022-06-08T09:18:00+00:00","dateModified":"2022-08-25T07:31:17+00:00","mainEntityOfPage":{"@id":"https:\/\/kuka-trier.de\/ortsteilkonzert-affinity-kit\/"},"wordCount":98,"publisher":{"@id":"https:\/\/kuka-trier.de\/#organization"},"image":{"@id":"https:\/\/kuka-trier.de\/ortsteilkonzert-affinity-kit\/#primaryimage"},"thumbnailUrl":"https:\/\/kuka-trier.de\/wp-content\/uploads\/2022\/08\/20220801-kuk-OTK-affinity-hp.jpg","keywords":["Klein Anders","Kostenlos","Vergangen"],"articleSection":["Musik"],"inLanguage":"fr-FR"},{"@type":"WebPage","@id":"https:\/\/kuka-trier.de\/ortsteilkonzert-affinity-kit\/","url":"https:\/\/kuka-trier.de\/ortsteilkonzert-affinity-kit\/","name":"Concerts de quartier - Affinity Kit","isPartOf":{"@id":"https:\/\/kuka-trier.de\/#website"},"primaryImageOfPage":{"@id":"https:\/\/kuka-trier.de\/ortsteilkonzert-affinity-kit\/#primaryimage"},"image":{"@id":"https:\/\/kuka-trier.de\/ortsteilkonzert-affinity-kit\/#primaryimage"},"thumbnailUrl":"https:\/\/kuka-trier.de\/wp-content\/uploads\/2022\/08\/20220801-kuk-OTK-affinity-hp.jpg","datePublished":"2022-06-08T09:18:00+00:00","dateModified":"2022-08-25T07:31:17+00:00","description":"Samedi 20 ao\u00fbt 2022, Tr\u00e8ves-Pflazel, 18h00","breadcrumb":{"@id":"https:\/\/kuka-trier.de\/ortsteilkonzert-affinity-kit\/#breadcrumb"},"inLanguage":"fr-FR","potentialAction":[{"@type":"ReadAction","target":["https:\/\/kuka-trier.de\/ortsteilkonzert-affinity-kit\/"]}]},{"@type":"ImageObject","inLanguage":"fr-FR","@id":"https:\/\/kuka-trier.de\/ortsteilkonzert-affinity-kit\/#primaryimage","url":"https:\/\/kuka-trier.de\/wp-content\/uploads\/2022\/08\/20220801-kuk-OTK-affinity-hp.jpg","contentUrl":"https:\/\/kuka-trier.de\/wp-content\/uploads\/2022\/08\/20220801-kuk-OTK-affinity-hp.jpg","width":900,"height":600,"caption":"Affinity Kit Pressebild"},{"@type":"BreadcrumbList","@id":"https:\/\/kuka-trier.de\/ortsteilkonzert-affinity-kit\/#breadcrumb","itemListElement":[{"@type":"ListItem","position":1,"name":"Startseite","item":"https:\/\/kuka-trier.de\/"},{"@type":"ListItem","position":2,"name":"Ortsteilkonzerte \u2013 Affinity Kit"}]},{"@type":"WebSite","@id":"https:\/\/kuka-trier.de\/#website","url":"https:\/\/kuka-trier.de\/","name":"Kulturkarawane Tr\u00e8ves","description":"Vivre en couleurs","publisher":{"@id":"https:\/\/kuka-trier.de\/#organization"},"potentialAction":[{"@type":"SearchAction","target":{"@type":"EntryPoint","urlTemplate":"https:\/\/kuka-trier.de\/?s={search_term_string}"},"query-input":{"@type":"PropertyValueSpecification","valueRequired":true,"valueName":"search_term_string"}}],"inLanguage":"fr-FR"},{"@type":"Organization","@id":"https:\/\/kuka-trier.de\/#organization","name":"Kulturkarawane Tr\u00e8ves","url":"https:\/\/kuka-trier.de\/","logo":{"@type":"ImageObject","inLanguage":"fr-FR","@id":"https:\/\/kuka-trier.de\/#\/schema\/logo\/image\/","url":"https:\/\/kuka-trier.de\/wp-content\/uploads\/2022\/02\/cropped-KK19_Logo_color_26-12_web.png","contentUrl":"https:\/\/kuka-trier.de\/wp-content\/uploads\/2022\/02\/cropped-KK19_Logo_color_26-12_web.png","width":822,"height":340,"caption":"Kulturkarawane Trier"},"image":{"@id":"https:\/\/kuka-trier.de\/#\/schema\/logo\/image\/"}},{"@type":"Person","@id":"https:\/\/kuka-trier.de\/#\/schema\/person\/0e70983de674702cd8a6bd6656029617","name":"admin","image":{"@type":"ImageObject","inLanguage":"fr-FR","@id":"https:\/\/secure.gravatar.com\/avatar\/9a8eb49d2b2ccb1d3ebbd410bd75a2680c8aff6331ee1e34607e1a7ee6695d39?s=96&d=mm&r=g","url":"https:\/\/secure.gravatar.com\/avatar\/9a8eb49d2b2ccb1d3ebbd410bd75a2680c8aff6331ee1e34607e1a7ee6695d39?s=96&d=mm&r=g","contentUrl":"https:\/\/secure.gravatar.com\/avatar\/9a8eb49d2b2ccb1d3ebbd410bd75a2680c8aff6331ee1e34607e1a7ee6695d39?s=96&d=mm&r=g","caption":"admin"},"sameAs":["http:\/\/kuka-trier.de"],"url":"https:\/\/kuka-trier.de\/fr\/author\/admin\/"}]}},"_links":{"self":[{"href":"https:\/\/kuka-trier.de\/fr\/wp-json\/wp\/v2\/posts\/1521","targetHints":{"allow":["GET"]}}],"collection":[{"href":"https:\/\/kuka-trier.de\/fr\/wp-json\/wp\/v2\/posts"}],"about":[{"href":"https:\/\/kuka-trier.de\/fr\/wp-json\/wp\/v2\/types\/post"}],"author":[{"embeddable":true,"href":"https:\/\/kuka-trier.de\/fr\/wp-json\/wp\/v2\/users\/1"}],"replies":[{"embeddable":true,"href":"https:\/\/kuka-trier.de\/fr\/wp-json\/wp\/v2\/comments?post=1521"}],"version-history":[{"count":16,"href":"https:\/\/kuka-trier.de\/fr\/wp-json\/wp\/v2\/posts\/1521\/revisions"}],"predecessor-version":[{"id":1630,"href":"https:\/\/kuka-trier.de\/fr\/wp-json\/wp\/v2\/posts\/1521\/revisions\/1630"}],"wp:featuredmedia":[{"embeddable":true,"href":"https:\/\/kuka-trier.de\/fr\/wp-json\/wp\/v2\/media\/1522"}],"wp:attachment":[{"href":"https:\/\/kuka-trier.de\/fr\/wp-json\/wp\/v2\/media?parent=1521"}],"wp:term":[{"taxonomy":"category","embeddable":true,"href":"https:\/\/kuka-trier.de\/fr\/wp-json\/wp\/v2\/categories?post=1521"},{"taxonomy":"post_tag","embeddable":true,"href":"https:\/\/kuka-trier.de\/fr\/wp-json\/wp\/v2\/tags?post=1521"}],"curies":[{"name":"wp","href":"https:\/\/api.w.org\/{rel}","templated":true}]}}