{"id":161,"date":"2022-05-11T12:46:26","date_gmt":"2022-05-11T12:46:26","guid":{"rendered":"https:\/\/kuka-trier.de\/?p=161"},"modified":"2022-07-18T07:28:35","modified_gmt":"2022-07-18T07:28:35","slug":"fortuna-ehrenfeld","status":"publish","type":"post","link":"https:\/\/kuka-trier.de\/fr\/fortuna-ehrenfeld\/","title":{"rendered":"Fortuna Ehrenfeld"},"content":{"rendered":"<p><strong>FORTUNA CHAMP D'HONNEUR <\/strong>sont devenus incontournables sur la sc\u00e8ne indie germanophone. Martin Bechler s'est cr\u00e9\u00e9 son propre genre avec sa po\u00e9sie singuli\u00e8re et tire une fl\u00e8che apr\u00e8s l'autre de son carquois avec une s\u00e9r\u00e9nit\u00e9 intacte. Jenny Thiele et Jannis Kn\u00fcpfer compl\u00e8tent le groupe de voyage Seltsam pour former un trio unique. D'innombrables concerts, quatre albums, l'incarnation du plaisir de jouer comme un somnambule.<\/p>\n\n\n\n<p>FORTUNA sont sur le point de placer la prochaine balle de smash sur la table de ping-pong de la R\u00e9publique f\u00e9d\u00e9rale d'Allemagne. \"Nous venons de nous \u00e9chauffer\", r\u00e9sonne le studio d'Ehrenfeld. Eh bien, alors...<\/p>\n\n\n\n<p><strong>Hennich &amp; Hanschel - un groupe, deux noms<\/strong><br>Le quatuor de deux personnes joue une s\u00e9lection raffin\u00e9e de leur programme actuel \"Overdressed &amp; Unterprobt\" ! Le fil qu'ils ont eux-m\u00eames brod\u00e9 brille sous les projecteurs, les c\u0153urs du public heureux font des culbutes et des buissons, le son fait la musique et elle est tellement belle... c'est ainsi qu'ils imaginent la soir\u00e9e avec toi ! Ils se r\u00e9jouissent de te voir, toi et toi !<\/p>\n\n\n\n<figure class=\"wp-block-image size-full is-resized\"><img fetchpriority=\"high\" decoding=\"async\" src=\"https:\/\/kuka-trier.de\/wp-content\/uploads\/2022\/06\/20210528-kuk-kleinanders-ticket-rechts-hundh.jpg\" alt=\"\" class=\"wp-image-1078\" width=\"282\" height=\"188\" srcset=\"https:\/\/kuka-trier.de\/wp-content\/uploads\/2022\/06\/20210528-kuk-kleinanders-ticket-rechts-hundh.jpg 450w, https:\/\/kuka-trier.de\/wp-content\/uploads\/2022\/06\/20210528-kuk-kleinanders-ticket-rechts-hundh-300x200.jpg 300w\" sizes=\"(max-width: 282px) 100vw, 282px\" \/><\/figure>\n\n\n\n<a href=\"\/fr\/fgctrier\/\">\n    <button>\" Infos sur le Flying Grass Carpet<\/button>\n  <\/a>","protected":false},"excerpt":{"rendered":"<p>TAPIS D'HERBE VOLANT 2022<br \/>\nVendredi 15 juillet - 20:00<br \/>\nMarch\u00e9 aux bestiaux de Tr\u00e8ves<\/p>","protected":false},"author":1,"featured_media":90,"comment_status":"open","ping_status":"open","sticky":false,"template":"","format":"standard","meta":{"_jf_save_progress":"","footnotes":""},"categories":[22],"tags":[13,48],"class_list":["post-161","post","type-post","status-publish","format-standard","has-post-thumbnail","hentry","category-indie-pop","tag-fgc2022","tag-vergangen"],"yoast_head":"<!-- This site is optimized with the Yoast SEO plugin v27.5 - https:\/\/yoast.com\/product\/yoast-seo-wordpress\/ -->\n<title>Fortuna Ehrenfeld | FLYING GRASS CARPET 2022<\/title>\n<meta name=\"description\" content=\"Open-Air Konzert am Freitag, 15. Juli ab 20:00 Uhr auf dem Viehmarkt Trier\" \/>\n<meta name=\"robots\" content=\"index, follow, max-snippet:-1, max-image-preview:large, max-video-preview:-1\" \/>\n<link rel=\"canonical\" href=\"https:\/\/kuka-trier.de\/fr\/fortuna-ehrenfeld\/\" \/>\n<meta property=\"og:locale\" content=\"fr_FR\" \/>\n<meta property=\"og:type\" content=\"article\" \/>\n<meta property=\"og:title\" content=\"Fortuna Ehrenfeld | FLYING GRASS CARPET 2022\" \/>\n<meta property=\"og:description\" content=\"Open-Air Konzert am Freitag, 15. Juli ab 20:00 Uhr auf dem Viehmarkt Trier\" \/>\n<meta property=\"og:url\" content=\"https:\/\/kuka-trier.de\/fr\/fortuna-ehrenfeld\/\" \/>\n<meta property=\"og:site_name\" content=\"Kulturkarawane Trier\" \/>\n<meta property=\"article:published_time\" content=\"2022-05-11T12:46:26+00:00\" \/>\n<meta property=\"article:modified_time\" content=\"2022-07-18T07:28:35+00:00\" \/>\n<meta property=\"og:image\" content=\"https:\/\/kuka-trier.de\/wp-content\/uploads\/2022\/05\/20220715-KUK-FGC-fortuna-ehrenfeld.jpg\" \/>\n\t<meta property=\"og:image:width\" content=\"450\" \/>\n\t<meta property=\"og:image:height\" content=\"300\" \/>\n\t<meta property=\"og:image:type\" content=\"image\/jpeg\" \/>\n<meta name=\"author\" content=\"admin\" \/>\n<meta name=\"twitter:card\" content=\"summary_large_image\" \/>\n<meta name=\"twitter:label1\" content=\"\u00c9crit par\" \/>\n\t<meta name=\"twitter:data1\" content=\"admin\" \/>\n\t<meta name=\"twitter:label2\" content=\"Dur\u00e9e de lecture estim\u00e9e\" \/>\n\t<meta name=\"twitter:data2\" content=\"2 minutes\" \/>\n<script type=\"application\/ld+json\" class=\"yoast-schema-graph\">{\"@context\":\"https:\\\/\\\/schema.org\",\"@graph\":[{\"@type\":\"Article\",\"@id\":\"https:\\\/\\\/kuka-trier.de\\\/fortuna-ehrenfeld\\\/#article\",\"isPartOf\":{\"@id\":\"https:\\\/\\\/kuka-trier.de\\\/fortuna-ehrenfeld\\\/\"},\"author\":{\"name\":\"admin\",\"@id\":\"https:\\\/\\\/kuka-trier.de\\\/#\\\/schema\\\/person\\\/0e70983de674702cd8a6bd6656029617\"},\"headline\":\"Fortuna Ehrenfeld\",\"datePublished\":\"2022-05-11T12:46:26+00:00\",\"dateModified\":\"2022-07-18T07:28:35+00:00\",\"mainEntityOfPage\":{\"@id\":\"https:\\\/\\\/kuka-trier.de\\\/fortuna-ehrenfeld\\\/\"},\"wordCount\":166,\"commentCount\":0,\"publisher\":{\"@id\":\"https:\\\/\\\/kuka-trier.de\\\/#organization\"},\"image\":{\"@id\":\"https:\\\/\\\/kuka-trier.de\\\/fortuna-ehrenfeld\\\/#primaryimage\"},\"thumbnailUrl\":\"https:\\\/\\\/kuka-trier.de\\\/wp-content\\\/uploads\\\/2022\\\/05\\\/20220715-KUK-FGC-fortuna-ehrenfeld.jpg\",\"keywords\":[\"FGC2022\",\"Vergangen\"],\"articleSection\":[\"Indie Pop\"],\"inLanguage\":\"fr-FR\",\"potentialAction\":[{\"@type\":\"CommentAction\",\"name\":\"Comment\",\"target\":[\"https:\\\/\\\/kuka-trier.de\\\/fortuna-ehrenfeld\\\/#respond\"]}]},{\"@type\":\"WebPage\",\"@id\":\"https:\\\/\\\/kuka-trier.de\\\/fortuna-ehrenfeld\\\/\",\"url\":\"https:\\\/\\\/kuka-trier.de\\\/fortuna-ehrenfeld\\\/\",\"name\":\"Fortuna Ehrenfeld | FLYING GRASS CARPET 2022\",\"isPartOf\":{\"@id\":\"https:\\\/\\\/kuka-trier.de\\\/#website\"},\"primaryImageOfPage\":{\"@id\":\"https:\\\/\\\/kuka-trier.de\\\/fortuna-ehrenfeld\\\/#primaryimage\"},\"image\":{\"@id\":\"https:\\\/\\\/kuka-trier.de\\\/fortuna-ehrenfeld\\\/#primaryimage\"},\"thumbnailUrl\":\"https:\\\/\\\/kuka-trier.de\\\/wp-content\\\/uploads\\\/2022\\\/05\\\/20220715-KUK-FGC-fortuna-ehrenfeld.jpg\",\"datePublished\":\"2022-05-11T12:46:26+00:00\",\"dateModified\":\"2022-07-18T07:28:35+00:00\",\"description\":\"Open-Air Konzert am Freitag, 15. Juli ab 20:00 Uhr auf dem Viehmarkt Trier\",\"breadcrumb\":{\"@id\":\"https:\\\/\\\/kuka-trier.de\\\/fortuna-ehrenfeld\\\/#breadcrumb\"},\"inLanguage\":\"fr-FR\",\"potentialAction\":[{\"@type\":\"ReadAction\",\"target\":[\"https:\\\/\\\/kuka-trier.de\\\/fortuna-ehrenfeld\\\/\"]}]},{\"@type\":\"ImageObject\",\"inLanguage\":\"fr-FR\",\"@id\":\"https:\\\/\\\/kuka-trier.de\\\/fortuna-ehrenfeld\\\/#primaryimage\",\"url\":\"https:\\\/\\\/kuka-trier.de\\\/wp-content\\\/uploads\\\/2022\\\/05\\\/20220715-KUK-FGC-fortuna-ehrenfeld.jpg\",\"contentUrl\":\"https:\\\/\\\/kuka-trier.de\\\/wp-content\\\/uploads\\\/2022\\\/05\\\/20220715-KUK-FGC-fortuna-ehrenfeld.jpg\",\"width\":450,\"height\":300,\"caption\":\"Fortuna Ehrenfeld\"},{\"@type\":\"BreadcrumbList\",\"@id\":\"https:\\\/\\\/kuka-trier.de\\\/fortuna-ehrenfeld\\\/#breadcrumb\",\"itemListElement\":[{\"@type\":\"ListItem\",\"position\":1,\"name\":\"Startseite\",\"item\":\"https:\\\/\\\/kuka-trier.de\\\/\"},{\"@type\":\"ListItem\",\"position\":2,\"name\":\"Fortuna Ehrenfeld\"}]},{\"@type\":\"WebSite\",\"@id\":\"https:\\\/\\\/kuka-trier.de\\\/#website\",\"url\":\"https:\\\/\\\/kuka-trier.de\\\/\",\"name\":\"Kulturkarawane Trier\",\"description\":\"BuntERleben\",\"publisher\":{\"@id\":\"https:\\\/\\\/kuka-trier.de\\\/#organization\"},\"potentialAction\":[{\"@type\":\"SearchAction\",\"target\":{\"@type\":\"EntryPoint\",\"urlTemplate\":\"https:\\\/\\\/kuka-trier.de\\\/?s={search_term_string}\"},\"query-input\":{\"@type\":\"PropertyValueSpecification\",\"valueRequired\":true,\"valueName\":\"search_term_string\"}}],\"inLanguage\":\"fr-FR\"},{\"@type\":\"Organization\",\"@id\":\"https:\\\/\\\/kuka-trier.de\\\/#organization\",\"name\":\"Kulturkarawane Trier\",\"url\":\"https:\\\/\\\/kuka-trier.de\\\/\",\"logo\":{\"@type\":\"ImageObject\",\"inLanguage\":\"fr-FR\",\"@id\":\"https:\\\/\\\/kuka-trier.de\\\/#\\\/schema\\\/logo\\\/image\\\/\",\"url\":\"https:\\\/\\\/kuka-trier.de\\\/wp-content\\\/uploads\\\/2022\\\/02\\\/cropped-KK19_Logo_color_26-12_web.png\",\"contentUrl\":\"https:\\\/\\\/kuka-trier.de\\\/wp-content\\\/uploads\\\/2022\\\/02\\\/cropped-KK19_Logo_color_26-12_web.png\",\"width\":822,\"height\":340,\"caption\":\"Kulturkarawane Trier\"},\"image\":{\"@id\":\"https:\\\/\\\/kuka-trier.de\\\/#\\\/schema\\\/logo\\\/image\\\/\"}},{\"@type\":\"Person\",\"@id\":\"https:\\\/\\\/kuka-trier.de\\\/#\\\/schema\\\/person\\\/0e70983de674702cd8a6bd6656029617\",\"name\":\"admin\",\"image\":{\"@type\":\"ImageObject\",\"inLanguage\":\"fr-FR\",\"@id\":\"https:\\\/\\\/secure.gravatar.com\\\/avatar\\\/9a8eb49d2b2ccb1d3ebbd410bd75a2680c8aff6331ee1e34607e1a7ee6695d39?s=96&d=mm&r=g\",\"url\":\"https:\\\/\\\/secure.gravatar.com\\\/avatar\\\/9a8eb49d2b2ccb1d3ebbd410bd75a2680c8aff6331ee1e34607e1a7ee6695d39?s=96&d=mm&r=g\",\"contentUrl\":\"https:\\\/\\\/secure.gravatar.com\\\/avatar\\\/9a8eb49d2b2ccb1d3ebbd410bd75a2680c8aff6331ee1e34607e1a7ee6695d39?s=96&d=mm&r=g\",\"caption\":\"admin\"},\"sameAs\":[\"http:\\\/\\\/kuka-trier.de\"],\"url\":\"https:\\\/\\\/kuka-trier.de\\\/fr\\\/author\\\/admin\\\/\"}]}<\/script>\n<!-- \/ Yoast SEO plugin. -->","yoast_head_json":{"title":"Fortuna Ehrenfeld | FLYING GRASS CARPET 2022","description":"Open-Air Konzert am Freitag, 15. Juli ab 20:00 Uhr auf dem Viehmarkt Trier","robots":{"index":"index","follow":"follow","max-snippet":"max-snippet:-1","max-image-preview":"max-image-preview:large","max-video-preview":"max-video-preview:-1"},"canonical":"https:\/\/kuka-trier.de\/fr\/fortuna-ehrenfeld\/","og_locale":"fr_FR","og_type":"article","og_title":"Fortuna Ehrenfeld | FLYING GRASS CARPET 2022","og_description":"Open-Air Konzert am Freitag, 15. Juli ab 20:00 Uhr auf dem Viehmarkt Trier","og_url":"https:\/\/kuka-trier.de\/fr\/fortuna-ehrenfeld\/","og_site_name":"Kulturkarawane Trier","article_published_time":"2022-05-11T12:46:26+00:00","article_modified_time":"2022-07-18T07:28:35+00:00","og_image":[{"width":450,"height":300,"url":"https:\/\/kuka-trier.de\/wp-content\/uploads\/2022\/05\/20220715-KUK-FGC-fortuna-ehrenfeld.jpg","type":"image\/jpeg"}],"author":"admin","twitter_card":"summary_large_image","twitter_misc":{"\u00c9crit par":"admin","Dur\u00e9e de lecture estim\u00e9e":"2 minutes"},"schema":{"@context":"https:\/\/schema.org","@graph":[{"@type":"Article","@id":"https:\/\/kuka-trier.de\/fortuna-ehrenfeld\/#article","isPartOf":{"@id":"https:\/\/kuka-trier.de\/fortuna-ehrenfeld\/"},"author":{"name":"admin","@id":"https:\/\/kuka-trier.de\/#\/schema\/person\/0e70983de674702cd8a6bd6656029617"},"headline":"Fortuna Ehrenfeld","datePublished":"2022-05-11T12:46:26+00:00","dateModified":"2022-07-18T07:28:35+00:00","mainEntityOfPage":{"@id":"https:\/\/kuka-trier.de\/fortuna-ehrenfeld\/"},"wordCount":166,"commentCount":0,"publisher":{"@id":"https:\/\/kuka-trier.de\/#organization"},"image":{"@id":"https:\/\/kuka-trier.de\/fortuna-ehrenfeld\/#primaryimage"},"thumbnailUrl":"https:\/\/kuka-trier.de\/wp-content\/uploads\/2022\/05\/20220715-KUK-FGC-fortuna-ehrenfeld.jpg","keywords":["FGC2022","Vergangen"],"articleSection":["Indie Pop"],"inLanguage":"fr-FR","potentialAction":[{"@type":"CommentAction","name":"Comment","target":["https:\/\/kuka-trier.de\/fortuna-ehrenfeld\/#respond"]}]},{"@type":"WebPage","@id":"https:\/\/kuka-trier.de\/fortuna-ehrenfeld\/","url":"https:\/\/kuka-trier.de\/fortuna-ehrenfeld\/","name":"Fortuna Ehrenfeld | FLYING GRASS CARPET 2022","isPartOf":{"@id":"https:\/\/kuka-trier.de\/#website"},"primaryImageOfPage":{"@id":"https:\/\/kuka-trier.de\/fortuna-ehrenfeld\/#primaryimage"},"image":{"@id":"https:\/\/kuka-trier.de\/fortuna-ehrenfeld\/#primaryimage"},"thumbnailUrl":"https:\/\/kuka-trier.de\/wp-content\/uploads\/2022\/05\/20220715-KUK-FGC-fortuna-ehrenfeld.jpg","datePublished":"2022-05-11T12:46:26+00:00","dateModified":"2022-07-18T07:28:35+00:00","description":"Open-Air Konzert am Freitag, 15. Juli ab 20:00 Uhr auf dem Viehmarkt Trier","breadcrumb":{"@id":"https:\/\/kuka-trier.de\/fortuna-ehrenfeld\/#breadcrumb"},"inLanguage":"fr-FR","potentialAction":[{"@type":"ReadAction","target":["https:\/\/kuka-trier.de\/fortuna-ehrenfeld\/"]}]},{"@type":"ImageObject","inLanguage":"fr-FR","@id":"https:\/\/kuka-trier.de\/fortuna-ehrenfeld\/#primaryimage","url":"https:\/\/kuka-trier.de\/wp-content\/uploads\/2022\/05\/20220715-KUK-FGC-fortuna-ehrenfeld.jpg","contentUrl":"https:\/\/kuka-trier.de\/wp-content\/uploads\/2022\/05\/20220715-KUK-FGC-fortuna-ehrenfeld.jpg","width":450,"height":300,"caption":"Fortuna Ehrenfeld"},{"@type":"BreadcrumbList","@id":"https:\/\/kuka-trier.de\/fortuna-ehrenfeld\/#breadcrumb","itemListElement":[{"@type":"ListItem","position":1,"name":"Startseite","item":"https:\/\/kuka-trier.de\/"},{"@type":"ListItem","position":2,"name":"Fortuna Ehrenfeld"}]},{"@type":"WebSite","@id":"https:\/\/kuka-trier.de\/#website","url":"https:\/\/kuka-trier.de\/","name":"Kulturkarawane Tr\u00e8ves","description":"Vivre en couleurs","publisher":{"@id":"https:\/\/kuka-trier.de\/#organization"},"potentialAction":[{"@type":"SearchAction","target":{"@type":"EntryPoint","urlTemplate":"https:\/\/kuka-trier.de\/?s={search_term_string}"},"query-input":{"@type":"PropertyValueSpecification","valueRequired":true,"valueName":"search_term_string"}}],"inLanguage":"fr-FR"},{"@type":"Organization","@id":"https:\/\/kuka-trier.de\/#organization","name":"Kulturkarawane Tr\u00e8ves","url":"https:\/\/kuka-trier.de\/","logo":{"@type":"ImageObject","inLanguage":"fr-FR","@id":"https:\/\/kuka-trier.de\/#\/schema\/logo\/image\/","url":"https:\/\/kuka-trier.de\/wp-content\/uploads\/2022\/02\/cropped-KK19_Logo_color_26-12_web.png","contentUrl":"https:\/\/kuka-trier.de\/wp-content\/uploads\/2022\/02\/cropped-KK19_Logo_color_26-12_web.png","width":822,"height":340,"caption":"Kulturkarawane Trier"},"image":{"@id":"https:\/\/kuka-trier.de\/#\/schema\/logo\/image\/"}},{"@type":"Person","@id":"https:\/\/kuka-trier.de\/#\/schema\/person\/0e70983de674702cd8a6bd6656029617","name":"admin","image":{"@type":"ImageObject","inLanguage":"fr-FR","@id":"https:\/\/secure.gravatar.com\/avatar\/9a8eb49d2b2ccb1d3ebbd410bd75a2680c8aff6331ee1e34607e1a7ee6695d39?s=96&d=mm&r=g","url":"https:\/\/secure.gravatar.com\/avatar\/9a8eb49d2b2ccb1d3ebbd410bd75a2680c8aff6331ee1e34607e1a7ee6695d39?s=96&d=mm&r=g","contentUrl":"https:\/\/secure.gravatar.com\/avatar\/9a8eb49d2b2ccb1d3ebbd410bd75a2680c8aff6331ee1e34607e1a7ee6695d39?s=96&d=mm&r=g","caption":"admin"},"sameAs":["http:\/\/kuka-trier.de"],"url":"https:\/\/kuka-trier.de\/fr\/author\/admin\/"}]}},"_links":{"self":[{"href":"https:\/\/kuka-trier.de\/fr\/wp-json\/wp\/v2\/posts\/161","targetHints":{"allow":["GET"]}}],"collection":[{"href":"https:\/\/kuka-trier.de\/fr\/wp-json\/wp\/v2\/posts"}],"about":[{"href":"https:\/\/kuka-trier.de\/fr\/wp-json\/wp\/v2\/types\/post"}],"author":[{"embeddable":true,"href":"https:\/\/kuka-trier.de\/fr\/wp-json\/wp\/v2\/users\/1"}],"replies":[{"embeddable":true,"href":"https:\/\/kuka-trier.de\/fr\/wp-json\/wp\/v2\/comments?post=161"}],"version-history":[{"count":14,"href":"https:\/\/kuka-trier.de\/fr\/wp-json\/wp\/v2\/posts\/161\/revisions"}],"predecessor-version":[{"id":1156,"href":"https:\/\/kuka-trier.de\/fr\/wp-json\/wp\/v2\/posts\/161\/revisions\/1156"}],"wp:featuredmedia":[{"embeddable":true,"href":"https:\/\/kuka-trier.de\/fr\/wp-json\/wp\/v2\/media\/90"}],"wp:attachment":[{"href":"https:\/\/kuka-trier.de\/fr\/wp-json\/wp\/v2\/media?parent=161"}],"wp:term":[{"taxonomy":"category","embeddable":true,"href":"https:\/\/kuka-trier.de\/fr\/wp-json\/wp\/v2\/categories?post=161"},{"taxonomy":"post_tag","embeddable":true,"href":"https:\/\/kuka-trier.de\/fr\/wp-json\/wp\/v2\/tags?post=161"}],"curies":[{"name":"wp","href":"https:\/\/api.w.org\/{rel}","templated":true}]}}