{"id":177,"date":"2022-05-11T13:00:26","date_gmt":"2022-05-11T13:00:26","guid":{"rendered":"https:\/\/kuka-trier.de\/?p=177"},"modified":"2022-07-19T07:58:02","modified_gmt":"2022-07-19T07:58:02","slug":"sinu","status":"publish","type":"post","link":"https:\/\/kuka-trier.de\/fr\/sinu\/","title":{"rendered":"SINU"},"content":{"rendered":"<p><strong>SINU<\/strong> est un duo indie-pop allemand-turc. Des vibrations profondes, des mondes sonores sph\u00e9riques avec des textes lyriques scintillants qui utilisent la langue allemande de mani\u00e8re habile et inhabituelle en musique. Sensible, \u00e9veill\u00e9e, r\u00e9fl\u00e9chie, critique envers la soci\u00e9t\u00e9. Enracin\u00e9 dans une enfance bilingue, le chanteur et parolier Sinan K\u00f6yl\u00fc \u00e9crit des chansons en allemand et en turc, qui remplissent l'espace par leur richesse sonore, leur qualit\u00e9 po\u00e9tique et leur beaut\u00e9, et mettent au placard les clich\u00e9s linguistiques courants de l'allemand comme du turc.<\/p>\n<p>Avec le batteur et le backing vocal Tim Zeimet, la musique qui na\u00eet est celle qui fait \u00e9couter, qui cr\u00e9e un appel \u00e9motionnel, qui envo\u00fbte. Une musique qui ne laisse pas indiff\u00e9rent. Une musique qui veut saisir le public, l'\u00e9veiller et le secouer. Des beats modernes et entra\u00eenants, une voix profonde inhabituelle qui se transforme soudainement en falsetto, des guitares minimalistes et une vibe cathartique caract\u00e9risent la musique de SINU et rappellent de grands mod\u00e8les comme Bon Iver, Milky Chance, Ry X. De l'amour \u00e0 l'ivresse et \u00e0 l'\u00e9ph\u00e9m\u00e8re en passant par la critique du racisme et de la consommation, SINU se consacre aussi \u00e0 ces th\u00e8mes importants qui ne re\u00e7oivent pas assez d'attention dans le paysage de la pop germanophone.<\/p>\n<p><strong>Support : PIJA - des textes avec des sons<\/strong><\/p>\n<p><img fetchpriority=\"high\" decoding=\"async\" class=\"alignnone size-medium wp-image-1141\" src=\"https:\/\/kuka-trier.de\/wp-content\/uploads\/2022\/05\/20220717-KUK-FGC-pija-300x200.jpg\" alt=\"Pija\" width=\"300\" height=\"200\" srcset=\"https:\/\/kuka-trier.de\/wp-content\/uploads\/2022\/05\/20220717-KUK-FGC-pija-300x200.jpg 300w, https:\/\/kuka-trier.de\/wp-content\/uploads\/2022\/05\/20220717-KUK-FGC-pija.jpg 450w\" sizes=\"(max-width: 300px) 100vw, 300px\" \/><\/p>\n<p>Depuis toujours, pija accompagne les textes et les sons de diff\u00e9rentes mani\u00e8res. Elle aime se laisser aller dans la musique ou dispara\u00eetre dans des pi\u00e8ces de th\u00e9\u00e2tre. Ce sont tous des mondes parall\u00e8les pour elle, auxquels nous avons acc\u00e8s si nous nous y laissons prendre. C'est alors comme une respiration, parce que l'agitation s'arr\u00eate un instant. Il y a deux ans, elle a commenc\u00e9 \u00e0 cr\u00e9er elle-m\u00eame de tels mondes. Dans les paroles de ses chansons en allemand, elle essaie de rendre les lieux de son int\u00e9rieur (tangibles), dans l'espoir que d'autres personnes ressentent peut-\u00eatre la m\u00eame chose. Il s'agit d'une connexion et du d\u00e9sir d'\u00eatre compris. Tu te poses les m\u00eames questions ? Tu m\u00e8nes des combats similaires ? Est-ce que tu trouves \u00e7a aussi beau ? Les textes profonds, parfois po\u00e9tiques, sont compl\u00e9t\u00e9s par des beats aux accents \u00e9lectroniques, qui veulent parfois \u00eatre plus ou moins au centre de l'attention. Pija est convaincue que la musique peut cr\u00e9er de la proximit\u00e9 et c'est ce qu'elle veut faire quand elle est sur sc\u00e8ne et qu'elle chante. \u00catre proche, direct et imm\u00e9diat.<\/p>\n\n\n<a href=\"\/fr\/fgctrier\/\">\n    <button>\" Infos sur le Flying Grass Carpet<\/button>\n  <\/a>","protected":false},"excerpt":{"rendered":"<p>TAPIS D'HERBE VOLANT 2022<br \/>\nDimanche 17 juillet - 20:00<br \/>\nMarch\u00e9 aux bestiaux de Tr\u00e8ves<\/p>","protected":false},"author":1,"featured_media":91,"comment_status":"open","ping_status":"open","sticky":false,"template":"","format":"standard","meta":{"_jf_save_progress":"","footnotes":""},"categories":[21],"tags":[13,48],"class_list":["post-177","post","type-post","status-publish","format-standard","has-post-thumbnail","hentry","category-singer-songwriter","tag-fgc2022","tag-vergangen"],"yoast_head":"<!-- This site is optimized with the Yoast SEO plugin v27.5 - https:\/\/yoast.com\/product\/yoast-seo-wordpress\/ -->\n<title>SINU | FLYING GRASS CARPET 2022<\/title>\n<meta name=\"description\" content=\"Open-Air Konzert am Sonntag, 17. Juli um 20:00 Uhr auf dem Viehmarkt Trier\" \/>\n<meta name=\"robots\" content=\"index, follow, max-snippet:-1, max-image-preview:large, max-video-preview:-1\" \/>\n<link rel=\"canonical\" href=\"https:\/\/kuka-trier.de\/fr\/sinu\/\" \/>\n<meta property=\"og:locale\" content=\"fr_FR\" \/>\n<meta property=\"og:type\" content=\"article\" \/>\n<meta property=\"og:title\" content=\"SINU | FLYING GRASS CARPET 2022\" \/>\n<meta property=\"og:description\" content=\"Open-Air Konzert am Sonntag, 17. Juli um 20:00 Uhr auf dem Viehmarkt Trier\" \/>\n<meta property=\"og:url\" content=\"https:\/\/kuka-trier.de\/fr\/sinu\/\" \/>\n<meta property=\"og:site_name\" content=\"Kulturkarawane Trier\" \/>\n<meta property=\"article:published_time\" content=\"2022-05-11T13:00:26+00:00\" \/>\n<meta property=\"article:modified_time\" content=\"2022-07-19T07:58:02+00:00\" \/>\n<meta property=\"og:image\" content=\"https:\/\/kuka-trier.de\/wp-content\/uploads\/2022\/05\/20220717-KUK-FGC-sinu.jpg\" \/>\n\t<meta property=\"og:image:width\" content=\"450\" \/>\n\t<meta property=\"og:image:height\" content=\"300\" \/>\n\t<meta property=\"og:image:type\" content=\"image\/jpeg\" \/>\n<meta name=\"author\" content=\"admin\" \/>\n<meta name=\"twitter:card\" content=\"summary_large_image\" \/>\n<meta name=\"twitter:label1\" content=\"\u00c9crit par\" \/>\n\t<meta name=\"twitter:data1\" content=\"admin\" \/>\n\t<meta name=\"twitter:label2\" content=\"Dur\u00e9e de lecture estim\u00e9e\" \/>\n\t<meta name=\"twitter:data2\" content=\"3 minutes\" \/>\n<script type=\"application\/ld+json\" class=\"yoast-schema-graph\">{\"@context\":\"https:\\\/\\\/schema.org\",\"@graph\":[{\"@type\":\"Article\",\"@id\":\"https:\\\/\\\/kuka-trier.de\\\/sinu\\\/#article\",\"isPartOf\":{\"@id\":\"https:\\\/\\\/kuka-trier.de\\\/sinu\\\/\"},\"author\":{\"name\":\"admin\",\"@id\":\"https:\\\/\\\/kuka-trier.de\\\/#\\\/schema\\\/person\\\/0e70983de674702cd8a6bd6656029617\"},\"headline\":\"SINU\",\"datePublished\":\"2022-05-11T13:00:26+00:00\",\"dateModified\":\"2022-07-19T07:58:02+00:00\",\"mainEntityOfPage\":{\"@id\":\"https:\\\/\\\/kuka-trier.de\\\/sinu\\\/\"},\"wordCount\":364,\"commentCount\":0,\"publisher\":{\"@id\":\"https:\\\/\\\/kuka-trier.de\\\/#organization\"},\"image\":{\"@id\":\"https:\\\/\\\/kuka-trier.de\\\/sinu\\\/#primaryimage\"},\"thumbnailUrl\":\"https:\\\/\\\/kuka-trier.de\\\/wp-content\\\/uploads\\\/2022\\\/05\\\/20220717-KUK-FGC-sinu.jpg\",\"keywords\":[\"FGC2022\",\"Vergangen\"],\"articleSection\":[\"Singer \\\/ Songwriter\"],\"inLanguage\":\"fr-FR\",\"potentialAction\":[{\"@type\":\"CommentAction\",\"name\":\"Comment\",\"target\":[\"https:\\\/\\\/kuka-trier.de\\\/sinu\\\/#respond\"]}]},{\"@type\":\"WebPage\",\"@id\":\"https:\\\/\\\/kuka-trier.de\\\/sinu\\\/\",\"url\":\"https:\\\/\\\/kuka-trier.de\\\/sinu\\\/\",\"name\":\"SINU | FLYING GRASS CARPET 2022\",\"isPartOf\":{\"@id\":\"https:\\\/\\\/kuka-trier.de\\\/#website\"},\"primaryImageOfPage\":{\"@id\":\"https:\\\/\\\/kuka-trier.de\\\/sinu\\\/#primaryimage\"},\"image\":{\"@id\":\"https:\\\/\\\/kuka-trier.de\\\/sinu\\\/#primaryimage\"},\"thumbnailUrl\":\"https:\\\/\\\/kuka-trier.de\\\/wp-content\\\/uploads\\\/2022\\\/05\\\/20220717-KUK-FGC-sinu.jpg\",\"datePublished\":\"2022-05-11T13:00:26+00:00\",\"dateModified\":\"2022-07-19T07:58:02+00:00\",\"description\":\"Open-Air Konzert am Sonntag, 17. Juli um 20:00 Uhr auf dem Viehmarkt Trier\",\"breadcrumb\":{\"@id\":\"https:\\\/\\\/kuka-trier.de\\\/sinu\\\/#breadcrumb\"},\"inLanguage\":\"fr-FR\",\"potentialAction\":[{\"@type\":\"ReadAction\",\"target\":[\"https:\\\/\\\/kuka-trier.de\\\/sinu\\\/\"]}]},{\"@type\":\"ImageObject\",\"inLanguage\":\"fr-FR\",\"@id\":\"https:\\\/\\\/kuka-trier.de\\\/sinu\\\/#primaryimage\",\"url\":\"https:\\\/\\\/kuka-trier.de\\\/wp-content\\\/uploads\\\/2022\\\/05\\\/20220717-KUK-FGC-sinu.jpg\",\"contentUrl\":\"https:\\\/\\\/kuka-trier.de\\\/wp-content\\\/uploads\\\/2022\\\/05\\\/20220717-KUK-FGC-sinu.jpg\",\"width\":450,\"height\":300,\"caption\":\"SINU\"},{\"@type\":\"BreadcrumbList\",\"@id\":\"https:\\\/\\\/kuka-trier.de\\\/sinu\\\/#breadcrumb\",\"itemListElement\":[{\"@type\":\"ListItem\",\"position\":1,\"name\":\"Startseite\",\"item\":\"https:\\\/\\\/kuka-trier.de\\\/\"},{\"@type\":\"ListItem\",\"position\":2,\"name\":\"SINU\"}]},{\"@type\":\"WebSite\",\"@id\":\"https:\\\/\\\/kuka-trier.de\\\/#website\",\"url\":\"https:\\\/\\\/kuka-trier.de\\\/\",\"name\":\"Kulturkarawane Trier\",\"description\":\"BuntERleben\",\"publisher\":{\"@id\":\"https:\\\/\\\/kuka-trier.de\\\/#organization\"},\"potentialAction\":[{\"@type\":\"SearchAction\",\"target\":{\"@type\":\"EntryPoint\",\"urlTemplate\":\"https:\\\/\\\/kuka-trier.de\\\/?s={search_term_string}\"},\"query-input\":{\"@type\":\"PropertyValueSpecification\",\"valueRequired\":true,\"valueName\":\"search_term_string\"}}],\"inLanguage\":\"fr-FR\"},{\"@type\":\"Organization\",\"@id\":\"https:\\\/\\\/kuka-trier.de\\\/#organization\",\"name\":\"Kulturkarawane Trier\",\"url\":\"https:\\\/\\\/kuka-trier.de\\\/\",\"logo\":{\"@type\":\"ImageObject\",\"inLanguage\":\"fr-FR\",\"@id\":\"https:\\\/\\\/kuka-trier.de\\\/#\\\/schema\\\/logo\\\/image\\\/\",\"url\":\"https:\\\/\\\/kuka-trier.de\\\/wp-content\\\/uploads\\\/2022\\\/02\\\/cropped-KK19_Logo_color_26-12_web.png\",\"contentUrl\":\"https:\\\/\\\/kuka-trier.de\\\/wp-content\\\/uploads\\\/2022\\\/02\\\/cropped-KK19_Logo_color_26-12_web.png\",\"width\":822,\"height\":340,\"caption\":\"Kulturkarawane Trier\"},\"image\":{\"@id\":\"https:\\\/\\\/kuka-trier.de\\\/#\\\/schema\\\/logo\\\/image\\\/\"}},{\"@type\":\"Person\",\"@id\":\"https:\\\/\\\/kuka-trier.de\\\/#\\\/schema\\\/person\\\/0e70983de674702cd8a6bd6656029617\",\"name\":\"admin\",\"image\":{\"@type\":\"ImageObject\",\"inLanguage\":\"fr-FR\",\"@id\":\"https:\\\/\\\/secure.gravatar.com\\\/avatar\\\/9a8eb49d2b2ccb1d3ebbd410bd75a2680c8aff6331ee1e34607e1a7ee6695d39?s=96&d=mm&r=g\",\"url\":\"https:\\\/\\\/secure.gravatar.com\\\/avatar\\\/9a8eb49d2b2ccb1d3ebbd410bd75a2680c8aff6331ee1e34607e1a7ee6695d39?s=96&d=mm&r=g\",\"contentUrl\":\"https:\\\/\\\/secure.gravatar.com\\\/avatar\\\/9a8eb49d2b2ccb1d3ebbd410bd75a2680c8aff6331ee1e34607e1a7ee6695d39?s=96&d=mm&r=g\",\"caption\":\"admin\"},\"sameAs\":[\"http:\\\/\\\/kuka-trier.de\"],\"url\":\"https:\\\/\\\/kuka-trier.de\\\/fr\\\/author\\\/admin\\\/\"}]}<\/script>\n<!-- \/ Yoast SEO plugin. -->","yoast_head_json":{"title":"SINU | TAPIS D'HERBE VOLANT 2022","description":"Concert en plein air le dimanche 17 juillet \u00e0 20h00 sur le Viehmarkt de Tr\u00e8ves","robots":{"index":"index","follow":"follow","max-snippet":"max-snippet:-1","max-image-preview":"max-image-preview:large","max-video-preview":"max-video-preview:-1"},"canonical":"https:\/\/kuka-trier.de\/fr\/sinu\/","og_locale":"fr_FR","og_type":"article","og_title":"SINU | FLYING GRASS CARPET 2022","og_description":"Open-Air Konzert am Sonntag, 17. Juli um 20:00 Uhr auf dem Viehmarkt Trier","og_url":"https:\/\/kuka-trier.de\/fr\/sinu\/","og_site_name":"Kulturkarawane Trier","article_published_time":"2022-05-11T13:00:26+00:00","article_modified_time":"2022-07-19T07:58:02+00:00","og_image":[{"width":450,"height":300,"url":"https:\/\/kuka-trier.de\/wp-content\/uploads\/2022\/05\/20220717-KUK-FGC-sinu.jpg","type":"image\/jpeg"}],"author":"admin","twitter_card":"summary_large_image","twitter_misc":{"\u00c9crit par":"admin","Dur\u00e9e de lecture estim\u00e9e":"3 minutes"},"schema":{"@context":"https:\/\/schema.org","@graph":[{"@type":"Article","@id":"https:\/\/kuka-trier.de\/sinu\/#article","isPartOf":{"@id":"https:\/\/kuka-trier.de\/sinu\/"},"author":{"name":"admin","@id":"https:\/\/kuka-trier.de\/#\/schema\/person\/0e70983de674702cd8a6bd6656029617"},"headline":"SINU","datePublished":"2022-05-11T13:00:26+00:00","dateModified":"2022-07-19T07:58:02+00:00","mainEntityOfPage":{"@id":"https:\/\/kuka-trier.de\/sinu\/"},"wordCount":364,"commentCount":0,"publisher":{"@id":"https:\/\/kuka-trier.de\/#organization"},"image":{"@id":"https:\/\/kuka-trier.de\/sinu\/#primaryimage"},"thumbnailUrl":"https:\/\/kuka-trier.de\/wp-content\/uploads\/2022\/05\/20220717-KUK-FGC-sinu.jpg","keywords":["FGC2022","Vergangen"],"articleSection":["Singer \/ Songwriter"],"inLanguage":"fr-FR","potentialAction":[{"@type":"CommentAction","name":"Comment","target":["https:\/\/kuka-trier.de\/sinu\/#respond"]}]},{"@type":"WebPage","@id":"https:\/\/kuka-trier.de\/sinu\/","url":"https:\/\/kuka-trier.de\/sinu\/","name":"SINU | TAPIS D'HERBE VOLANT 2022","isPartOf":{"@id":"https:\/\/kuka-trier.de\/#website"},"primaryImageOfPage":{"@id":"https:\/\/kuka-trier.de\/sinu\/#primaryimage"},"image":{"@id":"https:\/\/kuka-trier.de\/sinu\/#primaryimage"},"thumbnailUrl":"https:\/\/kuka-trier.de\/wp-content\/uploads\/2022\/05\/20220717-KUK-FGC-sinu.jpg","datePublished":"2022-05-11T13:00:26+00:00","dateModified":"2022-07-19T07:58:02+00:00","description":"Concert en plein air le dimanche 17 juillet \u00e0 20h00 sur le Viehmarkt de Tr\u00e8ves","breadcrumb":{"@id":"https:\/\/kuka-trier.de\/sinu\/#breadcrumb"},"inLanguage":"fr-FR","potentialAction":[{"@type":"ReadAction","target":["https:\/\/kuka-trier.de\/sinu\/"]}]},{"@type":"ImageObject","inLanguage":"fr-FR","@id":"https:\/\/kuka-trier.de\/sinu\/#primaryimage","url":"https:\/\/kuka-trier.de\/wp-content\/uploads\/2022\/05\/20220717-KUK-FGC-sinu.jpg","contentUrl":"https:\/\/kuka-trier.de\/wp-content\/uploads\/2022\/05\/20220717-KUK-FGC-sinu.jpg","width":450,"height":300,"caption":"SINU"},{"@type":"BreadcrumbList","@id":"https:\/\/kuka-trier.de\/sinu\/#breadcrumb","itemListElement":[{"@type":"ListItem","position":1,"name":"Startseite","item":"https:\/\/kuka-trier.de\/"},{"@type":"ListItem","position":2,"name":"SINU"}]},{"@type":"WebSite","@id":"https:\/\/kuka-trier.de\/#website","url":"https:\/\/kuka-trier.de\/","name":"Kulturkarawane Tr\u00e8ves","description":"Vivre en couleurs","publisher":{"@id":"https:\/\/kuka-trier.de\/#organization"},"potentialAction":[{"@type":"SearchAction","target":{"@type":"EntryPoint","urlTemplate":"https:\/\/kuka-trier.de\/?s={search_term_string}"},"query-input":{"@type":"PropertyValueSpecification","valueRequired":true,"valueName":"search_term_string"}}],"inLanguage":"fr-FR"},{"@type":"Organization","@id":"https:\/\/kuka-trier.de\/#organization","name":"Kulturkarawane Tr\u00e8ves","url":"https:\/\/kuka-trier.de\/","logo":{"@type":"ImageObject","inLanguage":"fr-FR","@id":"https:\/\/kuka-trier.de\/#\/schema\/logo\/image\/","url":"https:\/\/kuka-trier.de\/wp-content\/uploads\/2022\/02\/cropped-KK19_Logo_color_26-12_web.png","contentUrl":"https:\/\/kuka-trier.de\/wp-content\/uploads\/2022\/02\/cropped-KK19_Logo_color_26-12_web.png","width":822,"height":340,"caption":"Kulturkarawane Trier"},"image":{"@id":"https:\/\/kuka-trier.de\/#\/schema\/logo\/image\/"}},{"@type":"Person","@id":"https:\/\/kuka-trier.de\/#\/schema\/person\/0e70983de674702cd8a6bd6656029617","name":"admin","image":{"@type":"ImageObject","inLanguage":"fr-FR","@id":"https:\/\/secure.gravatar.com\/avatar\/9a8eb49d2b2ccb1d3ebbd410bd75a2680c8aff6331ee1e34607e1a7ee6695d39?s=96&d=mm&r=g","url":"https:\/\/secure.gravatar.com\/avatar\/9a8eb49d2b2ccb1d3ebbd410bd75a2680c8aff6331ee1e34607e1a7ee6695d39?s=96&d=mm&r=g","contentUrl":"https:\/\/secure.gravatar.com\/avatar\/9a8eb49d2b2ccb1d3ebbd410bd75a2680c8aff6331ee1e34607e1a7ee6695d39?s=96&d=mm&r=g","caption":"admin"},"sameAs":["http:\/\/kuka-trier.de"],"url":"https:\/\/kuka-trier.de\/fr\/author\/admin\/"}]}},"_links":{"self":[{"href":"https:\/\/kuka-trier.de\/fr\/wp-json\/wp\/v2\/posts\/177","targetHints":{"allow":["GET"]}}],"collection":[{"href":"https:\/\/kuka-trier.de\/fr\/wp-json\/wp\/v2\/posts"}],"about":[{"href":"https:\/\/kuka-trier.de\/fr\/wp-json\/wp\/v2\/types\/post"}],"author":[{"embeddable":true,"href":"https:\/\/kuka-trier.de\/fr\/wp-json\/wp\/v2\/users\/1"}],"replies":[{"embeddable":true,"href":"https:\/\/kuka-trier.de\/fr\/wp-json\/wp\/v2\/comments?post=177"}],"version-history":[{"count":17,"href":"https:\/\/kuka-trier.de\/fr\/wp-json\/wp\/v2\/posts\/177\/revisions"}],"predecessor-version":[{"id":1153,"href":"https:\/\/kuka-trier.de\/fr\/wp-json\/wp\/v2\/posts\/177\/revisions\/1153"}],"wp:featuredmedia":[{"embeddable":true,"href":"https:\/\/kuka-trier.de\/fr\/wp-json\/wp\/v2\/media\/91"}],"wp:attachment":[{"href":"https:\/\/kuka-trier.de\/fr\/wp-json\/wp\/v2\/media?parent=177"}],"wp:term":[{"taxonomy":"category","embeddable":true,"href":"https:\/\/kuka-trier.de\/fr\/wp-json\/wp\/v2\/categories?post=177"},{"taxonomy":"post_tag","embeddable":true,"href":"https:\/\/kuka-trier.de\/fr\/wp-json\/wp\/v2\/tags?post=177"}],"curies":[{"name":"wp","href":"https:\/\/api.w.org\/{rel}","templated":true}]}}