{"id":266,"date":"2022-05-12T07:19:14","date_gmt":"2022-05-12T07:19:14","guid":{"rendered":"https:\/\/kuka-trier.de\/?p=266"},"modified":"2022-07-25T06:41:45","modified_gmt":"2022-07-25T06:41:45","slug":"malaka-hostel","status":"publish","type":"post","link":"https:\/\/kuka-trier.de\/fr\/malaka-hostel\/","title":{"rendered":"Auberge de Malaka"},"content":{"rendered":"<p><a href=\"https:\/\/www.pferdefest.de\/\" target=\"_blank\" rel=\"noopener\"><img decoding=\"async\" class=\"alignnone wp-image-1045\" src=\"https:\/\/kuka-trier.de\/wp-content\/uploads\/2022\/05\/pferdefestival-300x153.png\" alt=\"Pferdefestival\" width=\"143\" height=\"73\" srcset=\"https:\/\/kuka-trier.de\/wp-content\/uploads\/2022\/05\/pferdefestival-300x153.png 300w, https:\/\/kuka-trier.de\/wp-content\/uploads\/2022\/05\/pferdefestival.png 618w\" sizes=\"(max-width: 143px) 100vw, 143px\" \/><\/a><\/p>\n<p><strong>Danse pour te lib\u00e9rer est ta soir\u00e9e Flying Grass Carpet pour devenir fou. Nous te proposons du SKA, des beats balkaniques et de la musique du monde \u00e0 son meilleur. Sur 900m2 de pelouse c\u00e2line, nous te ferons courir !<\/strong><\/p>\n<p>Global Umpa ! C'\u00e9tait il y a longtemps... Il est de nouveau temps de laisser la folie prendre le dessus et de se plonger dans l'extase collective de la danse. Quand <strong>Auberge de Malaka<\/strong> Ils abattent le mur invisible entre le groupe et le public. Ils chantent en espagnol, en allemand, en tch\u00e8que ou en anglais - la musique est leur \"World Language\". Le folklore, qu'il soit des Balkans ou des Andes, trouve sa place - port\u00e9 par des beats groovy, tandis que la section de cuivres compos\u00e9e de trompettes et d'harmonica se d\u00e9cha\u00eene. Le ska, la polka, les beats des Balkans et les riffs de rock se marient aussi bien que le swing manouche, le folk ou le rebetiko grec. Avec le single \"Sch\u00f6ne neue Welt\" qui sortira d\u00e9but 2022, Malaka Hostel \u00e9largit le style escalade de son dernier album \"Dizko Fatale\" avec une facette plus profonde. Dans la chanson, on prend notamment position sur la crise climatique actuelle. Viktor Myron, chanteur de Malaka Hostel, d\u00e9clare \u00e0 propos du clip vid\u00e9o : \"La vid\u00e9o montre le groupe dans un sc\u00e9nario post-apocalyptique, mais il faut bien s\u00fbr mentionner la perspective d'espoir \u00e0 la fin\". D'un point de vue musical, les sons plats, les m\u00e9lodies accrocheuses et les arrangements originaux prouvent \u00e0 nouveau la diversit\u00e9 de ce groupe color\u00e9. Le sud de l'Allemagne, Fribourg, est leur port d'attache, c'est l\u00e0 que les globe-trotters se sont rencontr\u00e9s et ont d\u00e9cid\u00e9 de raconter leurs histoires, leurs voyages et leurs exp\u00e9riences dans leurs chansons et de les c\u00e9l\u00e9brer ensemble. Ils ont v\u00e9cu, appris \u00e0 aimer et \u00e0 s'impr\u00e9gner du monde et de ses habitants dans leur folle diversit\u00e9. Malaka Hostel s'est rapidement transform\u00e9 d'un secret r\u00e9gional en un groupe qui a acquis la r\u00e9putation de captiver toute l'Europe lors de tourn\u00e9es et de festivals avec ses chants de coyotes sauvages et sa pr\u00e9sence \u00e9nergique en live. Avec l'EP \"Coyotes Del Amor\" (2015) et le long album \"Dizko Fatale\" (2019), la troupe color\u00e9e a jou\u00e9 dans le c\u0153ur du public jusqu'au d\u00e9but de la pand\u00e9mie. Apr\u00e8s une longue hibernation, la troupe impertinente et sympathique est de nouveau pr\u00eate \u00e0 fracasser les sc\u00e8nes du monde occidental. Dizko Fatale ! Amore Total !<\/p>\n<p>Des bulles de savon, des ballons et une licorne lumineuse. Les accessoires du groupe sont aussi color\u00e9s que les sept musiciens eux-m\u00eames. \"<strong>Ma Rock Kwien Rica<\/strong>\"Avec leurs chansons \u00e9crites par eux-m\u00eames, ils veulent montrer que la musique n'est pas seulement un lien, mais qu'elle peut aussi toucher en plein c\u0153ur.<\/p>\n<p><img fetchpriority=\"high\" decoding=\"async\" class=\"alignnone size-medium wp-image-1143\" src=\"https:\/\/kuka-trier.de\/wp-content\/uploads\/2022\/05\/20220722-KUK-FGC-rock-kwien-300x200.jpg\" alt=\"Meine Rock Kwien Rica\" width=\"300\" height=\"200\" srcset=\"https:\/\/kuka-trier.de\/wp-content\/uploads\/2022\/05\/20220722-KUK-FGC-rock-kwien-300x200.jpg 300w, https:\/\/kuka-trier.de\/wp-content\/uploads\/2022\/05\/20220722-KUK-FGC-rock-kwien.jpg 450w\" sizes=\"(max-width: 300px) 100vw, 300px\" \/><\/p>\n<p>En 2012, le groupe a \u00e9t\u00e9 fond\u00e9 \u00e0 Wittlich. En 2018, il a rejoint l'association pour l'art, la culture et l'inclusion de Bernkastel. Et peu importe que les musiciens se produisent \u00e0 P\u00e9kin ou \u00e0 Piesport, ils restent fid\u00e8les \u00e0 leur devise : le rock est dans le c\u0153ur. Ainsi, ils jouent des chansons sur les h\u00e9ros et les nuits de la grande ville, sur les pickpockets, les c\u0153urs qui esp\u00e8rent et les f\u00eates de jacquet dans le Pacifique. Parfois d\u00e9tendu, parfois rock, parfois calme, parfois bruyant - et toujours avec beaucoup de plaisir !<\/p>\n\n\n<a href=\"\/fr\/fgctrier\/\">\n    <button>\" Infos sur le Flying Grass Carpet<\/button>\n  <\/a>","protected":false},"excerpt":{"rendered":"<p>TAPIS D'HERBE VOLANT 2022<br \/>\nVendredi 22 juillet - 20:00<br \/>\nMarch\u00e9 aux bestiaux de Tr\u00e8ves<\/p>","protected":false},"author":1,"featured_media":109,"comment_status":"open","ping_status":"open","sticky":false,"template":"","format":"standard","meta":{"_jf_save_progress":"","footnotes":""},"categories":[19],"tags":[13,48],"class_list":["post-266","post","type-post","status-publish","format-standard","has-post-thumbnail","hentry","category-ska-polka-balkan","tag-fgc2022","tag-vergangen"],"yoast_head":"<!-- This site is optimized with the Yoast SEO plugin v27.5 - https:\/\/yoast.com\/product\/yoast-seo-wordpress\/ -->\n<title>Malaka Hostel | FLYING GRASS CARPET 2022<\/title>\n<meta name=\"description\" content=\"Open-Air Konzert am Freitag, 22. Juli um 20:00 Uhr auf dem Viehmarkt Trier\" \/>\n<meta name=\"robots\" content=\"index, follow, max-snippet:-1, max-image-preview:large, max-video-preview:-1\" \/>\n<link rel=\"canonical\" href=\"https:\/\/kuka-trier.de\/fr\/malaka-hostel\/\" \/>\n<meta property=\"og:locale\" content=\"fr_FR\" \/>\n<meta property=\"og:type\" content=\"article\" \/>\n<meta property=\"og:title\" content=\"Malaka Hostel | FLYING GRASS CARPET 2022\" \/>\n<meta property=\"og:description\" content=\"Open-Air Konzert am Freitag, 22. Juli um 20:00 Uhr auf dem Viehmarkt Trier\" \/>\n<meta property=\"og:url\" content=\"https:\/\/kuka-trier.de\/fr\/malaka-hostel\/\" \/>\n<meta property=\"og:site_name\" content=\"Kulturkarawane Trier\" \/>\n<meta property=\"article:published_time\" content=\"2022-05-12T07:19:14+00:00\" \/>\n<meta property=\"article:modified_time\" content=\"2022-07-25T06:41:45+00:00\" \/>\n<meta property=\"og:image\" content=\"https:\/\/kuka-trier.de\/wp-content\/uploads\/2022\/05\/20220722-KUK-FGC-malaka.jpg\" \/>\n\t<meta property=\"og:image:width\" content=\"450\" \/>\n\t<meta property=\"og:image:height\" content=\"300\" \/>\n\t<meta property=\"og:image:type\" content=\"image\/jpeg\" \/>\n<meta name=\"author\" content=\"admin\" \/>\n<meta name=\"twitter:card\" content=\"summary_large_image\" \/>\n<meta name=\"twitter:label1\" content=\"\u00c9crit par\" \/>\n\t<meta name=\"twitter:data1\" content=\"admin\" \/>\n\t<meta name=\"twitter:label2\" content=\"Dur\u00e9e de lecture estim\u00e9e\" \/>\n\t<meta name=\"twitter:data2\" content=\"3 minutes\" \/>\n<script type=\"application\/ld+json\" class=\"yoast-schema-graph\">{\"@context\":\"https:\\\/\\\/schema.org\",\"@graph\":[{\"@type\":\"Article\",\"@id\":\"https:\\\/\\\/kuka-trier.de\\\/malaka-hostel\\\/#article\",\"isPartOf\":{\"@id\":\"https:\\\/\\\/kuka-trier.de\\\/malaka-hostel\\\/\"},\"author\":{\"name\":\"admin\",\"@id\":\"https:\\\/\\\/kuka-trier.de\\\/#\\\/schema\\\/person\\\/0e70983de674702cd8a6bd6656029617\"},\"headline\":\"Malaka Hostel\",\"datePublished\":\"2022-05-12T07:19:14+00:00\",\"dateModified\":\"2022-07-25T06:41:45+00:00\",\"mainEntityOfPage\":{\"@id\":\"https:\\\/\\\/kuka-trier.de\\\/malaka-hostel\\\/\"},\"wordCount\":474,\"commentCount\":0,\"publisher\":{\"@id\":\"https:\\\/\\\/kuka-trier.de\\\/#organization\"},\"image\":{\"@id\":\"https:\\\/\\\/kuka-trier.de\\\/malaka-hostel\\\/#primaryimage\"},\"thumbnailUrl\":\"https:\\\/\\\/kuka-trier.de\\\/wp-content\\\/uploads\\\/2022\\\/05\\\/20220722-KUK-FGC-malaka.jpg\",\"keywords\":[\"FGC2022\",\"Vergangen\"],\"articleSection\":[\"Ska \\\/ Polka \\\/ Balkan\"],\"inLanguage\":\"fr-FR\",\"potentialAction\":[{\"@type\":\"CommentAction\",\"name\":\"Comment\",\"target\":[\"https:\\\/\\\/kuka-trier.de\\\/malaka-hostel\\\/#respond\"]}]},{\"@type\":\"WebPage\",\"@id\":\"https:\\\/\\\/kuka-trier.de\\\/malaka-hostel\\\/\",\"url\":\"https:\\\/\\\/kuka-trier.de\\\/malaka-hostel\\\/\",\"name\":\"Malaka Hostel | FLYING GRASS CARPET 2022\",\"isPartOf\":{\"@id\":\"https:\\\/\\\/kuka-trier.de\\\/#website\"},\"primaryImageOfPage\":{\"@id\":\"https:\\\/\\\/kuka-trier.de\\\/malaka-hostel\\\/#primaryimage\"},\"image\":{\"@id\":\"https:\\\/\\\/kuka-trier.de\\\/malaka-hostel\\\/#primaryimage\"},\"thumbnailUrl\":\"https:\\\/\\\/kuka-trier.de\\\/wp-content\\\/uploads\\\/2022\\\/05\\\/20220722-KUK-FGC-malaka.jpg\",\"datePublished\":\"2022-05-12T07:19:14+00:00\",\"dateModified\":\"2022-07-25T06:41:45+00:00\",\"description\":\"Open-Air Konzert am Freitag, 22. Juli um 20:00 Uhr auf dem Viehmarkt Trier\",\"breadcrumb\":{\"@id\":\"https:\\\/\\\/kuka-trier.de\\\/malaka-hostel\\\/#breadcrumb\"},\"inLanguage\":\"fr-FR\",\"potentialAction\":[{\"@type\":\"ReadAction\",\"target\":[\"https:\\\/\\\/kuka-trier.de\\\/malaka-hostel\\\/\"]}]},{\"@type\":\"ImageObject\",\"inLanguage\":\"fr-FR\",\"@id\":\"https:\\\/\\\/kuka-trier.de\\\/malaka-hostel\\\/#primaryimage\",\"url\":\"https:\\\/\\\/kuka-trier.de\\\/wp-content\\\/uploads\\\/2022\\\/05\\\/20220722-KUK-FGC-malaka.jpg\",\"contentUrl\":\"https:\\\/\\\/kuka-trier.de\\\/wp-content\\\/uploads\\\/2022\\\/05\\\/20220722-KUK-FGC-malaka.jpg\",\"width\":450,\"height\":300,\"caption\":\"Malaka Hostel\"},{\"@type\":\"BreadcrumbList\",\"@id\":\"https:\\\/\\\/kuka-trier.de\\\/malaka-hostel\\\/#breadcrumb\",\"itemListElement\":[{\"@type\":\"ListItem\",\"position\":1,\"name\":\"Startseite\",\"item\":\"https:\\\/\\\/kuka-trier.de\\\/\"},{\"@type\":\"ListItem\",\"position\":2,\"name\":\"Malaka Hostel\"}]},{\"@type\":\"WebSite\",\"@id\":\"https:\\\/\\\/kuka-trier.de\\\/#website\",\"url\":\"https:\\\/\\\/kuka-trier.de\\\/\",\"name\":\"Kulturkarawane Trier\",\"description\":\"BuntERleben\",\"publisher\":{\"@id\":\"https:\\\/\\\/kuka-trier.de\\\/#organization\"},\"potentialAction\":[{\"@type\":\"SearchAction\",\"target\":{\"@type\":\"EntryPoint\",\"urlTemplate\":\"https:\\\/\\\/kuka-trier.de\\\/?s={search_term_string}\"},\"query-input\":{\"@type\":\"PropertyValueSpecification\",\"valueRequired\":true,\"valueName\":\"search_term_string\"}}],\"inLanguage\":\"fr-FR\"},{\"@type\":\"Organization\",\"@id\":\"https:\\\/\\\/kuka-trier.de\\\/#organization\",\"name\":\"Kulturkarawane Trier\",\"url\":\"https:\\\/\\\/kuka-trier.de\\\/\",\"logo\":{\"@type\":\"ImageObject\",\"inLanguage\":\"fr-FR\",\"@id\":\"https:\\\/\\\/kuka-trier.de\\\/#\\\/schema\\\/logo\\\/image\\\/\",\"url\":\"https:\\\/\\\/kuka-trier.de\\\/wp-content\\\/uploads\\\/2022\\\/02\\\/cropped-KK19_Logo_color_26-12_web.png\",\"contentUrl\":\"https:\\\/\\\/kuka-trier.de\\\/wp-content\\\/uploads\\\/2022\\\/02\\\/cropped-KK19_Logo_color_26-12_web.png\",\"width\":822,\"height\":340,\"caption\":\"Kulturkarawane Trier\"},\"image\":{\"@id\":\"https:\\\/\\\/kuka-trier.de\\\/#\\\/schema\\\/logo\\\/image\\\/\"}},{\"@type\":\"Person\",\"@id\":\"https:\\\/\\\/kuka-trier.de\\\/#\\\/schema\\\/person\\\/0e70983de674702cd8a6bd6656029617\",\"name\":\"admin\",\"image\":{\"@type\":\"ImageObject\",\"inLanguage\":\"fr-FR\",\"@id\":\"https:\\\/\\\/secure.gravatar.com\\\/avatar\\\/9a8eb49d2b2ccb1d3ebbd410bd75a2680c8aff6331ee1e34607e1a7ee6695d39?s=96&d=mm&r=g\",\"url\":\"https:\\\/\\\/secure.gravatar.com\\\/avatar\\\/9a8eb49d2b2ccb1d3ebbd410bd75a2680c8aff6331ee1e34607e1a7ee6695d39?s=96&d=mm&r=g\",\"contentUrl\":\"https:\\\/\\\/secure.gravatar.com\\\/avatar\\\/9a8eb49d2b2ccb1d3ebbd410bd75a2680c8aff6331ee1e34607e1a7ee6695d39?s=96&d=mm&r=g\",\"caption\":\"admin\"},\"sameAs\":[\"http:\\\/\\\/kuka-trier.de\"],\"url\":\"https:\\\/\\\/kuka-trier.de\\\/fr\\\/author\\\/admin\\\/\"}]}<\/script>\n<!-- \/ Yoast SEO plugin. -->","yoast_head_json":{"title":"Auberge de Malaka | FLYING GRASS CARPET 2022","description":"Concert en plein air le vendredi 22 juillet \u00e0 20h00 sur le Viehmarkt de Tr\u00e8ves","robots":{"index":"index","follow":"follow","max-snippet":"max-snippet:-1","max-image-preview":"max-image-preview:large","max-video-preview":"max-video-preview:-1"},"canonical":"https:\/\/kuka-trier.de\/fr\/malaka-hostel\/","og_locale":"fr_FR","og_type":"article","og_title":"Malaka Hostel | FLYING GRASS CARPET 2022","og_description":"Open-Air Konzert am Freitag, 22. Juli um 20:00 Uhr auf dem Viehmarkt Trier","og_url":"https:\/\/kuka-trier.de\/fr\/malaka-hostel\/","og_site_name":"Kulturkarawane Trier","article_published_time":"2022-05-12T07:19:14+00:00","article_modified_time":"2022-07-25T06:41:45+00:00","og_image":[{"width":450,"height":300,"url":"https:\/\/kuka-trier.de\/wp-content\/uploads\/2022\/05\/20220722-KUK-FGC-malaka.jpg","type":"image\/jpeg"}],"author":"admin","twitter_card":"summary_large_image","twitter_misc":{"\u00c9crit par":"admin","Dur\u00e9e de lecture estim\u00e9e":"3 minutes"},"schema":{"@context":"https:\/\/schema.org","@graph":[{"@type":"Article","@id":"https:\/\/kuka-trier.de\/malaka-hostel\/#article","isPartOf":{"@id":"https:\/\/kuka-trier.de\/malaka-hostel\/"},"author":{"name":"admin","@id":"https:\/\/kuka-trier.de\/#\/schema\/person\/0e70983de674702cd8a6bd6656029617"},"headline":"Malaka Hostel","datePublished":"2022-05-12T07:19:14+00:00","dateModified":"2022-07-25T06:41:45+00:00","mainEntityOfPage":{"@id":"https:\/\/kuka-trier.de\/malaka-hostel\/"},"wordCount":474,"commentCount":0,"publisher":{"@id":"https:\/\/kuka-trier.de\/#organization"},"image":{"@id":"https:\/\/kuka-trier.de\/malaka-hostel\/#primaryimage"},"thumbnailUrl":"https:\/\/kuka-trier.de\/wp-content\/uploads\/2022\/05\/20220722-KUK-FGC-malaka.jpg","keywords":["FGC2022","Vergangen"],"articleSection":["Ska \/ Polka \/ Balkan"],"inLanguage":"fr-FR","potentialAction":[{"@type":"CommentAction","name":"Comment","target":["https:\/\/kuka-trier.de\/malaka-hostel\/#respond"]}]},{"@type":"WebPage","@id":"https:\/\/kuka-trier.de\/malaka-hostel\/","url":"https:\/\/kuka-trier.de\/malaka-hostel\/","name":"Auberge de Malaka | FLYING GRASS CARPET 2022","isPartOf":{"@id":"https:\/\/kuka-trier.de\/#website"},"primaryImageOfPage":{"@id":"https:\/\/kuka-trier.de\/malaka-hostel\/#primaryimage"},"image":{"@id":"https:\/\/kuka-trier.de\/malaka-hostel\/#primaryimage"},"thumbnailUrl":"https:\/\/kuka-trier.de\/wp-content\/uploads\/2022\/05\/20220722-KUK-FGC-malaka.jpg","datePublished":"2022-05-12T07:19:14+00:00","dateModified":"2022-07-25T06:41:45+00:00","description":"Concert en plein air le vendredi 22 juillet \u00e0 20h00 sur le Viehmarkt de Tr\u00e8ves","breadcrumb":{"@id":"https:\/\/kuka-trier.de\/malaka-hostel\/#breadcrumb"},"inLanguage":"fr-FR","potentialAction":[{"@type":"ReadAction","target":["https:\/\/kuka-trier.de\/malaka-hostel\/"]}]},{"@type":"ImageObject","inLanguage":"fr-FR","@id":"https:\/\/kuka-trier.de\/malaka-hostel\/#primaryimage","url":"https:\/\/kuka-trier.de\/wp-content\/uploads\/2022\/05\/20220722-KUK-FGC-malaka.jpg","contentUrl":"https:\/\/kuka-trier.de\/wp-content\/uploads\/2022\/05\/20220722-KUK-FGC-malaka.jpg","width":450,"height":300,"caption":"Malaka Hostel"},{"@type":"BreadcrumbList","@id":"https:\/\/kuka-trier.de\/malaka-hostel\/#breadcrumb","itemListElement":[{"@type":"ListItem","position":1,"name":"Startseite","item":"https:\/\/kuka-trier.de\/"},{"@type":"ListItem","position":2,"name":"Malaka Hostel"}]},{"@type":"WebSite","@id":"https:\/\/kuka-trier.de\/#website","url":"https:\/\/kuka-trier.de\/","name":"Kulturkarawane Tr\u00e8ves","description":"Vivre en couleurs","publisher":{"@id":"https:\/\/kuka-trier.de\/#organization"},"potentialAction":[{"@type":"SearchAction","target":{"@type":"EntryPoint","urlTemplate":"https:\/\/kuka-trier.de\/?s={search_term_string}"},"query-input":{"@type":"PropertyValueSpecification","valueRequired":true,"valueName":"search_term_string"}}],"inLanguage":"fr-FR"},{"@type":"Organization","@id":"https:\/\/kuka-trier.de\/#organization","name":"Kulturkarawane Tr\u00e8ves","url":"https:\/\/kuka-trier.de\/","logo":{"@type":"ImageObject","inLanguage":"fr-FR","@id":"https:\/\/kuka-trier.de\/#\/schema\/logo\/image\/","url":"https:\/\/kuka-trier.de\/wp-content\/uploads\/2022\/02\/cropped-KK19_Logo_color_26-12_web.png","contentUrl":"https:\/\/kuka-trier.de\/wp-content\/uploads\/2022\/02\/cropped-KK19_Logo_color_26-12_web.png","width":822,"height":340,"caption":"Kulturkarawane Trier"},"image":{"@id":"https:\/\/kuka-trier.de\/#\/schema\/logo\/image\/"}},{"@type":"Person","@id":"https:\/\/kuka-trier.de\/#\/schema\/person\/0e70983de674702cd8a6bd6656029617","name":"admin","image":{"@type":"ImageObject","inLanguage":"fr-FR","@id":"https:\/\/secure.gravatar.com\/avatar\/9a8eb49d2b2ccb1d3ebbd410bd75a2680c8aff6331ee1e34607e1a7ee6695d39?s=96&d=mm&r=g","url":"https:\/\/secure.gravatar.com\/avatar\/9a8eb49d2b2ccb1d3ebbd410bd75a2680c8aff6331ee1e34607e1a7ee6695d39?s=96&d=mm&r=g","contentUrl":"https:\/\/secure.gravatar.com\/avatar\/9a8eb49d2b2ccb1d3ebbd410bd75a2680c8aff6331ee1e34607e1a7ee6695d39?s=96&d=mm&r=g","caption":"admin"},"sameAs":["http:\/\/kuka-trier.de"],"url":"https:\/\/kuka-trier.de\/fr\/author\/admin\/"}]}},"_links":{"self":[{"href":"https:\/\/kuka-trier.de\/fr\/wp-json\/wp\/v2\/posts\/266","targetHints":{"allow":["GET"]}}],"collection":[{"href":"https:\/\/kuka-trier.de\/fr\/wp-json\/wp\/v2\/posts"}],"about":[{"href":"https:\/\/kuka-trier.de\/fr\/wp-json\/wp\/v2\/types\/post"}],"author":[{"embeddable":true,"href":"https:\/\/kuka-trier.de\/fr\/wp-json\/wp\/v2\/users\/1"}],"replies":[{"embeddable":true,"href":"https:\/\/kuka-trier.de\/fr\/wp-json\/wp\/v2\/comments?post=266"}],"version-history":[{"count":8,"href":"https:\/\/kuka-trier.de\/fr\/wp-json\/wp\/v2\/posts\/266\/revisions"}],"predecessor-version":[{"id":1149,"href":"https:\/\/kuka-trier.de\/fr\/wp-json\/wp\/v2\/posts\/266\/revisions\/1149"}],"wp:featuredmedia":[{"embeddable":true,"href":"https:\/\/kuka-trier.de\/fr\/wp-json\/wp\/v2\/media\/109"}],"wp:attachment":[{"href":"https:\/\/kuka-trier.de\/fr\/wp-json\/wp\/v2\/media?parent=266"}],"wp:term":[{"taxonomy":"category","embeddable":true,"href":"https:\/\/kuka-trier.de\/fr\/wp-json\/wp\/v2\/categories?post=266"},{"taxonomy":"post_tag","embeddable":true,"href":"https:\/\/kuka-trier.de\/fr\/wp-json\/wp\/v2\/tags?post=266"}],"curies":[{"name":"wp","href":"https:\/\/api.w.org\/{rel}","templated":true}]}}