{"id":273,"date":"2022-05-11T16:29:00","date_gmt":"2022-05-11T16:29:00","guid":{"rendered":"https:\/\/kuka-trier.de\/?p=273"},"modified":"2022-07-20T07:26:11","modified_gmt":"2022-07-20T07:26:11","slug":"comedy-slam","status":"publish","type":"post","link":"https:\/\/kuka-trier.de\/fr\/comedy-slam\/","title":{"rendered":"Slam comique"},"content":{"rendered":"<p><a href=\"https:\/\/www.kulturraumtrier.de\/\" target=\"_blank\" rel=\"noopener\"><img decoding=\"async\" class=\"alignnone wp-image-1032\" src=\"https:\/\/kuka-trier.de\/wp-content\/uploads\/2022\/05\/Kulturraum-Trier-300x125.jpg\" alt=\"Kulturraum Trier\" width=\"161\" height=\"67\" srcset=\"https:\/\/kuka-trier.de\/wp-content\/uploads\/2022\/05\/Kulturraum-Trier-300x125.jpg 300w, https:\/\/kuka-trier.de\/wp-content\/uploads\/2022\/05\/Kulturraum-Trier.jpg 544w\" sizes=\"(max-width: 161px) 100vw, 161px\" \/><\/a><\/p>\n<p><strong>C'est bien connu, le rire est le meilleur rem\u00e8de !<\/strong> Et c'est pr\u00e9cis\u00e9ment pour cette raison que nous avons aujourd'hui le programme parfait qui te permettra de te tordre de rire sur 900 m\u00b2 de gazon artificiel de la plus haute qualit\u00e9 !<\/p>\n<p>Le concours d'art humoristique made in Tr\u00e8ves : 6 com\u00e9diennes et com\u00e9diens \"se battent\" pour obtenir les faveurs du public. La d\u00e9cision est d\u00e9mocratique \u00e0 la base et entre les mains des spectateurs. Les nouveaux venus font ici leurs premiers pas sur le ring de la com\u00e9die et les artistes \u00e9tablis testent leur dernier mat\u00e9riel - pour la premi\u00e8re fois et parfois pour la derni\u00e8re. Avec un risque total et toujours sans couverture, parfois ils donnent - parfois ils se prennent un \u0153il au beurre noir. Les stars d'aujourd'hui comme Chris Tall, Faysal Kawusi, Stefan Waghubinger, Luke Mockridge et compagnie n'ont pas seulement gagn\u00e9 leurs premiers galons au Comedy Slam de Tr\u00e8ves.<\/p>\n\n\n<a href=\"\/fr\/fgctrier\/\">\n    <button>\" Infos sur le Flying Grass Carpet<\/button>\n  <\/a>","protected":false},"excerpt":{"rendered":"<p>TAPIS D'HERBE VOLANT 2022<br \/>\nMardi 19 juillet - 20:00<br \/>\nMarch\u00e9 aux bestiaux de Tr\u00e8ves<\/p>","protected":false},"author":1,"featured_media":108,"comment_status":"closed","ping_status":"closed","sticky":false,"template":"","format":"standard","meta":{"_jf_save_progress":"","footnotes":""},"categories":[16],"tags":[13,48],"class_list":["post-273","post","type-post","status-publish","format-standard","has-post-thumbnail","hentry","category-comedy","tag-fgc2022","tag-vergangen"],"yoast_head":"<!-- This site is optimized with the Yoast SEO plugin v27.5 - https:\/\/yoast.com\/product\/yoast-seo-wordpress\/ -->\n<title>Comedy Slam | FLYING GRASS CARPET 2022<\/title>\n<meta name=\"description\" content=\"Comedy Slam am Dienstag, 19. Juli um 20:00 Uhr auf dem Viehmarkt Trier\" \/>\n<meta name=\"robots\" content=\"index, follow, max-snippet:-1, max-image-preview:large, max-video-preview:-1\" \/>\n<link rel=\"canonical\" href=\"https:\/\/kuka-trier.de\/fr\/comedy-slam\/\" \/>\n<meta property=\"og:locale\" content=\"fr_FR\" \/>\n<meta property=\"og:type\" content=\"article\" \/>\n<meta property=\"og:title\" content=\"Comedy Slam | FLYING GRASS CARPET 2022\" \/>\n<meta property=\"og:description\" content=\"Comedy Slam am Dienstag, 19. Juli um 20:00 Uhr auf dem Viehmarkt Trier\" \/>\n<meta property=\"og:url\" content=\"https:\/\/kuka-trier.de\/fr\/comedy-slam\/\" \/>\n<meta property=\"og:site_name\" content=\"Kulturkarawane Trier\" \/>\n<meta property=\"article:published_time\" content=\"2022-05-11T16:29:00+00:00\" \/>\n<meta property=\"article:modified_time\" content=\"2022-07-20T07:26:11+00:00\" \/>\n<meta property=\"og:image\" content=\"https:\/\/kuka-trier.de\/wp-content\/uploads\/2022\/05\/20220719-KUK-FGC-comedy-slam.jpg\" \/>\n\t<meta property=\"og:image:width\" content=\"450\" \/>\n\t<meta property=\"og:image:height\" content=\"300\" \/>\n\t<meta property=\"og:image:type\" content=\"image\/jpeg\" \/>\n<meta name=\"author\" content=\"admin\" \/>\n<meta name=\"twitter:card\" content=\"summary_large_image\" \/>\n<meta name=\"twitter:label1\" content=\"\u00c9crit par\" \/>\n\t<meta name=\"twitter:data1\" content=\"admin\" \/>\n\t<meta name=\"twitter:label2\" content=\"Dur\u00e9e de lecture estim\u00e9e\" \/>\n\t<meta name=\"twitter:data2\" content=\"1 minute\" \/>\n<script type=\"application\/ld+json\" class=\"yoast-schema-graph\">{\"@context\":\"https:\\\/\\\/schema.org\",\"@graph\":[{\"@type\":\"Article\",\"@id\":\"https:\\\/\\\/kuka-trier.de\\\/comedy-slam\\\/#article\",\"isPartOf\":{\"@id\":\"https:\\\/\\\/kuka-trier.de\\\/comedy-slam\\\/\"},\"author\":{\"name\":\"admin\",\"@id\":\"https:\\\/\\\/kuka-trier.de\\\/#\\\/schema\\\/person\\\/0e70983de674702cd8a6bd6656029617\"},\"headline\":\"Comedy Slam\",\"datePublished\":\"2022-05-11T16:29:00+00:00\",\"dateModified\":\"2022-07-20T07:26:11+00:00\",\"mainEntityOfPage\":{\"@id\":\"https:\\\/\\\/kuka-trier.de\\\/comedy-slam\\\/\"},\"wordCount\":134,\"publisher\":{\"@id\":\"https:\\\/\\\/kuka-trier.de\\\/#organization\"},\"image\":{\"@id\":\"https:\\\/\\\/kuka-trier.de\\\/comedy-slam\\\/#primaryimage\"},\"thumbnailUrl\":\"https:\\\/\\\/kuka-trier.de\\\/wp-content\\\/uploads\\\/2022\\\/05\\\/20220719-KUK-FGC-comedy-slam.jpg\",\"keywords\":[\"FGC2022\",\"Vergangen\"],\"articleSection\":[\"Comedy\"],\"inLanguage\":\"fr-FR\"},{\"@type\":\"WebPage\",\"@id\":\"https:\\\/\\\/kuka-trier.de\\\/comedy-slam\\\/\",\"url\":\"https:\\\/\\\/kuka-trier.de\\\/comedy-slam\\\/\",\"name\":\"Comedy Slam | FLYING GRASS CARPET 2022\",\"isPartOf\":{\"@id\":\"https:\\\/\\\/kuka-trier.de\\\/#website\"},\"primaryImageOfPage\":{\"@id\":\"https:\\\/\\\/kuka-trier.de\\\/comedy-slam\\\/#primaryimage\"},\"image\":{\"@id\":\"https:\\\/\\\/kuka-trier.de\\\/comedy-slam\\\/#primaryimage\"},\"thumbnailUrl\":\"https:\\\/\\\/kuka-trier.de\\\/wp-content\\\/uploads\\\/2022\\\/05\\\/20220719-KUK-FGC-comedy-slam.jpg\",\"datePublished\":\"2022-05-11T16:29:00+00:00\",\"dateModified\":\"2022-07-20T07:26:11+00:00\",\"description\":\"Comedy Slam am Dienstag, 19. Juli um 20:00 Uhr auf dem Viehmarkt Trier\",\"breadcrumb\":{\"@id\":\"https:\\\/\\\/kuka-trier.de\\\/comedy-slam\\\/#breadcrumb\"},\"inLanguage\":\"fr-FR\",\"potentialAction\":[{\"@type\":\"ReadAction\",\"target\":[\"https:\\\/\\\/kuka-trier.de\\\/comedy-slam\\\/\"]}]},{\"@type\":\"ImageObject\",\"inLanguage\":\"fr-FR\",\"@id\":\"https:\\\/\\\/kuka-trier.de\\\/comedy-slam\\\/#primaryimage\",\"url\":\"https:\\\/\\\/kuka-trier.de\\\/wp-content\\\/uploads\\\/2022\\\/05\\\/20220719-KUK-FGC-comedy-slam.jpg\",\"contentUrl\":\"https:\\\/\\\/kuka-trier.de\\\/wp-content\\\/uploads\\\/2022\\\/05\\\/20220719-KUK-FGC-comedy-slam.jpg\",\"width\":450,\"height\":300,\"caption\":\"Comedy Slam\"},{\"@type\":\"BreadcrumbList\",\"@id\":\"https:\\\/\\\/kuka-trier.de\\\/comedy-slam\\\/#breadcrumb\",\"itemListElement\":[{\"@type\":\"ListItem\",\"position\":1,\"name\":\"Startseite\",\"item\":\"https:\\\/\\\/kuka-trier.de\\\/\"},{\"@type\":\"ListItem\",\"position\":2,\"name\":\"Comedy Slam\"}]},{\"@type\":\"WebSite\",\"@id\":\"https:\\\/\\\/kuka-trier.de\\\/#website\",\"url\":\"https:\\\/\\\/kuka-trier.de\\\/\",\"name\":\"Kulturkarawane Trier\",\"description\":\"BuntERleben\",\"publisher\":{\"@id\":\"https:\\\/\\\/kuka-trier.de\\\/#organization\"},\"potentialAction\":[{\"@type\":\"SearchAction\",\"target\":{\"@type\":\"EntryPoint\",\"urlTemplate\":\"https:\\\/\\\/kuka-trier.de\\\/?s={search_term_string}\"},\"query-input\":{\"@type\":\"PropertyValueSpecification\",\"valueRequired\":true,\"valueName\":\"search_term_string\"}}],\"inLanguage\":\"fr-FR\"},{\"@type\":\"Organization\",\"@id\":\"https:\\\/\\\/kuka-trier.de\\\/#organization\",\"name\":\"Kulturkarawane Trier\",\"url\":\"https:\\\/\\\/kuka-trier.de\\\/\",\"logo\":{\"@type\":\"ImageObject\",\"inLanguage\":\"fr-FR\",\"@id\":\"https:\\\/\\\/kuka-trier.de\\\/#\\\/schema\\\/logo\\\/image\\\/\",\"url\":\"https:\\\/\\\/kuka-trier.de\\\/wp-content\\\/uploads\\\/2022\\\/02\\\/cropped-KK19_Logo_color_26-12_web.png\",\"contentUrl\":\"https:\\\/\\\/kuka-trier.de\\\/wp-content\\\/uploads\\\/2022\\\/02\\\/cropped-KK19_Logo_color_26-12_web.png\",\"width\":822,\"height\":340,\"caption\":\"Kulturkarawane Trier\"},\"image\":{\"@id\":\"https:\\\/\\\/kuka-trier.de\\\/#\\\/schema\\\/logo\\\/image\\\/\"}},{\"@type\":\"Person\",\"@id\":\"https:\\\/\\\/kuka-trier.de\\\/#\\\/schema\\\/person\\\/0e70983de674702cd8a6bd6656029617\",\"name\":\"admin\",\"image\":{\"@type\":\"ImageObject\",\"inLanguage\":\"fr-FR\",\"@id\":\"https:\\\/\\\/secure.gravatar.com\\\/avatar\\\/9a8eb49d2b2ccb1d3ebbd410bd75a2680c8aff6331ee1e34607e1a7ee6695d39?s=96&d=mm&r=g\",\"url\":\"https:\\\/\\\/secure.gravatar.com\\\/avatar\\\/9a8eb49d2b2ccb1d3ebbd410bd75a2680c8aff6331ee1e34607e1a7ee6695d39?s=96&d=mm&r=g\",\"contentUrl\":\"https:\\\/\\\/secure.gravatar.com\\\/avatar\\\/9a8eb49d2b2ccb1d3ebbd410bd75a2680c8aff6331ee1e34607e1a7ee6695d39?s=96&d=mm&r=g\",\"caption\":\"admin\"},\"sameAs\":[\"http:\\\/\\\/kuka-trier.de\"],\"url\":\"https:\\\/\\\/kuka-trier.de\\\/fr\\\/author\\\/admin\\\/\"}]}<\/script>\n<!-- \/ Yoast SEO plugin. -->","yoast_head_json":{"title":"Comedy Slam | FLYING GRASS CARPET 2022","description":"Comedy Slam am Dienstag, 19. Juli um 20:00 Uhr auf dem Viehmarkt Trier","robots":{"index":"index","follow":"follow","max-snippet":"max-snippet:-1","max-image-preview":"max-image-preview:large","max-video-preview":"max-video-preview:-1"},"canonical":"https:\/\/kuka-trier.de\/fr\/comedy-slam\/","og_locale":"fr_FR","og_type":"article","og_title":"Comedy Slam | FLYING GRASS CARPET 2022","og_description":"Comedy Slam am Dienstag, 19. Juli um 20:00 Uhr auf dem Viehmarkt Trier","og_url":"https:\/\/kuka-trier.de\/fr\/comedy-slam\/","og_site_name":"Kulturkarawane Trier","article_published_time":"2022-05-11T16:29:00+00:00","article_modified_time":"2022-07-20T07:26:11+00:00","og_image":[{"width":450,"height":300,"url":"https:\/\/kuka-trier.de\/wp-content\/uploads\/2022\/05\/20220719-KUK-FGC-comedy-slam.jpg","type":"image\/jpeg"}],"author":"admin","twitter_card":"summary_large_image","twitter_misc":{"\u00c9crit par":"admin","Dur\u00e9e de lecture estim\u00e9e":"1 minute"},"schema":{"@context":"https:\/\/schema.org","@graph":[{"@type":"Article","@id":"https:\/\/kuka-trier.de\/comedy-slam\/#article","isPartOf":{"@id":"https:\/\/kuka-trier.de\/comedy-slam\/"},"author":{"name":"admin","@id":"https:\/\/kuka-trier.de\/#\/schema\/person\/0e70983de674702cd8a6bd6656029617"},"headline":"Comedy Slam","datePublished":"2022-05-11T16:29:00+00:00","dateModified":"2022-07-20T07:26:11+00:00","mainEntityOfPage":{"@id":"https:\/\/kuka-trier.de\/comedy-slam\/"},"wordCount":134,"publisher":{"@id":"https:\/\/kuka-trier.de\/#organization"},"image":{"@id":"https:\/\/kuka-trier.de\/comedy-slam\/#primaryimage"},"thumbnailUrl":"https:\/\/kuka-trier.de\/wp-content\/uploads\/2022\/05\/20220719-KUK-FGC-comedy-slam.jpg","keywords":["FGC2022","Vergangen"],"articleSection":["Comedy"],"inLanguage":"fr-FR"},{"@type":"WebPage","@id":"https:\/\/kuka-trier.de\/comedy-slam\/","url":"https:\/\/kuka-trier.de\/comedy-slam\/","name":"Comedy Slam | FLYING GRASS CARPET 2022","isPartOf":{"@id":"https:\/\/kuka-trier.de\/#website"},"primaryImageOfPage":{"@id":"https:\/\/kuka-trier.de\/comedy-slam\/#primaryimage"},"image":{"@id":"https:\/\/kuka-trier.de\/comedy-slam\/#primaryimage"},"thumbnailUrl":"https:\/\/kuka-trier.de\/wp-content\/uploads\/2022\/05\/20220719-KUK-FGC-comedy-slam.jpg","datePublished":"2022-05-11T16:29:00+00:00","dateModified":"2022-07-20T07:26:11+00:00","description":"Comedy Slam am Dienstag, 19. Juli um 20:00 Uhr auf dem Viehmarkt Trier","breadcrumb":{"@id":"https:\/\/kuka-trier.de\/comedy-slam\/#breadcrumb"},"inLanguage":"fr-FR","potentialAction":[{"@type":"ReadAction","target":["https:\/\/kuka-trier.de\/comedy-slam\/"]}]},{"@type":"ImageObject","inLanguage":"fr-FR","@id":"https:\/\/kuka-trier.de\/comedy-slam\/#primaryimage","url":"https:\/\/kuka-trier.de\/wp-content\/uploads\/2022\/05\/20220719-KUK-FGC-comedy-slam.jpg","contentUrl":"https:\/\/kuka-trier.de\/wp-content\/uploads\/2022\/05\/20220719-KUK-FGC-comedy-slam.jpg","width":450,"height":300,"caption":"Comedy Slam"},{"@type":"BreadcrumbList","@id":"https:\/\/kuka-trier.de\/comedy-slam\/#breadcrumb","itemListElement":[{"@type":"ListItem","position":1,"name":"Startseite","item":"https:\/\/kuka-trier.de\/"},{"@type":"ListItem","position":2,"name":"Comedy Slam"}]},{"@type":"WebSite","@id":"https:\/\/kuka-trier.de\/#website","url":"https:\/\/kuka-trier.de\/","name":"Kulturkarawane Tr\u00e8ves","description":"Vivre en couleurs","publisher":{"@id":"https:\/\/kuka-trier.de\/#organization"},"potentialAction":[{"@type":"SearchAction","target":{"@type":"EntryPoint","urlTemplate":"https:\/\/kuka-trier.de\/?s={search_term_string}"},"query-input":{"@type":"PropertyValueSpecification","valueRequired":true,"valueName":"search_term_string"}}],"inLanguage":"fr-FR"},{"@type":"Organization","@id":"https:\/\/kuka-trier.de\/#organization","name":"Kulturkarawane Tr\u00e8ves","url":"https:\/\/kuka-trier.de\/","logo":{"@type":"ImageObject","inLanguage":"fr-FR","@id":"https:\/\/kuka-trier.de\/#\/schema\/logo\/image\/","url":"https:\/\/kuka-trier.de\/wp-content\/uploads\/2022\/02\/cropped-KK19_Logo_color_26-12_web.png","contentUrl":"https:\/\/kuka-trier.de\/wp-content\/uploads\/2022\/02\/cropped-KK19_Logo_color_26-12_web.png","width":822,"height":340,"caption":"Kulturkarawane Trier"},"image":{"@id":"https:\/\/kuka-trier.de\/#\/schema\/logo\/image\/"}},{"@type":"Person","@id":"https:\/\/kuka-trier.de\/#\/schema\/person\/0e70983de674702cd8a6bd6656029617","name":"admin","image":{"@type":"ImageObject","inLanguage":"fr-FR","@id":"https:\/\/secure.gravatar.com\/avatar\/9a8eb49d2b2ccb1d3ebbd410bd75a2680c8aff6331ee1e34607e1a7ee6695d39?s=96&d=mm&r=g","url":"https:\/\/secure.gravatar.com\/avatar\/9a8eb49d2b2ccb1d3ebbd410bd75a2680c8aff6331ee1e34607e1a7ee6695d39?s=96&d=mm&r=g","contentUrl":"https:\/\/secure.gravatar.com\/avatar\/9a8eb49d2b2ccb1d3ebbd410bd75a2680c8aff6331ee1e34607e1a7ee6695d39?s=96&d=mm&r=g","caption":"admin"},"sameAs":["http:\/\/kuka-trier.de"],"url":"https:\/\/kuka-trier.de\/fr\/author\/admin\/"}]}},"_links":{"self":[{"href":"https:\/\/kuka-trier.de\/fr\/wp-json\/wp\/v2\/posts\/273","targetHints":{"allow":["GET"]}}],"collection":[{"href":"https:\/\/kuka-trier.de\/fr\/wp-json\/wp\/v2\/posts"}],"about":[{"href":"https:\/\/kuka-trier.de\/fr\/wp-json\/wp\/v2\/types\/post"}],"author":[{"embeddable":true,"href":"https:\/\/kuka-trier.de\/fr\/wp-json\/wp\/v2\/users\/1"}],"replies":[{"embeddable":true,"href":"https:\/\/kuka-trier.de\/fr\/wp-json\/wp\/v2\/comments?post=273"}],"version-history":[{"count":7,"href":"https:\/\/kuka-trier.de\/fr\/wp-json\/wp\/v2\/posts\/273\/revisions"}],"predecessor-version":[{"id":1152,"href":"https:\/\/kuka-trier.de\/fr\/wp-json\/wp\/v2\/posts\/273\/revisions\/1152"}],"wp:featuredmedia":[{"embeddable":true,"href":"https:\/\/kuka-trier.de\/fr\/wp-json\/wp\/v2\/media\/108"}],"wp:attachment":[{"href":"https:\/\/kuka-trier.de\/fr\/wp-json\/wp\/v2\/media?parent=273"}],"wp:term":[{"taxonomy":"category","embeddable":true,"href":"https:\/\/kuka-trier.de\/fr\/wp-json\/wp\/v2\/categories?post=273"},{"taxonomy":"post_tag","embeddable":true,"href":"https:\/\/kuka-trier.de\/fr\/wp-json\/wp\/v2\/tags?post=273"}],"curies":[{"name":"wp","href":"https:\/\/api.w.org\/{rel}","templated":true}]}}