{"id":2797,"date":"2023-03-02T11:18:16","date_gmt":"2023-03-02T11:18:16","guid":{"rendered":"https:\/\/kuka-trier.de\/?p=2797"},"modified":"2023-08-19T07:03:46","modified_gmt":"2023-08-19T07:03:46","slug":"jam-session-in-der-afa-trier","status":"publish","type":"post","link":"https:\/\/kuka-trier.de\/fr\/jam-session-in-der-afa-trier\/","title":{"rendered":"Mach mal Mucke - Jam Session acoustique \u00e0 l'AfA de Tr\u00e8ves"},"content":{"rendered":"<p>Nous sommes ravis d'organiser une jam session multiculturelle et sans fronti\u00e8res avec les r\u00e9sidents de l'AfA Tr\u00e8ves et nous sommes impatients d'entendre des sons inspirants du monde entier. Notre jam session est purement acoustique, elle laisse la place \u00e0 des sons plus doux et c'est pour cela qu'elle est si agr\u00e9able. Tu apportes tes propres instruments et tes propres id\u00e9es. Nous serions heureux de pr\u00eater des instruments suppl\u00e9mentaires aux r\u00e9sidents de l'AfA Tr\u00e8ves. Si ton instrument n'est pas audible sans amplificateur (par exemple une basse \u00e9lectrique ou autre), tu peux apporter un petit ampli. La joie de notre Jam Session na\u00eet de l'\u00e9nergie et du respect mutuel pour les capacit\u00e9s de chacun, sans concept pr\u00e9d\u00e9fini.<\/p>\n\n\n\n<p>L'entr\u00e9e est gratuite. Tu recevras un bracelet \u00e0 l'entr\u00e9e. <\/p>\n\n\n\n<p>Les auditeurs* sont les bienvenus. <\/p>\n\n\n\n<p>Lieu : Centre de premier accueil pour demandeurs d'asile, 19, Dasbachstra\u00dfe, 54292 Tr\u00e8ves<br><\/p>\n\n\n\n<a href=\"\/fr\/fgctrier\/\">\n    <button>\" Infos sur le FGC 2023<\/button>\n  <\/a>","protected":false},"excerpt":{"rendered":"<p>Mardi 15 ao\u00fbt - 19h-21h<br \/>\nCentre de premier accueil pour demandeurs d'asile de Tr\u00e8ves<\/p>","protected":false},"author":1,"featured_media":3630,"comment_status":"open","ping_status":"open","sticky":false,"template":"","format":"standard","meta":{"_jf_save_progress":"","footnotes":""},"categories":[43],"tags":[38,73,48],"class_list":["post-2797","post","type-post","status-publish","format-standard","has-post-thumbnail","hentry","category-begegnungen","tag-kostenlos","tag-kuka","tag-vergangen"],"yoast_head":"<!-- This site is optimized with the Yoast SEO plugin v27.4 - https:\/\/yoast.com\/product\/yoast-seo-wordpress\/ -->\n<title>Mach mal Mucke - Akustik Jam Session in der AfA Trier<\/title>\n<meta name=\"description\" content=\"In Kooperation mit der AfA Trier: Akustik Jam Session am Dienstag, 15. August von 19-21 Uhr in der AfA Trier, Dasbachstr. 19\" \/>\n<meta name=\"robots\" content=\"index, follow, max-snippet:-1, max-image-preview:large, max-video-preview:-1\" \/>\n<link rel=\"canonical\" href=\"https:\/\/kuka-trier.de\/fr\/jam-session-in-der-afa-trier\/\" \/>\n<meta property=\"og:locale\" content=\"fr_FR\" \/>\n<meta property=\"og:type\" content=\"article\" \/>\n<meta property=\"og:title\" content=\"Mach mal Mucke - Akustik Jam Session in der AfA Trier\" \/>\n<meta property=\"og:description\" content=\"In Kooperation mit der AfA Trier: Akustik Jam Session am Dienstag, 15. August von 19-21 Uhr in der AfA Trier, Dasbachstr. 19\" \/>\n<meta property=\"og:url\" content=\"https:\/\/kuka-trier.de\/fr\/jam-session-in-der-afa-trier\/\" \/>\n<meta property=\"og:site_name\" content=\"Kulturkarawane Trier\" \/>\n<meta property=\"article:published_time\" content=\"2023-03-02T11:18:16+00:00\" \/>\n<meta property=\"article:modified_time\" content=\"2023-08-19T07:03:46+00:00\" \/>\n<meta property=\"og:image\" content=\"https:\/\/kuka-trier.de\/wp-content\/uploads\/2023\/03\/KuKaAFATrier-102-scaled.jpg\" \/>\n\t<meta property=\"og:image:width\" content=\"2560\" \/>\n\t<meta property=\"og:image:height\" content=\"1703\" \/>\n\t<meta property=\"og:image:type\" content=\"image\/jpeg\" \/>\n<meta name=\"author\" content=\"admin\" \/>\n<meta name=\"twitter:card\" content=\"summary_large_image\" \/>\n<meta name=\"twitter:label1\" content=\"\u00c9crit par\" \/>\n\t<meta name=\"twitter:data1\" content=\"admin\" \/>\n\t<meta name=\"twitter:label2\" content=\"Dur\u00e9e de lecture estim\u00e9e\" \/>\n\t<meta name=\"twitter:data2\" content=\"1 minute\" \/>\n<script type=\"application\/ld+json\" class=\"yoast-schema-graph\">{\"@context\":\"https:\\\/\\\/schema.org\",\"@graph\":[{\"@type\":\"Article\",\"@id\":\"https:\\\/\\\/kuka-trier.de\\\/jam-session-in-der-afa-trier\\\/#article\",\"isPartOf\":{\"@id\":\"https:\\\/\\\/kuka-trier.de\\\/jam-session-in-der-afa-trier\\\/\"},\"author\":{\"name\":\"admin\",\"@id\":\"https:\\\/\\\/kuka-trier.de\\\/#\\\/schema\\\/person\\\/0e70983de674702cd8a6bd6656029617\"},\"headline\":\"Mach mal Mucke &#8211; Akustik Jam Session in der AfA Trier\",\"datePublished\":\"2023-03-02T11:18:16+00:00\",\"dateModified\":\"2023-08-19T07:03:46+00:00\",\"mainEntityOfPage\":{\"@id\":\"https:\\\/\\\/kuka-trier.de\\\/jam-session-in-der-afa-trier\\\/\"},\"wordCount\":158,\"commentCount\":0,\"publisher\":{\"@id\":\"https:\\\/\\\/kuka-trier.de\\\/#organization\"},\"image\":{\"@id\":\"https:\\\/\\\/kuka-trier.de\\\/jam-session-in-der-afa-trier\\\/#primaryimage\"},\"thumbnailUrl\":\"https:\\\/\\\/kuka-trier.de\\\/wp-content\\\/uploads\\\/2023\\\/03\\\/KuKaAFATrier-102-scaled.jpg\",\"keywords\":[\"Kostenlos\",\"KuKa\",\"Vergangen\"],\"articleSection\":[\"Begegnungen\"],\"inLanguage\":\"fr-FR\",\"potentialAction\":[{\"@type\":\"CommentAction\",\"name\":\"Comment\",\"target\":[\"https:\\\/\\\/kuka-trier.de\\\/jam-session-in-der-afa-trier\\\/#respond\"]}]},{\"@type\":\"WebPage\",\"@id\":\"https:\\\/\\\/kuka-trier.de\\\/jam-session-in-der-afa-trier\\\/\",\"url\":\"https:\\\/\\\/kuka-trier.de\\\/jam-session-in-der-afa-trier\\\/\",\"name\":\"Mach mal Mucke - Akustik Jam Session in der AfA Trier\",\"isPartOf\":{\"@id\":\"https:\\\/\\\/kuka-trier.de\\\/#website\"},\"primaryImageOfPage\":{\"@id\":\"https:\\\/\\\/kuka-trier.de\\\/jam-session-in-der-afa-trier\\\/#primaryimage\"},\"image\":{\"@id\":\"https:\\\/\\\/kuka-trier.de\\\/jam-session-in-der-afa-trier\\\/#primaryimage\"},\"thumbnailUrl\":\"https:\\\/\\\/kuka-trier.de\\\/wp-content\\\/uploads\\\/2023\\\/03\\\/KuKaAFATrier-102-scaled.jpg\",\"datePublished\":\"2023-03-02T11:18:16+00:00\",\"dateModified\":\"2023-08-19T07:03:46+00:00\",\"description\":\"In Kooperation mit der AfA Trier: Akustik Jam Session am Dienstag, 15. August von 19-21 Uhr in der AfA Trier, Dasbachstr. 19\",\"breadcrumb\":{\"@id\":\"https:\\\/\\\/kuka-trier.de\\\/jam-session-in-der-afa-trier\\\/#breadcrumb\"},\"inLanguage\":\"fr-FR\",\"potentialAction\":[{\"@type\":\"ReadAction\",\"target\":[\"https:\\\/\\\/kuka-trier.de\\\/jam-session-in-der-afa-trier\\\/\"]}]},{\"@type\":\"ImageObject\",\"inLanguage\":\"fr-FR\",\"@id\":\"https:\\\/\\\/kuka-trier.de\\\/jam-session-in-der-afa-trier\\\/#primaryimage\",\"url\":\"https:\\\/\\\/kuka-trier.de\\\/wp-content\\\/uploads\\\/2023\\\/03\\\/KuKaAFATrier-102-scaled.jpg\",\"contentUrl\":\"https:\\\/\\\/kuka-trier.de\\\/wp-content\\\/uploads\\\/2023\\\/03\\\/KuKaAFATrier-102-scaled.jpg\",\"width\":2560,\"height\":1703,\"caption\":\"BewohnerInnen der AfA beim Musizieren\"},{\"@type\":\"BreadcrumbList\",\"@id\":\"https:\\\/\\\/kuka-trier.de\\\/jam-session-in-der-afa-trier\\\/#breadcrumb\",\"itemListElement\":[{\"@type\":\"ListItem\",\"position\":1,\"name\":\"Startseite\",\"item\":\"https:\\\/\\\/kuka-trier.de\\\/\"},{\"@type\":\"ListItem\",\"position\":2,\"name\":\"Mach mal Mucke &#8211; Akustik Jam Session in der AfA Trier\"}]},{\"@type\":\"WebSite\",\"@id\":\"https:\\\/\\\/kuka-trier.de\\\/#website\",\"url\":\"https:\\\/\\\/kuka-trier.de\\\/\",\"name\":\"Kulturkarawane Trier\",\"description\":\"BuntERleben\",\"publisher\":{\"@id\":\"https:\\\/\\\/kuka-trier.de\\\/#organization\"},\"potentialAction\":[{\"@type\":\"SearchAction\",\"target\":{\"@type\":\"EntryPoint\",\"urlTemplate\":\"https:\\\/\\\/kuka-trier.de\\\/?s={search_term_string}\"},\"query-input\":{\"@type\":\"PropertyValueSpecification\",\"valueRequired\":true,\"valueName\":\"search_term_string\"}}],\"inLanguage\":\"fr-FR\"},{\"@type\":\"Organization\",\"@id\":\"https:\\\/\\\/kuka-trier.de\\\/#organization\",\"name\":\"Kulturkarawane Trier\",\"url\":\"https:\\\/\\\/kuka-trier.de\\\/\",\"logo\":{\"@type\":\"ImageObject\",\"inLanguage\":\"fr-FR\",\"@id\":\"https:\\\/\\\/kuka-trier.de\\\/#\\\/schema\\\/logo\\\/image\\\/\",\"url\":\"https:\\\/\\\/kuka-trier.de\\\/wp-content\\\/uploads\\\/2022\\\/02\\\/cropped-KK19_Logo_color_26-12_web.png\",\"contentUrl\":\"https:\\\/\\\/kuka-trier.de\\\/wp-content\\\/uploads\\\/2022\\\/02\\\/cropped-KK19_Logo_color_26-12_web.png\",\"width\":822,\"height\":340,\"caption\":\"Kulturkarawane Trier\"},\"image\":{\"@id\":\"https:\\\/\\\/kuka-trier.de\\\/#\\\/schema\\\/logo\\\/image\\\/\"}},{\"@type\":\"Person\",\"@id\":\"https:\\\/\\\/kuka-trier.de\\\/#\\\/schema\\\/person\\\/0e70983de674702cd8a6bd6656029617\",\"name\":\"admin\",\"image\":{\"@type\":\"ImageObject\",\"inLanguage\":\"fr-FR\",\"@id\":\"https:\\\/\\\/secure.gravatar.com\\\/avatar\\\/9a8eb49d2b2ccb1d3ebbd410bd75a2680c8aff6331ee1e34607e1a7ee6695d39?s=96&d=mm&r=g\",\"url\":\"https:\\\/\\\/secure.gravatar.com\\\/avatar\\\/9a8eb49d2b2ccb1d3ebbd410bd75a2680c8aff6331ee1e34607e1a7ee6695d39?s=96&d=mm&r=g\",\"contentUrl\":\"https:\\\/\\\/secure.gravatar.com\\\/avatar\\\/9a8eb49d2b2ccb1d3ebbd410bd75a2680c8aff6331ee1e34607e1a7ee6695d39?s=96&d=mm&r=g\",\"caption\":\"admin\"},\"sameAs\":[\"http:\\\/\\\/kuka-trier.de\"],\"url\":\"https:\\\/\\\/kuka-trier.de\\\/fr\\\/author\\\/admin\\\/\"}]}<\/script>\n<!-- \/ Yoast SEO plugin. -->","yoast_head_json":{"title":"Mach mal Mucke - Akustik Jam Session in der AfA Trier","description":"In Kooperation mit der AfA Trier: Akustik Jam Session am Dienstag, 15. August von 19-21 Uhr in der AfA Trier, Dasbachstr. 19","robots":{"index":"index","follow":"follow","max-snippet":"max-snippet:-1","max-image-preview":"max-image-preview:large","max-video-preview":"max-video-preview:-1"},"canonical":"https:\/\/kuka-trier.de\/fr\/jam-session-in-der-afa-trier\/","og_locale":"fr_FR","og_type":"article","og_title":"Mach mal Mucke - Akustik Jam Session in der AfA Trier","og_description":"In Kooperation mit der AfA Trier: Akustik Jam Session am Dienstag, 15. August von 19-21 Uhr in der AfA Trier, Dasbachstr. 19","og_url":"https:\/\/kuka-trier.de\/fr\/jam-session-in-der-afa-trier\/","og_site_name":"Kulturkarawane Trier","article_published_time":"2023-03-02T11:18:16+00:00","article_modified_time":"2023-08-19T07:03:46+00:00","og_image":[{"width":2560,"height":1703,"url":"https:\/\/kuka-trier.de\/wp-content\/uploads\/2023\/03\/KuKaAFATrier-102-scaled.jpg","type":"image\/jpeg"}],"author":"admin","twitter_card":"summary_large_image","twitter_misc":{"\u00c9crit par":"admin","Dur\u00e9e de lecture estim\u00e9e":"1 minute"},"schema":{"@context":"https:\/\/schema.org","@graph":[{"@type":"Article","@id":"https:\/\/kuka-trier.de\/jam-session-in-der-afa-trier\/#article","isPartOf":{"@id":"https:\/\/kuka-trier.de\/jam-session-in-der-afa-trier\/"},"author":{"name":"admin","@id":"https:\/\/kuka-trier.de\/#\/schema\/person\/0e70983de674702cd8a6bd6656029617"},"headline":"Mach mal Mucke &#8211; Akustik Jam Session in der AfA Trier","datePublished":"2023-03-02T11:18:16+00:00","dateModified":"2023-08-19T07:03:46+00:00","mainEntityOfPage":{"@id":"https:\/\/kuka-trier.de\/jam-session-in-der-afa-trier\/"},"wordCount":158,"commentCount":0,"publisher":{"@id":"https:\/\/kuka-trier.de\/#organization"},"image":{"@id":"https:\/\/kuka-trier.de\/jam-session-in-der-afa-trier\/#primaryimage"},"thumbnailUrl":"https:\/\/kuka-trier.de\/wp-content\/uploads\/2023\/03\/KuKaAFATrier-102-scaled.jpg","keywords":["Kostenlos","KuKa","Vergangen"],"articleSection":["Begegnungen"],"inLanguage":"fr-FR","potentialAction":[{"@type":"CommentAction","name":"Comment","target":["https:\/\/kuka-trier.de\/jam-session-in-der-afa-trier\/#respond"]}]},{"@type":"WebPage","@id":"https:\/\/kuka-trier.de\/jam-session-in-der-afa-trier\/","url":"https:\/\/kuka-trier.de\/jam-session-in-der-afa-trier\/","name":"Mach mal Mucke - Akustik Jam Session in der AfA Trier","isPartOf":{"@id":"https:\/\/kuka-trier.de\/#website"},"primaryImageOfPage":{"@id":"https:\/\/kuka-trier.de\/jam-session-in-der-afa-trier\/#primaryimage"},"image":{"@id":"https:\/\/kuka-trier.de\/jam-session-in-der-afa-trier\/#primaryimage"},"thumbnailUrl":"https:\/\/kuka-trier.de\/wp-content\/uploads\/2023\/03\/KuKaAFATrier-102-scaled.jpg","datePublished":"2023-03-02T11:18:16+00:00","dateModified":"2023-08-19T07:03:46+00:00","description":"In Kooperation mit der AfA Trier: Akustik Jam Session am Dienstag, 15. August von 19-21 Uhr in der AfA Trier, Dasbachstr. 19","breadcrumb":{"@id":"https:\/\/kuka-trier.de\/jam-session-in-der-afa-trier\/#breadcrumb"},"inLanguage":"fr-FR","potentialAction":[{"@type":"ReadAction","target":["https:\/\/kuka-trier.de\/jam-session-in-der-afa-trier\/"]}]},{"@type":"ImageObject","inLanguage":"fr-FR","@id":"https:\/\/kuka-trier.de\/jam-session-in-der-afa-trier\/#primaryimage","url":"https:\/\/kuka-trier.de\/wp-content\/uploads\/2023\/03\/KuKaAFATrier-102-scaled.jpg","contentUrl":"https:\/\/kuka-trier.de\/wp-content\/uploads\/2023\/03\/KuKaAFATrier-102-scaled.jpg","width":2560,"height":1703,"caption":"BewohnerInnen der AfA beim Musizieren"},{"@type":"BreadcrumbList","@id":"https:\/\/kuka-trier.de\/jam-session-in-der-afa-trier\/#breadcrumb","itemListElement":[{"@type":"ListItem","position":1,"name":"Startseite","item":"https:\/\/kuka-trier.de\/"},{"@type":"ListItem","position":2,"name":"Mach mal Mucke &#8211; Akustik Jam Session in der AfA Trier"}]},{"@type":"WebSite","@id":"https:\/\/kuka-trier.de\/#website","url":"https:\/\/kuka-trier.de\/","name":"Kulturkarawane Tr\u00e8ves","description":"Vivre en couleurs","publisher":{"@id":"https:\/\/kuka-trier.de\/#organization"},"potentialAction":[{"@type":"SearchAction","target":{"@type":"EntryPoint","urlTemplate":"https:\/\/kuka-trier.de\/?s={search_term_string}"},"query-input":{"@type":"PropertyValueSpecification","valueRequired":true,"valueName":"search_term_string"}}],"inLanguage":"fr-FR"},{"@type":"Organization","@id":"https:\/\/kuka-trier.de\/#organization","name":"Kulturkarawane Tr\u00e8ves","url":"https:\/\/kuka-trier.de\/","logo":{"@type":"ImageObject","inLanguage":"fr-FR","@id":"https:\/\/kuka-trier.de\/#\/schema\/logo\/image\/","url":"https:\/\/kuka-trier.de\/wp-content\/uploads\/2022\/02\/cropped-KK19_Logo_color_26-12_web.png","contentUrl":"https:\/\/kuka-trier.de\/wp-content\/uploads\/2022\/02\/cropped-KK19_Logo_color_26-12_web.png","width":822,"height":340,"caption":"Kulturkarawane Trier"},"image":{"@id":"https:\/\/kuka-trier.de\/#\/schema\/logo\/image\/"}},{"@type":"Person","@id":"https:\/\/kuka-trier.de\/#\/schema\/person\/0e70983de674702cd8a6bd6656029617","name":"admin","image":{"@type":"ImageObject","inLanguage":"fr-FR","@id":"https:\/\/secure.gravatar.com\/avatar\/9a8eb49d2b2ccb1d3ebbd410bd75a2680c8aff6331ee1e34607e1a7ee6695d39?s=96&d=mm&r=g","url":"https:\/\/secure.gravatar.com\/avatar\/9a8eb49d2b2ccb1d3ebbd410bd75a2680c8aff6331ee1e34607e1a7ee6695d39?s=96&d=mm&r=g","contentUrl":"https:\/\/secure.gravatar.com\/avatar\/9a8eb49d2b2ccb1d3ebbd410bd75a2680c8aff6331ee1e34607e1a7ee6695d39?s=96&d=mm&r=g","caption":"admin"},"sameAs":["http:\/\/kuka-trier.de"],"url":"https:\/\/kuka-trier.de\/fr\/author\/admin\/"}]}},"_links":{"self":[{"href":"https:\/\/kuka-trier.de\/fr\/wp-json\/wp\/v2\/posts\/2797","targetHints":{"allow":["GET"]}}],"collection":[{"href":"https:\/\/kuka-trier.de\/fr\/wp-json\/wp\/v2\/posts"}],"about":[{"href":"https:\/\/kuka-trier.de\/fr\/wp-json\/wp\/v2\/types\/post"}],"author":[{"embeddable":true,"href":"https:\/\/kuka-trier.de\/fr\/wp-json\/wp\/v2\/users\/1"}],"replies":[{"embeddable":true,"href":"https:\/\/kuka-trier.de\/fr\/wp-json\/wp\/v2\/comments?post=2797"}],"version-history":[{"count":8,"href":"https:\/\/kuka-trier.de\/fr\/wp-json\/wp\/v2\/posts\/2797\/revisions"}],"predecessor-version":[{"id":3636,"href":"https:\/\/kuka-trier.de\/fr\/wp-json\/wp\/v2\/posts\/2797\/revisions\/3636"}],"wp:featuredmedia":[{"embeddable":true,"href":"https:\/\/kuka-trier.de\/fr\/wp-json\/wp\/v2\/media\/3630"}],"wp:attachment":[{"href":"https:\/\/kuka-trier.de\/fr\/wp-json\/wp\/v2\/media?parent=2797"}],"wp:term":[{"taxonomy":"category","embeddable":true,"href":"https:\/\/kuka-trier.de\/fr\/wp-json\/wp\/v2\/categories?post=2797"},{"taxonomy":"post_tag","embeddable":true,"href":"https:\/\/kuka-trier.de\/fr\/wp-json\/wp\/v2\/tags?post=2797"}],"curies":[{"name":"wp","href":"https:\/\/api.w.org\/{rel}","templated":true}]}}