{"id":2799,"date":"2023-03-02T11:19:04","date_gmt":"2023-03-02T11:19:04","guid":{"rendered":"https:\/\/kuka-trier.de\/?p=2799"},"modified":"2024-03-07T16:37:13","modified_gmt":"2024-03-07T16:37:13","slug":"spielstrasse-trier-sued-4","status":"publish","type":"post","link":"https:\/\/kuka-trier.de\/fr\/spielstrasse-trier-sued-4\/","title":{"rendered":"Rue de jeu Tr\u00e8ves-Sud Septembre"},"content":{"rendered":"<p><strong>Le dimanche 17 septembre 2023, la Weidegasse deviendra une rue de jeu de 15h \u00e0 18h.<\/strong><\/p>\n\n\n\n<p><strong>Pour les petits<\/strong> pour sauter \u00e0 la corde, sauter dans des bo\u00eetes \u00e0 sauter, jouer \u00e0 attraper et \u00e0 cacher, peindre avec des craies de rue, faire du Bobby Car, de la trottinette et du v\u00e9lo.<br><br><strong>Pour les grands,<\/strong> pour se retrouver pour bavarder, boire un caf\u00e9 et faire connaissance.<br>Apporte donc tout ce dont tu as besoin pour un apr\u00e8s-midi de jeux et de rencontres riche en \u00e9motions, des bulles de savon, des gummitwists, de la craie de rue, des Bobby Cars, des trottinettes, des cordes \u00e0 sauter, des ballons \u00e0 ressort et des ballons de foot et tout ce qui te vient \u00e0 l'esprit.<br><br>Nous mettrons \u00e9galement \u00e0 disposition quelques \u00e9quipements de jeu et nous assurerons une belle ambiance.<br>Fais de la publicit\u00e9 et am\u00e8ne tes voisins et amis.<br><br><strong>NOUS VOUS ATTENDONS AVEC IMPATIENCE !<\/strong><br>Impuls Trier, la ville de Tr\u00e8ves, Chor \u00fcber Br\u00fccken e.V. et la Kulturkarawane<\/p>\n\n\n\n<a href=\"\/fr\/lebenswertes-trier-sued\/\">\n    <button>\" Infos sur Lebenswertes Trier-S\u00fcd<\/button>\n  <\/a>","protected":false},"excerpt":{"rendered":"<p>TR\u00c8VES-SUD, UNE VILLE O\u00d9 IL FAIT BON VIVRE<br \/>\nDimanche 17 septembre - 15 heures<br \/>\nWeidegasse Tr\u00e8ves<\/p>","protected":false},"author":1,"featured_media":2785,"comment_status":"closed","ping_status":"open","sticky":false,"template":"","format":"standard","meta":{"_jf_save_progress":"","footnotes":""},"categories":[43],"tags":[38,63,48],"class_list":["post-2799","post","type-post","status-publish","format-standard","has-post-thumbnail","hentry","category-begegnungen","tag-kostenlos","tag-trier-sued","tag-vergangen"],"yoast_head":"<!-- This site is optimized with the Yoast SEO plugin v27.5 - https:\/\/yoast.com\/product\/yoast-seo-wordpress\/ -->\n<title>Spielstra\u00dfe Trier-S\u00fcd September<\/title>\n<meta name=\"description\" content=\"Die Weidegasse in Trier wird am Sonntag, 17. September zur Spielstra\u00dfe mit H\u00fcpfk\u00e4stchen, Fangen, Verstecken, Malen, Bobby Car, Roller und Fahrrad.\" \/>\n<meta name=\"robots\" content=\"index, follow, max-snippet:-1, max-image-preview:large, max-video-preview:-1\" \/>\n<link rel=\"canonical\" href=\"https:\/\/kuka-trier.de\/fr\/spielstrasse-trier-sued-4\/\" \/>\n<meta property=\"og:locale\" content=\"fr_FR\" \/>\n<meta property=\"og:type\" content=\"article\" \/>\n<meta property=\"og:title\" content=\"Spielstra\u00dfe Trier-S\u00fcd September\" \/>\n<meta property=\"og:description\" content=\"Die Weidegasse in Trier wird am Sonntag, 17. September zur Spielstra\u00dfe mit H\u00fcpfk\u00e4stchen, Fangen, Verstecken, Malen, Bobby Car, Roller und Fahrrad.\" \/>\n<meta property=\"og:url\" content=\"https:\/\/kuka-trier.de\/fr\/spielstrasse-trier-sued-4\/\" \/>\n<meta property=\"og:site_name\" content=\"Kulturkarawane Trier\" \/>\n<meta property=\"article:published_time\" content=\"2023-03-02T11:19:04+00:00\" \/>\n<meta property=\"article:modified_time\" content=\"2024-03-07T16:37:13+00:00\" \/>\n<meta property=\"og:image\" content=\"https:\/\/kuka-trier.de\/wp-content\/uploads\/2023\/03\/KUK-lebenswertes-TR-Sued.jpg\" \/>\n\t<meta property=\"og:image:width\" content=\"600\" \/>\n\t<meta property=\"og:image:height\" content=\"400\" \/>\n\t<meta property=\"og:image:type\" content=\"image\/jpeg\" \/>\n<meta name=\"author\" content=\"admin\" \/>\n<meta name=\"twitter:card\" content=\"summary_large_image\" \/>\n<meta name=\"twitter:label1\" content=\"\u00c9crit par\" \/>\n\t<meta name=\"twitter:data1\" content=\"admin\" \/>\n\t<meta name=\"twitter:label2\" content=\"Dur\u00e9e de lecture estim\u00e9e\" \/>\n\t<meta name=\"twitter:data2\" content=\"1 minute\" \/>\n<script type=\"application\/ld+json\" class=\"yoast-schema-graph\">{\"@context\":\"https:\\\/\\\/schema.org\",\"@graph\":[{\"@type\":\"Article\",\"@id\":\"https:\\\/\\\/kuka-trier.de\\\/spielstrasse-trier-sued-4\\\/#article\",\"isPartOf\":{\"@id\":\"https:\\\/\\\/kuka-trier.de\\\/spielstrasse-trier-sued-4\\\/\"},\"author\":{\"name\":\"admin\",\"@id\":\"https:\\\/\\\/kuka-trier.de\\\/#\\\/schema\\\/person\\\/0e70983de674702cd8a6bd6656029617\"},\"headline\":\"Spielstra\u00dfe Trier-S\u00fcd September\",\"datePublished\":\"2023-03-02T11:19:04+00:00\",\"dateModified\":\"2024-03-07T16:37:13+00:00\",\"mainEntityOfPage\":{\"@id\":\"https:\\\/\\\/kuka-trier.de\\\/spielstrasse-trier-sued-4\\\/\"},\"wordCount\":148,\"publisher\":{\"@id\":\"https:\\\/\\\/kuka-trier.de\\\/#organization\"},\"image\":{\"@id\":\"https:\\\/\\\/kuka-trier.de\\\/spielstrasse-trier-sued-4\\\/#primaryimage\"},\"thumbnailUrl\":\"https:\\\/\\\/kuka-trier.de\\\/wp-content\\\/uploads\\\/2023\\\/03\\\/KUK-lebenswertes-TR-Sued.jpg\",\"keywords\":[\"Kostenlos\",\"Trier-S\u00fcd\",\"Vergangen\"],\"articleSection\":[\"Begegnungen\"],\"inLanguage\":\"fr-FR\"},{\"@type\":\"WebPage\",\"@id\":\"https:\\\/\\\/kuka-trier.de\\\/spielstrasse-trier-sued-4\\\/\",\"url\":\"https:\\\/\\\/kuka-trier.de\\\/spielstrasse-trier-sued-4\\\/\",\"name\":\"Spielstra\u00dfe Trier-S\u00fcd September\",\"isPartOf\":{\"@id\":\"https:\\\/\\\/kuka-trier.de\\\/#website\"},\"primaryImageOfPage\":{\"@id\":\"https:\\\/\\\/kuka-trier.de\\\/spielstrasse-trier-sued-4\\\/#primaryimage\"},\"image\":{\"@id\":\"https:\\\/\\\/kuka-trier.de\\\/spielstrasse-trier-sued-4\\\/#primaryimage\"},\"thumbnailUrl\":\"https:\\\/\\\/kuka-trier.de\\\/wp-content\\\/uploads\\\/2023\\\/03\\\/KUK-lebenswertes-TR-Sued.jpg\",\"datePublished\":\"2023-03-02T11:19:04+00:00\",\"dateModified\":\"2024-03-07T16:37:13+00:00\",\"description\":\"Die Weidegasse in Trier wird am Sonntag, 17. September zur Spielstra\u00dfe mit H\u00fcpfk\u00e4stchen, Fangen, Verstecken, Malen, Bobby Car, Roller und Fahrrad.\",\"breadcrumb\":{\"@id\":\"https:\\\/\\\/kuka-trier.de\\\/spielstrasse-trier-sued-4\\\/#breadcrumb\"},\"inLanguage\":\"fr-FR\",\"potentialAction\":[{\"@type\":\"ReadAction\",\"target\":[\"https:\\\/\\\/kuka-trier.de\\\/spielstrasse-trier-sued-4\\\/\"]}]},{\"@type\":\"ImageObject\",\"inLanguage\":\"fr-FR\",\"@id\":\"https:\\\/\\\/kuka-trier.de\\\/spielstrasse-trier-sued-4\\\/#primaryimage\",\"url\":\"https:\\\/\\\/kuka-trier.de\\\/wp-content\\\/uploads\\\/2023\\\/03\\\/KUK-lebenswertes-TR-Sued.jpg\",\"contentUrl\":\"https:\\\/\\\/kuka-trier.de\\\/wp-content\\\/uploads\\\/2023\\\/03\\\/KUK-lebenswertes-TR-Sued.jpg\",\"width\":600,\"height\":400},{\"@type\":\"BreadcrumbList\",\"@id\":\"https:\\\/\\\/kuka-trier.de\\\/spielstrasse-trier-sued-4\\\/#breadcrumb\",\"itemListElement\":[{\"@type\":\"ListItem\",\"position\":1,\"name\":\"Startseite\",\"item\":\"https:\\\/\\\/kuka-trier.de\\\/\"},{\"@type\":\"ListItem\",\"position\":2,\"name\":\"Spielstra\u00dfe Trier-S\u00fcd September\"}]},{\"@type\":\"WebSite\",\"@id\":\"https:\\\/\\\/kuka-trier.de\\\/#website\",\"url\":\"https:\\\/\\\/kuka-trier.de\\\/\",\"name\":\"Kulturkarawane Trier\",\"description\":\"BuntERleben\",\"publisher\":{\"@id\":\"https:\\\/\\\/kuka-trier.de\\\/#organization\"},\"potentialAction\":[{\"@type\":\"SearchAction\",\"target\":{\"@type\":\"EntryPoint\",\"urlTemplate\":\"https:\\\/\\\/kuka-trier.de\\\/?s={search_term_string}\"},\"query-input\":{\"@type\":\"PropertyValueSpecification\",\"valueRequired\":true,\"valueName\":\"search_term_string\"}}],\"inLanguage\":\"fr-FR\"},{\"@type\":\"Organization\",\"@id\":\"https:\\\/\\\/kuka-trier.de\\\/#organization\",\"name\":\"Kulturkarawane Trier\",\"url\":\"https:\\\/\\\/kuka-trier.de\\\/\",\"logo\":{\"@type\":\"ImageObject\",\"inLanguage\":\"fr-FR\",\"@id\":\"https:\\\/\\\/kuka-trier.de\\\/#\\\/schema\\\/logo\\\/image\\\/\",\"url\":\"https:\\\/\\\/kuka-trier.de\\\/wp-content\\\/uploads\\\/2022\\\/02\\\/cropped-KK19_Logo_color_26-12_web.png\",\"contentUrl\":\"https:\\\/\\\/kuka-trier.de\\\/wp-content\\\/uploads\\\/2022\\\/02\\\/cropped-KK19_Logo_color_26-12_web.png\",\"width\":822,\"height\":340,\"caption\":\"Kulturkarawane Trier\"},\"image\":{\"@id\":\"https:\\\/\\\/kuka-trier.de\\\/#\\\/schema\\\/logo\\\/image\\\/\"}},{\"@type\":\"Person\",\"@id\":\"https:\\\/\\\/kuka-trier.de\\\/#\\\/schema\\\/person\\\/0e70983de674702cd8a6bd6656029617\",\"name\":\"admin\",\"image\":{\"@type\":\"ImageObject\",\"inLanguage\":\"fr-FR\",\"@id\":\"https:\\\/\\\/secure.gravatar.com\\\/avatar\\\/9a8eb49d2b2ccb1d3ebbd410bd75a2680c8aff6331ee1e34607e1a7ee6695d39?s=96&d=mm&r=g\",\"url\":\"https:\\\/\\\/secure.gravatar.com\\\/avatar\\\/9a8eb49d2b2ccb1d3ebbd410bd75a2680c8aff6331ee1e34607e1a7ee6695d39?s=96&d=mm&r=g\",\"contentUrl\":\"https:\\\/\\\/secure.gravatar.com\\\/avatar\\\/9a8eb49d2b2ccb1d3ebbd410bd75a2680c8aff6331ee1e34607e1a7ee6695d39?s=96&d=mm&r=g\",\"caption\":\"admin\"},\"sameAs\":[\"http:\\\/\\\/kuka-trier.de\"],\"url\":\"https:\\\/\\\/kuka-trier.de\\\/fr\\\/author\\\/admin\\\/\"}]}<\/script>\n<!-- \/ Yoast SEO plugin. -->","yoast_head_json":{"title":"Rue de jeu Tr\u00e8ves-Sud Septembre","description":"Die Weidegasse in Trier wird am Sonntag, 17. September zur Spielstra\u00dfe mit H\u00fcpfk\u00e4stchen, Fangen, Verstecken, Malen, Bobby Car, Roller und Fahrrad.","robots":{"index":"index","follow":"follow","max-snippet":"max-snippet:-1","max-image-preview":"max-image-preview:large","max-video-preview":"max-video-preview:-1"},"canonical":"https:\/\/kuka-trier.de\/fr\/spielstrasse-trier-sued-4\/","og_locale":"fr_FR","og_type":"article","og_title":"Spielstra\u00dfe Trier-S\u00fcd September","og_description":"Die Weidegasse in Trier wird am Sonntag, 17. September zur Spielstra\u00dfe mit H\u00fcpfk\u00e4stchen, Fangen, Verstecken, Malen, Bobby Car, Roller und Fahrrad.","og_url":"https:\/\/kuka-trier.de\/fr\/spielstrasse-trier-sued-4\/","og_site_name":"Kulturkarawane Trier","article_published_time":"2023-03-02T11:19:04+00:00","article_modified_time":"2024-03-07T16:37:13+00:00","og_image":[{"width":600,"height":400,"url":"https:\/\/kuka-trier.de\/wp-content\/uploads\/2023\/03\/KUK-lebenswertes-TR-Sued.jpg","type":"image\/jpeg"}],"author":"admin","twitter_card":"summary_large_image","twitter_misc":{"\u00c9crit par":"admin","Dur\u00e9e de lecture estim\u00e9e":"1 minute"},"schema":{"@context":"https:\/\/schema.org","@graph":[{"@type":"Article","@id":"https:\/\/kuka-trier.de\/spielstrasse-trier-sued-4\/#article","isPartOf":{"@id":"https:\/\/kuka-trier.de\/spielstrasse-trier-sued-4\/"},"author":{"name":"admin","@id":"https:\/\/kuka-trier.de\/#\/schema\/person\/0e70983de674702cd8a6bd6656029617"},"headline":"Spielstra\u00dfe Trier-S\u00fcd September","datePublished":"2023-03-02T11:19:04+00:00","dateModified":"2024-03-07T16:37:13+00:00","mainEntityOfPage":{"@id":"https:\/\/kuka-trier.de\/spielstrasse-trier-sued-4\/"},"wordCount":148,"publisher":{"@id":"https:\/\/kuka-trier.de\/#organization"},"image":{"@id":"https:\/\/kuka-trier.de\/spielstrasse-trier-sued-4\/#primaryimage"},"thumbnailUrl":"https:\/\/kuka-trier.de\/wp-content\/uploads\/2023\/03\/KUK-lebenswertes-TR-Sued.jpg","keywords":["Kostenlos","Trier-S\u00fcd","Vergangen"],"articleSection":["Begegnungen"],"inLanguage":"fr-FR"},{"@type":"WebPage","@id":"https:\/\/kuka-trier.de\/spielstrasse-trier-sued-4\/","url":"https:\/\/kuka-trier.de\/spielstrasse-trier-sued-4\/","name":"Rue de jeu Tr\u00e8ves-Sud Septembre","isPartOf":{"@id":"https:\/\/kuka-trier.de\/#website"},"primaryImageOfPage":{"@id":"https:\/\/kuka-trier.de\/spielstrasse-trier-sued-4\/#primaryimage"},"image":{"@id":"https:\/\/kuka-trier.de\/spielstrasse-trier-sued-4\/#primaryimage"},"thumbnailUrl":"https:\/\/kuka-trier.de\/wp-content\/uploads\/2023\/03\/KUK-lebenswertes-TR-Sued.jpg","datePublished":"2023-03-02T11:19:04+00:00","dateModified":"2024-03-07T16:37:13+00:00","description":"Die Weidegasse in Trier wird am Sonntag, 17. September zur Spielstra\u00dfe mit H\u00fcpfk\u00e4stchen, Fangen, Verstecken, Malen, Bobby Car, Roller und Fahrrad.","breadcrumb":{"@id":"https:\/\/kuka-trier.de\/spielstrasse-trier-sued-4\/#breadcrumb"},"inLanguage":"fr-FR","potentialAction":[{"@type":"ReadAction","target":["https:\/\/kuka-trier.de\/spielstrasse-trier-sued-4\/"]}]},{"@type":"ImageObject","inLanguage":"fr-FR","@id":"https:\/\/kuka-trier.de\/spielstrasse-trier-sued-4\/#primaryimage","url":"https:\/\/kuka-trier.de\/wp-content\/uploads\/2023\/03\/KUK-lebenswertes-TR-Sued.jpg","contentUrl":"https:\/\/kuka-trier.de\/wp-content\/uploads\/2023\/03\/KUK-lebenswertes-TR-Sued.jpg","width":600,"height":400},{"@type":"BreadcrumbList","@id":"https:\/\/kuka-trier.de\/spielstrasse-trier-sued-4\/#breadcrumb","itemListElement":[{"@type":"ListItem","position":1,"name":"Startseite","item":"https:\/\/kuka-trier.de\/"},{"@type":"ListItem","position":2,"name":"Spielstra\u00dfe Trier-S\u00fcd September"}]},{"@type":"WebSite","@id":"https:\/\/kuka-trier.de\/#website","url":"https:\/\/kuka-trier.de\/","name":"Kulturkarawane Tr\u00e8ves","description":"Vivre en couleurs","publisher":{"@id":"https:\/\/kuka-trier.de\/#organization"},"potentialAction":[{"@type":"SearchAction","target":{"@type":"EntryPoint","urlTemplate":"https:\/\/kuka-trier.de\/?s={search_term_string}"},"query-input":{"@type":"PropertyValueSpecification","valueRequired":true,"valueName":"search_term_string"}}],"inLanguage":"fr-FR"},{"@type":"Organization","@id":"https:\/\/kuka-trier.de\/#organization","name":"Kulturkarawane Tr\u00e8ves","url":"https:\/\/kuka-trier.de\/","logo":{"@type":"ImageObject","inLanguage":"fr-FR","@id":"https:\/\/kuka-trier.de\/#\/schema\/logo\/image\/","url":"https:\/\/kuka-trier.de\/wp-content\/uploads\/2022\/02\/cropped-KK19_Logo_color_26-12_web.png","contentUrl":"https:\/\/kuka-trier.de\/wp-content\/uploads\/2022\/02\/cropped-KK19_Logo_color_26-12_web.png","width":822,"height":340,"caption":"Kulturkarawane Trier"},"image":{"@id":"https:\/\/kuka-trier.de\/#\/schema\/logo\/image\/"}},{"@type":"Person","@id":"https:\/\/kuka-trier.de\/#\/schema\/person\/0e70983de674702cd8a6bd6656029617","name":"admin","image":{"@type":"ImageObject","inLanguage":"fr-FR","@id":"https:\/\/secure.gravatar.com\/avatar\/9a8eb49d2b2ccb1d3ebbd410bd75a2680c8aff6331ee1e34607e1a7ee6695d39?s=96&d=mm&r=g","url":"https:\/\/secure.gravatar.com\/avatar\/9a8eb49d2b2ccb1d3ebbd410bd75a2680c8aff6331ee1e34607e1a7ee6695d39?s=96&d=mm&r=g","contentUrl":"https:\/\/secure.gravatar.com\/avatar\/9a8eb49d2b2ccb1d3ebbd410bd75a2680c8aff6331ee1e34607e1a7ee6695d39?s=96&d=mm&r=g","caption":"admin"},"sameAs":["http:\/\/kuka-trier.de"],"url":"https:\/\/kuka-trier.de\/fr\/author\/admin\/"}]}},"_links":{"self":[{"href":"https:\/\/kuka-trier.de\/fr\/wp-json\/wp\/v2\/posts\/2799","targetHints":{"allow":["GET"]}}],"collection":[{"href":"https:\/\/kuka-trier.de\/fr\/wp-json\/wp\/v2\/posts"}],"about":[{"href":"https:\/\/kuka-trier.de\/fr\/wp-json\/wp\/v2\/types\/post"}],"author":[{"embeddable":true,"href":"https:\/\/kuka-trier.de\/fr\/wp-json\/wp\/v2\/users\/1"}],"replies":[{"embeddable":true,"href":"https:\/\/kuka-trier.de\/fr\/wp-json\/wp\/v2\/comments?post=2799"}],"version-history":[{"count":2,"href":"https:\/\/kuka-trier.de\/fr\/wp-json\/wp\/v2\/posts\/2799\/revisions"}],"predecessor-version":[{"id":2809,"href":"https:\/\/kuka-trier.de\/fr\/wp-json\/wp\/v2\/posts\/2799\/revisions\/2809"}],"wp:featuredmedia":[{"embeddable":true,"href":"https:\/\/kuka-trier.de\/fr\/wp-json\/wp\/v2\/media\/2785"}],"wp:attachment":[{"href":"https:\/\/kuka-trier.de\/fr\/wp-json\/wp\/v2\/media?parent=2799"}],"wp:term":[{"taxonomy":"category","embeddable":true,"href":"https:\/\/kuka-trier.de\/fr\/wp-json\/wp\/v2\/categories?post=2799"},{"taxonomy":"post_tag","embeddable":true,"href":"https:\/\/kuka-trier.de\/fr\/wp-json\/wp\/v2\/tags?post=2799"}],"curies":[{"name":"wp","href":"https:\/\/api.w.org\/{rel}","templated":true}]}}