{"id":2837,"date":"2023-03-02T12:06:19","date_gmt":"2023-03-02T12:06:19","guid":{"rendered":"https:\/\/kuka-trier.de\/?p=2837"},"modified":"2023-05-31T12:11:48","modified_gmt":"2023-05-31T12:11:48","slug":"hennich-und-hanschel","status":"publish","type":"post","link":"https:\/\/kuka-trier.de\/fr\/hennich-und-hanschel\/","title":{"rendered":"Concert Studiwerk avec HENNICH &amp; HANSCHEL"},"content":{"rendered":"<p><strong>Exclusivement pour les \u00e9tudiants !<\/strong><\/p>\n\n\n\n<p>Pour la troisi\u00e8me ann\u00e9e d\u00e9j\u00e0, Kulturkarawane apporte de la musique live directement dans les cours des r\u00e9sidences universitaires de Tr\u00e8ves avec son Pop Up Kulturmobil \"Klein Anders\". Tu te fournis toi-m\u00eame en boissons, nous avons de la bonne musique, des chaises longues confortables et beaucoup de plaisir dans nos bagages. Pourquoi partir loin quand on est mieux chez soi !&nbsp;<\/p>\n\n\n\n<p>&nbsp;Le programme de sc\u00e8ne \"Overdressed &amp; Unterprobt\" tient ses promesses !&nbsp;<\/p>\n\n\n\n<p>Pendant que les coll\u00e8gues musiciens ont pu profiter de la p\u00e9riode de Corana pour \u00e9crire et r\u00e9p\u00e9ter, Hennich &amp; Hanschel se sont soumis \u00e0 des conseils de style approfondis !&nbsp;<\/p>\n\n\n\n<p>Cela n'a pas rendu leur musique meilleure, mais ils ont maintenant l'air g\u00e9nial !&nbsp;<\/p>\n\n\n\n<p>Les nouvelles chansons, qui ont quand m\u00eame \u00e9t\u00e9 cr\u00e9\u00e9es d'une mani\u00e8re ou d'une autre, sont convaincantes gr\u00e2ce \u00e0 un m\u00e9lange bien remu\u00e9 de kwatsch &amp; de quabarett ! - Il n'y a vraiment pas eu de r\u00e9p\u00e9tition... promis !&nbsp;<\/p>\n\n\n\n<figure class=\"wp-block-embed is-type-video is-provider-youtube wp-block-embed-youtube wp-embed-aspect-16-9 wp-has-aspect-ratio\"><div class=\"wp-block-embed__wrapper\">\n<iframe title=\"Funny for Future - Hennich et Hanschel - La machine de l&#039;amour\" width=\"800\" height=\"450\" src=\"https:\/\/www.youtube.com\/embed\/CMnQh4230kk?feature=oembed\" frameborder=\"0\" allow=\"accelerometer; autoplay; clipboard-write; encrypted-media; gyroscope; picture-in-picture; web-share\" allowfullscreen><\/iframe>\n<\/div><\/figure>\n\n\n\n<a href=\"\/fr\/kleinanders\/\">\n    <button>\" Infos sur Klein Anders<\/button>\n  <\/a>","protected":false},"excerpt":{"rendered":"<p>PETIT AUTRE<br \/>\nJeudi 25 mai - 20h<br \/>\nR\u00e9sidence Tarforst\/Enercase<\/p>","protected":false},"author":1,"featured_media":2838,"comment_status":"open","ping_status":"open","sticky":false,"template":"","format":"standard","meta":{"_jf_save_progress":"","footnotes":""},"categories":[65],"tags":[17,38,48],"class_list":["post-2837","post","type-post","status-publish","format-standard","has-post-thumbnail","hentry","category-konzert","tag-klein-anders","tag-kostenlos","tag-vergangen"],"yoast_head":"<!-- This site is optimized with the Yoast SEO plugin v27.5 - https:\/\/yoast.com\/product\/yoast-seo-wordpress\/ -->\n<title>Studiwerk-Konzert mit HENNICH &amp; HANSCHEL<\/title>\n<meta name=\"description\" content=\"Live Musik mit Hennich &amp; Hanschel am Do, 25. Mai im Studiwohnheim Tarforst\/Enercase. Die perfekte Mischung aus Kwatsch &amp; Quabarett!\" \/>\n<meta name=\"robots\" content=\"index, follow, max-snippet:-1, max-image-preview:large, max-video-preview:-1\" \/>\n<link rel=\"canonical\" href=\"https:\/\/kuka-trier.de\/fr\/hennich-und-hanschel\/\" \/>\n<meta property=\"og:locale\" content=\"fr_FR\" \/>\n<meta property=\"og:type\" content=\"article\" \/>\n<meta property=\"og:title\" content=\"Studiwerk-Konzert mit HENNICH &amp; HANSCHEL\" \/>\n<meta property=\"og:description\" content=\"Live Musik mit Hennich &amp; Hanschel am Do, 25. Mai im Studiwohnheim Tarforst\/Enercase. Die perfekte Mischung aus Kwatsch &amp; Quabarett!\" \/>\n<meta property=\"og:url\" content=\"https:\/\/kuka-trier.de\/fr\/hennich-und-hanschel\/\" \/>\n<meta property=\"og:site_name\" content=\"Kulturkarawane Trier\" \/>\n<meta property=\"article:published_time\" content=\"2023-03-02T12:06:19+00:00\" \/>\n<meta property=\"article:modified_time\" content=\"2023-05-31T12:11:48+00:00\" \/>\n<meta property=\"og:image\" content=\"https:\/\/kuka-trier.de\/wp-content\/uploads\/2023\/03\/KUK-Hennich-Hanschel-600x400-1.jpg\" \/>\n\t<meta property=\"og:image:width\" content=\"600\" \/>\n\t<meta property=\"og:image:height\" content=\"400\" \/>\n\t<meta property=\"og:image:type\" content=\"image\/jpeg\" \/>\n<meta name=\"author\" content=\"admin\" \/>\n<meta name=\"twitter:card\" content=\"summary_large_image\" \/>\n<meta name=\"twitter:label1\" content=\"\u00c9crit par\" \/>\n\t<meta name=\"twitter:data1\" content=\"admin\" \/>\n\t<meta name=\"twitter:label2\" content=\"Dur\u00e9e de lecture estim\u00e9e\" \/>\n\t<meta name=\"twitter:data2\" content=\"1 minute\" \/>\n<script type=\"application\/ld+json\" class=\"yoast-schema-graph\">{\"@context\":\"https:\\\/\\\/schema.org\",\"@graph\":[{\"@type\":\"Article\",\"@id\":\"https:\\\/\\\/kuka-trier.de\\\/hennich-und-hanschel\\\/#article\",\"isPartOf\":{\"@id\":\"https:\\\/\\\/kuka-trier.de\\\/hennich-und-hanschel\\\/\"},\"author\":{\"name\":\"admin\",\"@id\":\"https:\\\/\\\/kuka-trier.de\\\/#\\\/schema\\\/person\\\/0e70983de674702cd8a6bd6656029617\"},\"headline\":\"Studiwerk-Konzert mit HENNICH &#038; HANSCHEL\",\"datePublished\":\"2023-03-02T12:06:19+00:00\",\"dateModified\":\"2023-05-31T12:11:48+00:00\",\"mainEntityOfPage\":{\"@id\":\"https:\\\/\\\/kuka-trier.de\\\/hennich-und-hanschel\\\/\"},\"wordCount\":157,\"commentCount\":0,\"publisher\":{\"@id\":\"https:\\\/\\\/kuka-trier.de\\\/#organization\"},\"image\":{\"@id\":\"https:\\\/\\\/kuka-trier.de\\\/hennich-und-hanschel\\\/#primaryimage\"},\"thumbnailUrl\":\"https:\\\/\\\/kuka-trier.de\\\/wp-content\\\/uploads\\\/2023\\\/03\\\/KUK-Hennich-Hanschel-600x400-1.jpg\",\"keywords\":[\"Klein Anders\",\"Kostenlos\",\"Vergangen\"],\"articleSection\":[\"Konzert\"],\"inLanguage\":\"fr-FR\",\"potentialAction\":[{\"@type\":\"CommentAction\",\"name\":\"Comment\",\"target\":[\"https:\\\/\\\/kuka-trier.de\\\/hennich-und-hanschel\\\/#respond\"]}]},{\"@type\":\"WebPage\",\"@id\":\"https:\\\/\\\/kuka-trier.de\\\/hennich-und-hanschel\\\/\",\"url\":\"https:\\\/\\\/kuka-trier.de\\\/hennich-und-hanschel\\\/\",\"name\":\"Studiwerk-Konzert mit HENNICH & HANSCHEL\",\"isPartOf\":{\"@id\":\"https:\\\/\\\/kuka-trier.de\\\/#website\"},\"primaryImageOfPage\":{\"@id\":\"https:\\\/\\\/kuka-trier.de\\\/hennich-und-hanschel\\\/#primaryimage\"},\"image\":{\"@id\":\"https:\\\/\\\/kuka-trier.de\\\/hennich-und-hanschel\\\/#primaryimage\"},\"thumbnailUrl\":\"https:\\\/\\\/kuka-trier.de\\\/wp-content\\\/uploads\\\/2023\\\/03\\\/KUK-Hennich-Hanschel-600x400-1.jpg\",\"datePublished\":\"2023-03-02T12:06:19+00:00\",\"dateModified\":\"2023-05-31T12:11:48+00:00\",\"description\":\"Live Musik mit Hennich & Hanschel am Do, 25. Mai im Studiwohnheim Tarforst\\\/Enercase. Die perfekte Mischung aus Kwatsch & Quabarett!\",\"breadcrumb\":{\"@id\":\"https:\\\/\\\/kuka-trier.de\\\/hennich-und-hanschel\\\/#breadcrumb\"},\"inLanguage\":\"fr-FR\",\"potentialAction\":[{\"@type\":\"ReadAction\",\"target\":[\"https:\\\/\\\/kuka-trier.de\\\/hennich-und-hanschel\\\/\"]}]},{\"@type\":\"ImageObject\",\"inLanguage\":\"fr-FR\",\"@id\":\"https:\\\/\\\/kuka-trier.de\\\/hennich-und-hanschel\\\/#primaryimage\",\"url\":\"https:\\\/\\\/kuka-trier.de\\\/wp-content\\\/uploads\\\/2023\\\/03\\\/KUK-Hennich-Hanschel-600x400-1.jpg\",\"contentUrl\":\"https:\\\/\\\/kuka-trier.de\\\/wp-content\\\/uploads\\\/2023\\\/03\\\/KUK-Hennich-Hanschel-600x400-1.jpg\",\"width\":600,\"height\":400,\"caption\":\"Hennich & Hanschel\"},{\"@type\":\"BreadcrumbList\",\"@id\":\"https:\\\/\\\/kuka-trier.de\\\/hennich-und-hanschel\\\/#breadcrumb\",\"itemListElement\":[{\"@type\":\"ListItem\",\"position\":1,\"name\":\"Startseite\",\"item\":\"https:\\\/\\\/kuka-trier.de\\\/\"},{\"@type\":\"ListItem\",\"position\":2,\"name\":\"Studiwerk-Konzert mit HENNICH &#038; HANSCHEL\"}]},{\"@type\":\"WebSite\",\"@id\":\"https:\\\/\\\/kuka-trier.de\\\/#website\",\"url\":\"https:\\\/\\\/kuka-trier.de\\\/\",\"name\":\"Kulturkarawane Trier\",\"description\":\"BuntERleben\",\"publisher\":{\"@id\":\"https:\\\/\\\/kuka-trier.de\\\/#organization\"},\"potentialAction\":[{\"@type\":\"SearchAction\",\"target\":{\"@type\":\"EntryPoint\",\"urlTemplate\":\"https:\\\/\\\/kuka-trier.de\\\/?s={search_term_string}\"},\"query-input\":{\"@type\":\"PropertyValueSpecification\",\"valueRequired\":true,\"valueName\":\"search_term_string\"}}],\"inLanguage\":\"fr-FR\"},{\"@type\":\"Organization\",\"@id\":\"https:\\\/\\\/kuka-trier.de\\\/#organization\",\"name\":\"Kulturkarawane Trier\",\"url\":\"https:\\\/\\\/kuka-trier.de\\\/\",\"logo\":{\"@type\":\"ImageObject\",\"inLanguage\":\"fr-FR\",\"@id\":\"https:\\\/\\\/kuka-trier.de\\\/#\\\/schema\\\/logo\\\/image\\\/\",\"url\":\"https:\\\/\\\/kuka-trier.de\\\/wp-content\\\/uploads\\\/2022\\\/02\\\/cropped-KK19_Logo_color_26-12_web.png\",\"contentUrl\":\"https:\\\/\\\/kuka-trier.de\\\/wp-content\\\/uploads\\\/2022\\\/02\\\/cropped-KK19_Logo_color_26-12_web.png\",\"width\":822,\"height\":340,\"caption\":\"Kulturkarawane Trier\"},\"image\":{\"@id\":\"https:\\\/\\\/kuka-trier.de\\\/#\\\/schema\\\/logo\\\/image\\\/\"}},{\"@type\":\"Person\",\"@id\":\"https:\\\/\\\/kuka-trier.de\\\/#\\\/schema\\\/person\\\/0e70983de674702cd8a6bd6656029617\",\"name\":\"admin\",\"image\":{\"@type\":\"ImageObject\",\"inLanguage\":\"fr-FR\",\"@id\":\"https:\\\/\\\/secure.gravatar.com\\\/avatar\\\/9a8eb49d2b2ccb1d3ebbd410bd75a2680c8aff6331ee1e34607e1a7ee6695d39?s=96&d=mm&r=g\",\"url\":\"https:\\\/\\\/secure.gravatar.com\\\/avatar\\\/9a8eb49d2b2ccb1d3ebbd410bd75a2680c8aff6331ee1e34607e1a7ee6695d39?s=96&d=mm&r=g\",\"contentUrl\":\"https:\\\/\\\/secure.gravatar.com\\\/avatar\\\/9a8eb49d2b2ccb1d3ebbd410bd75a2680c8aff6331ee1e34607e1a7ee6695d39?s=96&d=mm&r=g\",\"caption\":\"admin\"},\"sameAs\":[\"http:\\\/\\\/kuka-trier.de\"],\"url\":\"https:\\\/\\\/kuka-trier.de\\\/fr\\\/author\\\/admin\\\/\"}]}<\/script>\n<!-- \/ Yoast SEO plugin. -->","yoast_head_json":{"title":"Studiwerk-Konzert mit HENNICH & HANSCHEL","description":"Live Musik mit Hennich & Hanschel am Do, 25. Mai im Studiwohnheim Tarforst\/Enercase. Die perfekte Mischung aus Kwatsch & Quabarett!","robots":{"index":"index","follow":"follow","max-snippet":"max-snippet:-1","max-image-preview":"max-image-preview:large","max-video-preview":"max-video-preview:-1"},"canonical":"https:\/\/kuka-trier.de\/fr\/hennich-und-hanschel\/","og_locale":"fr_FR","og_type":"article","og_title":"Studiwerk-Konzert mit HENNICH & HANSCHEL","og_description":"Live Musik mit Hennich & Hanschel am Do, 25. Mai im Studiwohnheim Tarforst\/Enercase. Die perfekte Mischung aus Kwatsch & Quabarett!","og_url":"https:\/\/kuka-trier.de\/fr\/hennich-und-hanschel\/","og_site_name":"Kulturkarawane Trier","article_published_time":"2023-03-02T12:06:19+00:00","article_modified_time":"2023-05-31T12:11:48+00:00","og_image":[{"width":600,"height":400,"url":"https:\/\/kuka-trier.de\/wp-content\/uploads\/2023\/03\/KUK-Hennich-Hanschel-600x400-1.jpg","type":"image\/jpeg"}],"author":"admin","twitter_card":"summary_large_image","twitter_misc":{"\u00c9crit par":"admin","Dur\u00e9e de lecture estim\u00e9e":"1 minute"},"schema":{"@context":"https:\/\/schema.org","@graph":[{"@type":"Article","@id":"https:\/\/kuka-trier.de\/hennich-und-hanschel\/#article","isPartOf":{"@id":"https:\/\/kuka-trier.de\/hennich-und-hanschel\/"},"author":{"name":"admin","@id":"https:\/\/kuka-trier.de\/#\/schema\/person\/0e70983de674702cd8a6bd6656029617"},"headline":"Studiwerk-Konzert mit HENNICH &#038; HANSCHEL","datePublished":"2023-03-02T12:06:19+00:00","dateModified":"2023-05-31T12:11:48+00:00","mainEntityOfPage":{"@id":"https:\/\/kuka-trier.de\/hennich-und-hanschel\/"},"wordCount":157,"commentCount":0,"publisher":{"@id":"https:\/\/kuka-trier.de\/#organization"},"image":{"@id":"https:\/\/kuka-trier.de\/hennich-und-hanschel\/#primaryimage"},"thumbnailUrl":"https:\/\/kuka-trier.de\/wp-content\/uploads\/2023\/03\/KUK-Hennich-Hanschel-600x400-1.jpg","keywords":["Klein Anders","Kostenlos","Vergangen"],"articleSection":["Konzert"],"inLanguage":"fr-FR","potentialAction":[{"@type":"CommentAction","name":"Comment","target":["https:\/\/kuka-trier.de\/hennich-und-hanschel\/#respond"]}]},{"@type":"WebPage","@id":"https:\/\/kuka-trier.de\/hennich-und-hanschel\/","url":"https:\/\/kuka-trier.de\/hennich-und-hanschel\/","name":"Studiwerk-Konzert mit HENNICH & HANSCHEL","isPartOf":{"@id":"https:\/\/kuka-trier.de\/#website"},"primaryImageOfPage":{"@id":"https:\/\/kuka-trier.de\/hennich-und-hanschel\/#primaryimage"},"image":{"@id":"https:\/\/kuka-trier.de\/hennich-und-hanschel\/#primaryimage"},"thumbnailUrl":"https:\/\/kuka-trier.de\/wp-content\/uploads\/2023\/03\/KUK-Hennich-Hanschel-600x400-1.jpg","datePublished":"2023-03-02T12:06:19+00:00","dateModified":"2023-05-31T12:11:48+00:00","description":"Live Musik mit Hennich & Hanschel am Do, 25. Mai im Studiwohnheim Tarforst\/Enercase. Die perfekte Mischung aus Kwatsch & Quabarett!","breadcrumb":{"@id":"https:\/\/kuka-trier.de\/hennich-und-hanschel\/#breadcrumb"},"inLanguage":"fr-FR","potentialAction":[{"@type":"ReadAction","target":["https:\/\/kuka-trier.de\/hennich-und-hanschel\/"]}]},{"@type":"ImageObject","inLanguage":"fr-FR","@id":"https:\/\/kuka-trier.de\/hennich-und-hanschel\/#primaryimage","url":"https:\/\/kuka-trier.de\/wp-content\/uploads\/2023\/03\/KUK-Hennich-Hanschel-600x400-1.jpg","contentUrl":"https:\/\/kuka-trier.de\/wp-content\/uploads\/2023\/03\/KUK-Hennich-Hanschel-600x400-1.jpg","width":600,"height":400,"caption":"Hennich & Hanschel"},{"@type":"BreadcrumbList","@id":"https:\/\/kuka-trier.de\/hennich-und-hanschel\/#breadcrumb","itemListElement":[{"@type":"ListItem","position":1,"name":"Startseite","item":"https:\/\/kuka-trier.de\/"},{"@type":"ListItem","position":2,"name":"Studiwerk-Konzert mit HENNICH &#038; HANSCHEL"}]},{"@type":"WebSite","@id":"https:\/\/kuka-trier.de\/#website","url":"https:\/\/kuka-trier.de\/","name":"Kulturkarawane Tr\u00e8ves","description":"Vivre en couleurs","publisher":{"@id":"https:\/\/kuka-trier.de\/#organization"},"potentialAction":[{"@type":"SearchAction","target":{"@type":"EntryPoint","urlTemplate":"https:\/\/kuka-trier.de\/?s={search_term_string}"},"query-input":{"@type":"PropertyValueSpecification","valueRequired":true,"valueName":"search_term_string"}}],"inLanguage":"fr-FR"},{"@type":"Organization","@id":"https:\/\/kuka-trier.de\/#organization","name":"Kulturkarawane Tr\u00e8ves","url":"https:\/\/kuka-trier.de\/","logo":{"@type":"ImageObject","inLanguage":"fr-FR","@id":"https:\/\/kuka-trier.de\/#\/schema\/logo\/image\/","url":"https:\/\/kuka-trier.de\/wp-content\/uploads\/2022\/02\/cropped-KK19_Logo_color_26-12_web.png","contentUrl":"https:\/\/kuka-trier.de\/wp-content\/uploads\/2022\/02\/cropped-KK19_Logo_color_26-12_web.png","width":822,"height":340,"caption":"Kulturkarawane Trier"},"image":{"@id":"https:\/\/kuka-trier.de\/#\/schema\/logo\/image\/"}},{"@type":"Person","@id":"https:\/\/kuka-trier.de\/#\/schema\/person\/0e70983de674702cd8a6bd6656029617","name":"admin","image":{"@type":"ImageObject","inLanguage":"fr-FR","@id":"https:\/\/secure.gravatar.com\/avatar\/9a8eb49d2b2ccb1d3ebbd410bd75a2680c8aff6331ee1e34607e1a7ee6695d39?s=96&d=mm&r=g","url":"https:\/\/secure.gravatar.com\/avatar\/9a8eb49d2b2ccb1d3ebbd410bd75a2680c8aff6331ee1e34607e1a7ee6695d39?s=96&d=mm&r=g","contentUrl":"https:\/\/secure.gravatar.com\/avatar\/9a8eb49d2b2ccb1d3ebbd410bd75a2680c8aff6331ee1e34607e1a7ee6695d39?s=96&d=mm&r=g","caption":"admin"},"sameAs":["http:\/\/kuka-trier.de"],"url":"https:\/\/kuka-trier.de\/fr\/author\/admin\/"}]}},"_links":{"self":[{"href":"https:\/\/kuka-trier.de\/fr\/wp-json\/wp\/v2\/posts\/2837","targetHints":{"allow":["GET"]}}],"collection":[{"href":"https:\/\/kuka-trier.de\/fr\/wp-json\/wp\/v2\/posts"}],"about":[{"href":"https:\/\/kuka-trier.de\/fr\/wp-json\/wp\/v2\/types\/post"}],"author":[{"embeddable":true,"href":"https:\/\/kuka-trier.de\/fr\/wp-json\/wp\/v2\/users\/1"}],"replies":[{"embeddable":true,"href":"https:\/\/kuka-trier.de\/fr\/wp-json\/wp\/v2\/comments?post=2837"}],"version-history":[{"count":7,"href":"https:\/\/kuka-trier.de\/fr\/wp-json\/wp\/v2\/posts\/2837\/revisions"}],"predecessor-version":[{"id":3460,"href":"https:\/\/kuka-trier.de\/fr\/wp-json\/wp\/v2\/posts\/2837\/revisions\/3460"}],"wp:featuredmedia":[{"embeddable":true,"href":"https:\/\/kuka-trier.de\/fr\/wp-json\/wp\/v2\/media\/2838"}],"wp:attachment":[{"href":"https:\/\/kuka-trier.de\/fr\/wp-json\/wp\/v2\/media?parent=2837"}],"wp:term":[{"taxonomy":"category","embeddable":true,"href":"https:\/\/kuka-trier.de\/fr\/wp-json\/wp\/v2\/categories?post=2837"},{"taxonomy":"post_tag","embeddable":true,"href":"https:\/\/kuka-trier.de\/fr\/wp-json\/wp\/v2\/tags?post=2837"}],"curies":[{"name":"wp","href":"https:\/\/api.w.org\/{rel}","templated":true}]}}