{"id":2840,"date":"2023-03-02T12:10:08","date_gmt":"2023-03-02T12:10:08","guid":{"rendered":"https:\/\/kuka-trier.de\/?p=2840"},"modified":"2023-07-11T09:12:55","modified_gmt":"2023-07-11T09:12:55","slug":"studiwerk-konzerte-mit-easy","status":"publish","type":"post","link":"https:\/\/kuka-trier.de\/fr\/studiwerk-konzerte-mit-easy\/","title":{"rendered":"Concert Studiwerk avec EASY"},"content":{"rendered":"<p><strong>Exclusivement pour les \u00e9tudiants !<\/strong><\/p>\n\n\n\n<p>Pour la troisi\u00e8me ann\u00e9e d\u00e9j\u00e0, Kulturkarawane apporte de la musique live directement dans les cours des r\u00e9sidences universitaires de Tr\u00e8ves avec son Pop Up Kulturmobil \"Klein Anders\". Tu te fournis toi-m\u00eame en boissons, nous avons de la bonne musique, des chaises longues confortables et beaucoup de plaisir dans nos bagages. Pourquoi partir loin quand on est mieux chez soi !&nbsp;<\/p>\n\n\n\n<p>Et voici ce que notre artiste \"EASY\" dit de sa musique :<\/p>\n\n\n\n<p>Je publie et joue mes propres chansons sous le nom de \"Easy\", qui est \u00e0 la fois mon surnom et, entre-temps, mon nom d'artiste.<\/p>\n\n\n\n<p>Peu de temps apr\u00e8s m'\u00eatre mise \u00e0 mon compte en tant que musicienne, j'ai ressenti le besoin de m'exprimer musicalement avec mes propres chansons et depuis, j'ai pu r\u00e9aliser de nombreux projets diff\u00e9rents avec l'aide de mon groupe de confiance \"The Strangers\". Ces derni\u00e8res ann\u00e9es, j'ai notamment cr\u00e9\u00e9 mon premier EP intitul\u00e9, il est vrai, \"Rockstarlife\" et en hiver 2021, mon propre CD de No\u00ebl \"Christmas Memories\".<\/p>\n\n\n\n<p>Je ne suis pas fan des \u00e9tiquettes, mais si je devais, je classerais ma musique dans la cat\u00e9gorie pop\/rock ou m\u00eame folk. Mais le mieux est que tu te fasses ta propre id\u00e9e et que tu l'\u00e9coutes. Sur Spotify, Apple Music ou YouTube, peu importe.<\/p>\n\n\n\n<figure class=\"wp-block-embed is-type-video is-provider-youtube wp-block-embed-youtube wp-embed-aspect-16-9 wp-has-aspect-ratio\"><div class=\"wp-block-embed__wrapper\">\n<iframe title=\"EASY - Here We Go Again (Vid\u00e9o musicale officielle)\" width=\"800\" height=\"450\" src=\"https:\/\/www.youtube.com\/embed\/rky0nZaaMzA?feature=oembed\" frameborder=\"0\" allow=\"accelerometer; autoplay; clipboard-write; encrypted-media; gyroscope; picture-in-picture; web-share\" allowfullscreen><\/iframe>\n<\/div><\/figure>\n\n\n\n<a href=\"\/fr\/kleinanders\/\">\n    <button>\" Infos sur Klein Anders<\/button>\n  <\/a>","protected":false},"excerpt":{"rendered":"<p>PETIT AUTRE<br \/> Jeudi 6 juillet - 20h<br \/>\nR\u00e9sidence Haus am Baum<\/p>","protected":false},"author":1,"featured_media":2841,"comment_status":"open","ping_status":"open","sticky":false,"template":"","format":"standard","meta":{"_jf_save_progress":"","footnotes":""},"categories":[22],"tags":[17,38,48],"class_list":["post-2840","post","type-post","status-publish","format-standard","has-post-thumbnail","hentry","category-indie-pop","tag-klein-anders","tag-kostenlos","tag-vergangen"],"yoast_head":"<!-- This site is optimized with the Yoast SEO plugin v27.5 - https:\/\/yoast.com\/product\/yoast-seo-wordpress\/ -->\n<title>Studiwerk-Konzert mit EASY<\/title>\n<meta name=\"description\" content=\"Live Musik mit EASY am Donnerstag, 6. Juli im Innenhof der Studiwohnheims &quot;Haus am Baum&quot;. Exklusiv f\u00fcr Studis | Eintritt frei!\" \/>\n<meta name=\"robots\" content=\"index, follow, max-snippet:-1, max-image-preview:large, max-video-preview:-1\" \/>\n<link rel=\"canonical\" href=\"https:\/\/kuka-trier.de\/fr\/studiwerk-konzerte-mit-easy\/\" \/>\n<meta property=\"og:locale\" content=\"fr_FR\" \/>\n<meta property=\"og:type\" content=\"article\" \/>\n<meta property=\"og:title\" content=\"Studiwerk-Konzert mit EASY\" \/>\n<meta property=\"og:description\" content=\"Live Musik mit EASY am Donnerstag, 6. Juli im Innenhof der Studiwohnheims &quot;Haus am Baum&quot;. Exklusiv f\u00fcr Studis | Eintritt frei!\" \/>\n<meta property=\"og:url\" content=\"https:\/\/kuka-trier.de\/fr\/studiwerk-konzerte-mit-easy\/\" \/>\n<meta property=\"og:site_name\" content=\"Kulturkarawane Trier\" \/>\n<meta property=\"article:published_time\" content=\"2023-03-02T12:10:08+00:00\" \/>\n<meta property=\"article:modified_time\" content=\"2023-07-11T09:12:55+00:00\" \/>\n<meta property=\"og:image\" content=\"https:\/\/kuka-trier.de\/wp-content\/uploads\/2023\/03\/20230228-kuk-kleinanders-600x400-1.jpg\" \/>\n\t<meta property=\"og:image:width\" content=\"600\" \/>\n\t<meta property=\"og:image:height\" content=\"400\" \/>\n\t<meta property=\"og:image:type\" content=\"image\/jpeg\" \/>\n<meta name=\"author\" content=\"admin\" \/>\n<meta name=\"twitter:card\" content=\"summary_large_image\" \/>\n<meta name=\"twitter:label1\" content=\"\u00c9crit par\" \/>\n\t<meta name=\"twitter:data1\" content=\"admin\" \/>\n\t<meta name=\"twitter:label2\" content=\"Dur\u00e9e de lecture estim\u00e9e\" \/>\n\t<meta name=\"twitter:data2\" content=\"2 minutes\" \/>\n<script type=\"application\/ld+json\" class=\"yoast-schema-graph\">{\"@context\":\"https:\\\/\\\/schema.org\",\"@graph\":[{\"@type\":\"Article\",\"@id\":\"https:\\\/\\\/kuka-trier.de\\\/studiwerk-konzerte-mit-easy\\\/#article\",\"isPartOf\":{\"@id\":\"https:\\\/\\\/kuka-trier.de\\\/studiwerk-konzerte-mit-easy\\\/\"},\"author\":{\"name\":\"admin\",\"@id\":\"https:\\\/\\\/kuka-trier.de\\\/#\\\/schema\\\/person\\\/0e70983de674702cd8a6bd6656029617\"},\"headline\":\"Studiwerk-Konzert mit EASY\",\"datePublished\":\"2023-03-02T12:10:08+00:00\",\"dateModified\":\"2023-07-11T09:12:55+00:00\",\"mainEntityOfPage\":{\"@id\":\"https:\\\/\\\/kuka-trier.de\\\/studiwerk-konzerte-mit-easy\\\/\"},\"wordCount\":227,\"commentCount\":0,\"publisher\":{\"@id\":\"https:\\\/\\\/kuka-trier.de\\\/#organization\"},\"image\":{\"@id\":\"https:\\\/\\\/kuka-trier.de\\\/studiwerk-konzerte-mit-easy\\\/#primaryimage\"},\"thumbnailUrl\":\"https:\\\/\\\/kuka-trier.de\\\/wp-content\\\/uploads\\\/2023\\\/03\\\/20230228-kuk-kleinanders-600x400-1.jpg\",\"keywords\":[\"Klein Anders\",\"Kostenlos\",\"Vergangen\"],\"articleSection\":[\"Indie Pop\"],\"inLanguage\":\"fr-FR\",\"potentialAction\":[{\"@type\":\"CommentAction\",\"name\":\"Comment\",\"target\":[\"https:\\\/\\\/kuka-trier.de\\\/studiwerk-konzerte-mit-easy\\\/#respond\"]}]},{\"@type\":\"WebPage\",\"@id\":\"https:\\\/\\\/kuka-trier.de\\\/studiwerk-konzerte-mit-easy\\\/\",\"url\":\"https:\\\/\\\/kuka-trier.de\\\/studiwerk-konzerte-mit-easy\\\/\",\"name\":\"Studiwerk-Konzert mit EASY\",\"isPartOf\":{\"@id\":\"https:\\\/\\\/kuka-trier.de\\\/#website\"},\"primaryImageOfPage\":{\"@id\":\"https:\\\/\\\/kuka-trier.de\\\/studiwerk-konzerte-mit-easy\\\/#primaryimage\"},\"image\":{\"@id\":\"https:\\\/\\\/kuka-trier.de\\\/studiwerk-konzerte-mit-easy\\\/#primaryimage\"},\"thumbnailUrl\":\"https:\\\/\\\/kuka-trier.de\\\/wp-content\\\/uploads\\\/2023\\\/03\\\/20230228-kuk-kleinanders-600x400-1.jpg\",\"datePublished\":\"2023-03-02T12:10:08+00:00\",\"dateModified\":\"2023-07-11T09:12:55+00:00\",\"description\":\"Live Musik mit EASY am Donnerstag, 6. Juli im Innenhof der Studiwohnheims \\\"Haus am Baum\\\". Exklusiv f\u00fcr Studis | Eintritt frei!\",\"breadcrumb\":{\"@id\":\"https:\\\/\\\/kuka-trier.de\\\/studiwerk-konzerte-mit-easy\\\/#breadcrumb\"},\"inLanguage\":\"fr-FR\",\"potentialAction\":[{\"@type\":\"ReadAction\",\"target\":[\"https:\\\/\\\/kuka-trier.de\\\/studiwerk-konzerte-mit-easy\\\/\"]}]},{\"@type\":\"ImageObject\",\"inLanguage\":\"fr-FR\",\"@id\":\"https:\\\/\\\/kuka-trier.de\\\/studiwerk-konzerte-mit-easy\\\/#primaryimage\",\"url\":\"https:\\\/\\\/kuka-trier.de\\\/wp-content\\\/uploads\\\/2023\\\/03\\\/20230228-kuk-kleinanders-600x400-1.jpg\",\"contentUrl\":\"https:\\\/\\\/kuka-trier.de\\\/wp-content\\\/uploads\\\/2023\\\/03\\\/20230228-kuk-kleinanders-600x400-1.jpg\",\"width\":600,\"height\":400,\"caption\":\"Klein Anders\"},{\"@type\":\"BreadcrumbList\",\"@id\":\"https:\\\/\\\/kuka-trier.de\\\/studiwerk-konzerte-mit-easy\\\/#breadcrumb\",\"itemListElement\":[{\"@type\":\"ListItem\",\"position\":1,\"name\":\"Startseite\",\"item\":\"https:\\\/\\\/kuka-trier.de\\\/\"},{\"@type\":\"ListItem\",\"position\":2,\"name\":\"Studiwerk-Konzert mit EASY\"}]},{\"@type\":\"WebSite\",\"@id\":\"https:\\\/\\\/kuka-trier.de\\\/#website\",\"url\":\"https:\\\/\\\/kuka-trier.de\\\/\",\"name\":\"Kulturkarawane Trier\",\"description\":\"BuntERleben\",\"publisher\":{\"@id\":\"https:\\\/\\\/kuka-trier.de\\\/#organization\"},\"potentialAction\":[{\"@type\":\"SearchAction\",\"target\":{\"@type\":\"EntryPoint\",\"urlTemplate\":\"https:\\\/\\\/kuka-trier.de\\\/?s={search_term_string}\"},\"query-input\":{\"@type\":\"PropertyValueSpecification\",\"valueRequired\":true,\"valueName\":\"search_term_string\"}}],\"inLanguage\":\"fr-FR\"},{\"@type\":\"Organization\",\"@id\":\"https:\\\/\\\/kuka-trier.de\\\/#organization\",\"name\":\"Kulturkarawane Trier\",\"url\":\"https:\\\/\\\/kuka-trier.de\\\/\",\"logo\":{\"@type\":\"ImageObject\",\"inLanguage\":\"fr-FR\",\"@id\":\"https:\\\/\\\/kuka-trier.de\\\/#\\\/schema\\\/logo\\\/image\\\/\",\"url\":\"https:\\\/\\\/kuka-trier.de\\\/wp-content\\\/uploads\\\/2022\\\/02\\\/cropped-KK19_Logo_color_26-12_web.png\",\"contentUrl\":\"https:\\\/\\\/kuka-trier.de\\\/wp-content\\\/uploads\\\/2022\\\/02\\\/cropped-KK19_Logo_color_26-12_web.png\",\"width\":822,\"height\":340,\"caption\":\"Kulturkarawane Trier\"},\"image\":{\"@id\":\"https:\\\/\\\/kuka-trier.de\\\/#\\\/schema\\\/logo\\\/image\\\/\"}},{\"@type\":\"Person\",\"@id\":\"https:\\\/\\\/kuka-trier.de\\\/#\\\/schema\\\/person\\\/0e70983de674702cd8a6bd6656029617\",\"name\":\"admin\",\"image\":{\"@type\":\"ImageObject\",\"inLanguage\":\"fr-FR\",\"@id\":\"https:\\\/\\\/secure.gravatar.com\\\/avatar\\\/9a8eb49d2b2ccb1d3ebbd410bd75a2680c8aff6331ee1e34607e1a7ee6695d39?s=96&d=mm&r=g\",\"url\":\"https:\\\/\\\/secure.gravatar.com\\\/avatar\\\/9a8eb49d2b2ccb1d3ebbd410bd75a2680c8aff6331ee1e34607e1a7ee6695d39?s=96&d=mm&r=g\",\"contentUrl\":\"https:\\\/\\\/secure.gravatar.com\\\/avatar\\\/9a8eb49d2b2ccb1d3ebbd410bd75a2680c8aff6331ee1e34607e1a7ee6695d39?s=96&d=mm&r=g\",\"caption\":\"admin\"},\"sameAs\":[\"http:\\\/\\\/kuka-trier.de\"],\"url\":\"https:\\\/\\\/kuka-trier.de\\\/fr\\\/author\\\/admin\\\/\"}]}<\/script>\n<!-- \/ Yoast SEO plugin. -->","yoast_head_json":{"title":"Concert Studiwerk avec EASY","description":"Musique live avec EASY le jeudi 6 juillet dans la cour de la r\u00e9sidence universitaire \"Haus am Baum\". Exclusivement pour les \u00e9tudiants | entr\u00e9e gratuite !","robots":{"index":"index","follow":"follow","max-snippet":"max-snippet:-1","max-image-preview":"max-image-preview:large","max-video-preview":"max-video-preview:-1"},"canonical":"https:\/\/kuka-trier.de\/fr\/studiwerk-konzerte-mit-easy\/","og_locale":"fr_FR","og_type":"article","og_title":"Studiwerk-Konzert mit EASY","og_description":"Live Musik mit EASY am Donnerstag, 6. Juli im Innenhof der Studiwohnheims \"Haus am Baum\". Exklusiv f\u00fcr Studis | Eintritt frei!","og_url":"https:\/\/kuka-trier.de\/fr\/studiwerk-konzerte-mit-easy\/","og_site_name":"Kulturkarawane Trier","article_published_time":"2023-03-02T12:10:08+00:00","article_modified_time":"2023-07-11T09:12:55+00:00","og_image":[{"width":600,"height":400,"url":"https:\/\/kuka-trier.de\/wp-content\/uploads\/2023\/03\/20230228-kuk-kleinanders-600x400-1.jpg","type":"image\/jpeg"}],"author":"admin","twitter_card":"summary_large_image","twitter_misc":{"\u00c9crit par":"admin","Dur\u00e9e de lecture estim\u00e9e":"2 minutes"},"schema":{"@context":"https:\/\/schema.org","@graph":[{"@type":"Article","@id":"https:\/\/kuka-trier.de\/studiwerk-konzerte-mit-easy\/#article","isPartOf":{"@id":"https:\/\/kuka-trier.de\/studiwerk-konzerte-mit-easy\/"},"author":{"name":"admin","@id":"https:\/\/kuka-trier.de\/#\/schema\/person\/0e70983de674702cd8a6bd6656029617"},"headline":"Studiwerk-Konzert mit EASY","datePublished":"2023-03-02T12:10:08+00:00","dateModified":"2023-07-11T09:12:55+00:00","mainEntityOfPage":{"@id":"https:\/\/kuka-trier.de\/studiwerk-konzerte-mit-easy\/"},"wordCount":227,"commentCount":0,"publisher":{"@id":"https:\/\/kuka-trier.de\/#organization"},"image":{"@id":"https:\/\/kuka-trier.de\/studiwerk-konzerte-mit-easy\/#primaryimage"},"thumbnailUrl":"https:\/\/kuka-trier.de\/wp-content\/uploads\/2023\/03\/20230228-kuk-kleinanders-600x400-1.jpg","keywords":["Klein Anders","Kostenlos","Vergangen"],"articleSection":["Indie Pop"],"inLanguage":"fr-FR","potentialAction":[{"@type":"CommentAction","name":"Comment","target":["https:\/\/kuka-trier.de\/studiwerk-konzerte-mit-easy\/#respond"]}]},{"@type":"WebPage","@id":"https:\/\/kuka-trier.de\/studiwerk-konzerte-mit-easy\/","url":"https:\/\/kuka-trier.de\/studiwerk-konzerte-mit-easy\/","name":"Concert Studiwerk avec EASY","isPartOf":{"@id":"https:\/\/kuka-trier.de\/#website"},"primaryImageOfPage":{"@id":"https:\/\/kuka-trier.de\/studiwerk-konzerte-mit-easy\/#primaryimage"},"image":{"@id":"https:\/\/kuka-trier.de\/studiwerk-konzerte-mit-easy\/#primaryimage"},"thumbnailUrl":"https:\/\/kuka-trier.de\/wp-content\/uploads\/2023\/03\/20230228-kuk-kleinanders-600x400-1.jpg","datePublished":"2023-03-02T12:10:08+00:00","dateModified":"2023-07-11T09:12:55+00:00","description":"Musique live avec EASY le jeudi 6 juillet dans la cour de la r\u00e9sidence universitaire \"Haus am Baum\". Exclusivement pour les \u00e9tudiants | entr\u00e9e gratuite !","breadcrumb":{"@id":"https:\/\/kuka-trier.de\/studiwerk-konzerte-mit-easy\/#breadcrumb"},"inLanguage":"fr-FR","potentialAction":[{"@type":"ReadAction","target":["https:\/\/kuka-trier.de\/studiwerk-konzerte-mit-easy\/"]}]},{"@type":"ImageObject","inLanguage":"fr-FR","@id":"https:\/\/kuka-trier.de\/studiwerk-konzerte-mit-easy\/#primaryimage","url":"https:\/\/kuka-trier.de\/wp-content\/uploads\/2023\/03\/20230228-kuk-kleinanders-600x400-1.jpg","contentUrl":"https:\/\/kuka-trier.de\/wp-content\/uploads\/2023\/03\/20230228-kuk-kleinanders-600x400-1.jpg","width":600,"height":400,"caption":"Klein Anders"},{"@type":"BreadcrumbList","@id":"https:\/\/kuka-trier.de\/studiwerk-konzerte-mit-easy\/#breadcrumb","itemListElement":[{"@type":"ListItem","position":1,"name":"Startseite","item":"https:\/\/kuka-trier.de\/"},{"@type":"ListItem","position":2,"name":"Studiwerk-Konzert mit EASY"}]},{"@type":"WebSite","@id":"https:\/\/kuka-trier.de\/#website","url":"https:\/\/kuka-trier.de\/","name":"Kulturkarawane Tr\u00e8ves","description":"Vivre en couleurs","publisher":{"@id":"https:\/\/kuka-trier.de\/#organization"},"potentialAction":[{"@type":"SearchAction","target":{"@type":"EntryPoint","urlTemplate":"https:\/\/kuka-trier.de\/?s={search_term_string}"},"query-input":{"@type":"PropertyValueSpecification","valueRequired":true,"valueName":"search_term_string"}}],"inLanguage":"fr-FR"},{"@type":"Organization","@id":"https:\/\/kuka-trier.de\/#organization","name":"Kulturkarawane Tr\u00e8ves","url":"https:\/\/kuka-trier.de\/","logo":{"@type":"ImageObject","inLanguage":"fr-FR","@id":"https:\/\/kuka-trier.de\/#\/schema\/logo\/image\/","url":"https:\/\/kuka-trier.de\/wp-content\/uploads\/2022\/02\/cropped-KK19_Logo_color_26-12_web.png","contentUrl":"https:\/\/kuka-trier.de\/wp-content\/uploads\/2022\/02\/cropped-KK19_Logo_color_26-12_web.png","width":822,"height":340,"caption":"Kulturkarawane Trier"},"image":{"@id":"https:\/\/kuka-trier.de\/#\/schema\/logo\/image\/"}},{"@type":"Person","@id":"https:\/\/kuka-trier.de\/#\/schema\/person\/0e70983de674702cd8a6bd6656029617","name":"admin","image":{"@type":"ImageObject","inLanguage":"fr-FR","@id":"https:\/\/secure.gravatar.com\/avatar\/9a8eb49d2b2ccb1d3ebbd410bd75a2680c8aff6331ee1e34607e1a7ee6695d39?s=96&d=mm&r=g","url":"https:\/\/secure.gravatar.com\/avatar\/9a8eb49d2b2ccb1d3ebbd410bd75a2680c8aff6331ee1e34607e1a7ee6695d39?s=96&d=mm&r=g","contentUrl":"https:\/\/secure.gravatar.com\/avatar\/9a8eb49d2b2ccb1d3ebbd410bd75a2680c8aff6331ee1e34607e1a7ee6695d39?s=96&d=mm&r=g","caption":"admin"},"sameAs":["http:\/\/kuka-trier.de"],"url":"https:\/\/kuka-trier.de\/fr\/author\/admin\/"}]}},"_links":{"self":[{"href":"https:\/\/kuka-trier.de\/fr\/wp-json\/wp\/v2\/posts\/2840","targetHints":{"allow":["GET"]}}],"collection":[{"href":"https:\/\/kuka-trier.de\/fr\/wp-json\/wp\/v2\/posts"}],"about":[{"href":"https:\/\/kuka-trier.de\/fr\/wp-json\/wp\/v2\/types\/post"}],"author":[{"embeddable":true,"href":"https:\/\/kuka-trier.de\/fr\/wp-json\/wp\/v2\/users\/1"}],"replies":[{"embeddable":true,"href":"https:\/\/kuka-trier.de\/fr\/wp-json\/wp\/v2\/comments?post=2840"}],"version-history":[{"count":11,"href":"https:\/\/kuka-trier.de\/fr\/wp-json\/wp\/v2\/posts\/2840\/revisions"}],"predecessor-version":[{"id":3552,"href":"https:\/\/kuka-trier.de\/fr\/wp-json\/wp\/v2\/posts\/2840\/revisions\/3552"}],"wp:featuredmedia":[{"embeddable":true,"href":"https:\/\/kuka-trier.de\/fr\/wp-json\/wp\/v2\/media\/2841"}],"wp:attachment":[{"href":"https:\/\/kuka-trier.de\/fr\/wp-json\/wp\/v2\/media?parent=2840"}],"wp:term":[{"taxonomy":"category","embeddable":true,"href":"https:\/\/kuka-trier.de\/fr\/wp-json\/wp\/v2\/categories?post=2840"},{"taxonomy":"post_tag","embeddable":true,"href":"https:\/\/kuka-trier.de\/fr\/wp-json\/wp\/v2\/tags?post=2840"}],"curies":[{"name":"wp","href":"https:\/\/api.w.org\/{rel}","templated":true}]}}