{"id":311,"date":"2022-05-11T12:53:00","date_gmt":"2022-05-11T12:53:00","guid":{"rendered":"https:\/\/kuka-trier.de\/?p=311"},"modified":"2022-07-18T07:28:53","modified_gmt":"2022-07-18T07:28:53","slug":"yoga-im-gruenen","status":"publish","type":"post","link":"https:\/\/kuka-trier.de\/fr\/yoga-im-gruenen\/","title":{"rendered":"Yoga dans la verdure"},"content":{"rendered":"<p><a href=\"https:\/\/karmaklub.de\/\" target=\"_blank\" rel=\"noopener\"><img decoding=\"async\" class=\"alignnone wp-image-1029\" src=\"https:\/\/kuka-trier.de\/wp-content\/uploads\/2022\/05\/KarmaKlub_Logo_RZ_gr_schwarz-300x300.png\" alt=\"Karma Club Logo\" width=\"120\" height=\"120\" srcset=\"https:\/\/kuka-trier.de\/wp-content\/uploads\/2022\/05\/KarmaKlub_Logo_RZ_gr_schwarz-300x300.png 300w, https:\/\/kuka-trier.de\/wp-content\/uploads\/2022\/05\/KarmaKlub_Logo_RZ_gr_schwarz-150x150.png 150w, https:\/\/kuka-trier.de\/wp-content\/uploads\/2022\/05\/KarmaKlub_Logo_RZ_gr_schwarz.png 650w\" sizes=\"(max-width: 120px) 100vw, 120px\" \/><\/a><\/p>\n<p>Yoga pour tous - le dimanche 17 juillet, nous organisons en coop\u00e9ration avec le Karma Klub un programme de yoga color\u00e9 sur le Flying Grass Carpet 2022. Viens avec nous sur le tapis de yoga et fais l'exp\u00e9rience de sessions de yoga dynamiques, de flows doux et de m\u00e9ditation sur le march\u00e9 aux bestiaux. Des professeurs de yoga exp\u00e9riment\u00e9s de Tr\u00e8ves te guideront tout au long des s\u00e9ances de yoga. Tous les niveaux sont les bienvenus.\u00a0<b>\u00a0<\/b><\/p>\n<p>\u00a0<\/p>\n<p><strong>10:00 - 11:00 - Love your flow ! (Sara Lonsdorfer)<br \/><\/strong>Commence la journ\u00e9e avec des mouvements fluides et libres. Sara te guide \u00e0 travers une classe de yoga ludique qui te permet de trouver et d'appr\u00e9cier ton propre flow. Sans r\u00e9fl\u00e9chir, sans ambition - il s'agit de donner une expression \u00e0 ton unicit\u00e9. Lib\u00e8re-toi de tes limites int\u00e9rieures et profite de ton \u00eatre en toute l\u00e9g\u00e8ret\u00e9.\u00a0<br \/>M\u00eame si tu es un d\u00e9butant en yoga, tu es plus que bienvenu ici.<\/p>\n<p>\u00a0<\/p>\n<p><strong>11:30 - 12:30 - trouve ton \u00e9quilibre int\u00e9rieur (Christina Wagner) <\/strong>\u00a0<br \/>Ce flow de yoga harmonisant \u00e9quilibre ton corps et ton esprit gr\u00e2ce au m\u00e9lange de stabilit\u00e9 et de l\u00e9g\u00e8ret\u00e9. Christina t'invite \u00e0 l\u00e2cher le stress, les soucis et les peurs pour faire de nouveau de la place \u00e0 la l\u00e9g\u00e8ret\u00e9 et au bien-\u00eatre.<\/p>\n<p>\u00a0<\/p>\n<p><strong>13h30 - 14h30 - Yoga on a (heart)beat (Hannah Maximini)<\/strong><br \/>Des rythmes doux t'invitent \u00e0 explorer ton corps et \u00e0 le mesurer \u00e0 nouveau. Etends tes antennes dans toutes les directions et sens chaque centim\u00e8tre de ton \u00eatre. Parfois avec douceur, parfois avec force. Laisse ce flow devenir ta propre danse et plonge dans le monde aux multiples facettes du vinyasa !\u00a0<\/p>\n<p>\u00a0<\/p>\n<p><del><strong>15:00 -16:00 - Pas besoin de se plier en quatre (@urbansummerworkouttrier, Yvonne Krichel)<\/strong><\/del><\/p>\n<p><strong>MALHEUREUSEMENT ANNUL\u00c9 !<\/strong><br \/>\"De toute fa\u00e7on, je ne peux pas le faire si on le voit sur les photos ou les vid\u00e9os\".<\/p>\n<p>Il est grand temps de mettre fin \u00e0 ce pr\u00e9jug\u00e9 et de bannir de nos t\u00eates les images de pratiquants de yoga super flexibles et apparemment impeccables physiquement. Elles sont certes tr\u00e8s belles \u00e0 regarder, mais ce qu'elles d\u00e9clenchent surtout chez la plupart d'entre nous, ce sont des attentes irr\u00e9alistes envers nous-m\u00eames et, par cons\u00e9quent, un sentiment de \"ne pas \u00eatre correct ou pas assez bon\".<\/p>\n<p>Chaque corps \u00e9crit sa propre histoire, stocke ses propres souvenirs et a sa propre forme. Dans cette le\u00e7on, nous voulons t'inviter \u00e0 d\u00e9couvrir \u00e0 quel point le yoga peut faire du bien et ce, ind\u00e9pendamment de son apparence. Ressentir plus, regarder moins. \u00catre plus, vouloir \u00eatre moins. Changer quelque chose sans se plier.<\/p>\n\n\n<p><a href=\"\/fr\/fgctrier\/\">\n    <button>\" Infos sur le Flying Grass Carpet<\/button>\n  <\/a><\/p>","protected":false},"excerpt":{"rendered":"<p>TAPIS D'HERBE VOLANT 2022<br \/>\nDimanche 17 juillet - 10:00<br \/>\nMarch\u00e9 aux bestiaux de Tr\u00e8ves<\/p>","protected":false},"author":1,"featured_media":303,"comment_status":"open","ping_status":"open","sticky":false,"template":"","format":"standard","meta":{"_jf_save_progress":"","footnotes":""},"categories":[15],"tags":[13,48],"class_list":["post-311","post","type-post","status-publish","format-standard","has-post-thumbnail","hentry","category-entspannung","tag-fgc2022","tag-vergangen"],"yoast_head":"<!-- This site is optimized with the Yoast SEO plugin v27.5 - https:\/\/yoast.com\/product\/yoast-seo-wordpress\/ -->\n<title>Yoga im Gr\u00fcnen | FLYING GRASS CARPET 2022<\/title>\n<meta name=\"description\" content=\"Open-Air Yoga-Kurse am Sonntag, 17. Juli um 10:00 Uhr auf dem Viehmarkt Trier\" \/>\n<meta name=\"robots\" content=\"index, follow, max-snippet:-1, max-image-preview:large, max-video-preview:-1\" \/>\n<link rel=\"canonical\" href=\"https:\/\/kuka-trier.de\/fr\/yoga-im-gruenen\/\" \/>\n<meta property=\"og:locale\" content=\"fr_FR\" \/>\n<meta property=\"og:type\" content=\"article\" \/>\n<meta property=\"og:title\" content=\"Yoga im Gr\u00fcnen | FLYING GRASS CARPET 2022\" \/>\n<meta property=\"og:description\" content=\"Open-Air Yoga-Kurse am Sonntag, 17. Juli um 10:00 Uhr auf dem Viehmarkt Trier\" \/>\n<meta property=\"og:url\" content=\"https:\/\/kuka-trier.de\/fr\/yoga-im-gruenen\/\" \/>\n<meta property=\"og:site_name\" content=\"Kulturkarawane Trier\" \/>\n<meta property=\"article:published_time\" content=\"2022-05-11T12:53:00+00:00\" \/>\n<meta property=\"article:modified_time\" content=\"2022-07-18T07:28:53+00:00\" \/>\n<meta property=\"og:image\" content=\"https:\/\/kuka-trier.de\/wp-content\/uploads\/2022\/05\/20220717-KUK-FGC-yoga.jpg\" \/>\n\t<meta property=\"og:image:width\" content=\"450\" \/>\n\t<meta property=\"og:image:height\" content=\"300\" \/>\n\t<meta property=\"og:image:type\" content=\"image\/jpeg\" \/>\n<meta name=\"author\" content=\"admin\" \/>\n<meta name=\"twitter:card\" content=\"summary_large_image\" \/>\n<meta name=\"twitter:label1\" content=\"\u00c9crit par\" \/>\n\t<meta name=\"twitter:data1\" content=\"admin\" \/>\n\t<meta name=\"twitter:label2\" content=\"Dur\u00e9e de lecture estim\u00e9e\" \/>\n\t<meta name=\"twitter:data2\" content=\"3 minutes\" \/>\n<script type=\"application\/ld+json\" class=\"yoast-schema-graph\">{\"@context\":\"https:\\\/\\\/schema.org\",\"@graph\":[{\"@type\":\"Article\",\"@id\":\"https:\\\/\\\/kuka-trier.de\\\/yoga-im-gruenen\\\/#article\",\"isPartOf\":{\"@id\":\"https:\\\/\\\/kuka-trier.de\\\/yoga-im-gruenen\\\/\"},\"author\":{\"name\":\"admin\",\"@id\":\"https:\\\/\\\/kuka-trier.de\\\/#\\\/schema\\\/person\\\/0e70983de674702cd8a6bd6656029617\"},\"headline\":\"Yoga im Gr\u00fcnen\",\"datePublished\":\"2022-05-11T12:53:00+00:00\",\"dateModified\":\"2022-07-18T07:28:53+00:00\",\"mainEntityOfPage\":{\"@id\":\"https:\\\/\\\/kuka-trier.de\\\/yoga-im-gruenen\\\/\"},\"wordCount\":403,\"commentCount\":0,\"publisher\":{\"@id\":\"https:\\\/\\\/kuka-trier.de\\\/#organization\"},\"image\":{\"@id\":\"https:\\\/\\\/kuka-trier.de\\\/yoga-im-gruenen\\\/#primaryimage\"},\"thumbnailUrl\":\"https:\\\/\\\/kuka-trier.de\\\/wp-content\\\/uploads\\\/2022\\\/05\\\/20220717-KUK-FGC-yoga.jpg\",\"keywords\":[\"FGC2022\",\"Vergangen\"],\"articleSection\":[\"Entspannung\"],\"inLanguage\":\"fr-FR\",\"potentialAction\":[{\"@type\":\"CommentAction\",\"name\":\"Comment\",\"target\":[\"https:\\\/\\\/kuka-trier.de\\\/yoga-im-gruenen\\\/#respond\"]}]},{\"@type\":\"WebPage\",\"@id\":\"https:\\\/\\\/kuka-trier.de\\\/yoga-im-gruenen\\\/\",\"url\":\"https:\\\/\\\/kuka-trier.de\\\/yoga-im-gruenen\\\/\",\"name\":\"Yoga im Gr\u00fcnen | FLYING GRASS CARPET 2022\",\"isPartOf\":{\"@id\":\"https:\\\/\\\/kuka-trier.de\\\/#website\"},\"primaryImageOfPage\":{\"@id\":\"https:\\\/\\\/kuka-trier.de\\\/yoga-im-gruenen\\\/#primaryimage\"},\"image\":{\"@id\":\"https:\\\/\\\/kuka-trier.de\\\/yoga-im-gruenen\\\/#primaryimage\"},\"thumbnailUrl\":\"https:\\\/\\\/kuka-trier.de\\\/wp-content\\\/uploads\\\/2022\\\/05\\\/20220717-KUK-FGC-yoga.jpg\",\"datePublished\":\"2022-05-11T12:53:00+00:00\",\"dateModified\":\"2022-07-18T07:28:53+00:00\",\"description\":\"Open-Air Yoga-Kurse am Sonntag, 17. Juli um 10:00 Uhr auf dem Viehmarkt Trier\",\"breadcrumb\":{\"@id\":\"https:\\\/\\\/kuka-trier.de\\\/yoga-im-gruenen\\\/#breadcrumb\"},\"inLanguage\":\"fr-FR\",\"potentialAction\":[{\"@type\":\"ReadAction\",\"target\":[\"https:\\\/\\\/kuka-trier.de\\\/yoga-im-gruenen\\\/\"]}]},{\"@type\":\"ImageObject\",\"inLanguage\":\"fr-FR\",\"@id\":\"https:\\\/\\\/kuka-trier.de\\\/yoga-im-gruenen\\\/#primaryimage\",\"url\":\"https:\\\/\\\/kuka-trier.de\\\/wp-content\\\/uploads\\\/2022\\\/05\\\/20220717-KUK-FGC-yoga.jpg\",\"contentUrl\":\"https:\\\/\\\/kuka-trier.de\\\/wp-content\\\/uploads\\\/2022\\\/05\\\/20220717-KUK-FGC-yoga.jpg\",\"width\":450,\"height\":300,\"caption\":\"Yoga\"},{\"@type\":\"BreadcrumbList\",\"@id\":\"https:\\\/\\\/kuka-trier.de\\\/yoga-im-gruenen\\\/#breadcrumb\",\"itemListElement\":[{\"@type\":\"ListItem\",\"position\":1,\"name\":\"Startseite\",\"item\":\"https:\\\/\\\/kuka-trier.de\\\/\"},{\"@type\":\"ListItem\",\"position\":2,\"name\":\"Yoga im Gr\u00fcnen\"}]},{\"@type\":\"WebSite\",\"@id\":\"https:\\\/\\\/kuka-trier.de\\\/#website\",\"url\":\"https:\\\/\\\/kuka-trier.de\\\/\",\"name\":\"Kulturkarawane Trier\",\"description\":\"BuntERleben\",\"publisher\":{\"@id\":\"https:\\\/\\\/kuka-trier.de\\\/#organization\"},\"potentialAction\":[{\"@type\":\"SearchAction\",\"target\":{\"@type\":\"EntryPoint\",\"urlTemplate\":\"https:\\\/\\\/kuka-trier.de\\\/?s={search_term_string}\"},\"query-input\":{\"@type\":\"PropertyValueSpecification\",\"valueRequired\":true,\"valueName\":\"search_term_string\"}}],\"inLanguage\":\"fr-FR\"},{\"@type\":\"Organization\",\"@id\":\"https:\\\/\\\/kuka-trier.de\\\/#organization\",\"name\":\"Kulturkarawane Trier\",\"url\":\"https:\\\/\\\/kuka-trier.de\\\/\",\"logo\":{\"@type\":\"ImageObject\",\"inLanguage\":\"fr-FR\",\"@id\":\"https:\\\/\\\/kuka-trier.de\\\/#\\\/schema\\\/logo\\\/image\\\/\",\"url\":\"https:\\\/\\\/kuka-trier.de\\\/wp-content\\\/uploads\\\/2022\\\/02\\\/cropped-KK19_Logo_color_26-12_web.png\",\"contentUrl\":\"https:\\\/\\\/kuka-trier.de\\\/wp-content\\\/uploads\\\/2022\\\/02\\\/cropped-KK19_Logo_color_26-12_web.png\",\"width\":822,\"height\":340,\"caption\":\"Kulturkarawane Trier\"},\"image\":{\"@id\":\"https:\\\/\\\/kuka-trier.de\\\/#\\\/schema\\\/logo\\\/image\\\/\"}},{\"@type\":\"Person\",\"@id\":\"https:\\\/\\\/kuka-trier.de\\\/#\\\/schema\\\/person\\\/0e70983de674702cd8a6bd6656029617\",\"name\":\"admin\",\"image\":{\"@type\":\"ImageObject\",\"inLanguage\":\"fr-FR\",\"@id\":\"https:\\\/\\\/secure.gravatar.com\\\/avatar\\\/9a8eb49d2b2ccb1d3ebbd410bd75a2680c8aff6331ee1e34607e1a7ee6695d39?s=96&d=mm&r=g\",\"url\":\"https:\\\/\\\/secure.gravatar.com\\\/avatar\\\/9a8eb49d2b2ccb1d3ebbd410bd75a2680c8aff6331ee1e34607e1a7ee6695d39?s=96&d=mm&r=g\",\"contentUrl\":\"https:\\\/\\\/secure.gravatar.com\\\/avatar\\\/9a8eb49d2b2ccb1d3ebbd410bd75a2680c8aff6331ee1e34607e1a7ee6695d39?s=96&d=mm&r=g\",\"caption\":\"admin\"},\"sameAs\":[\"http:\\\/\\\/kuka-trier.de\"],\"url\":\"https:\\\/\\\/kuka-trier.de\\\/fr\\\/author\\\/admin\\\/\"}]}<\/script>\n<!-- \/ Yoast SEO plugin. -->","yoast_head_json":{"title":"Yoga au vert | FLYING GRASS CARPET 2022","description":"Open-Air Yoga-Kurse am Sonntag, 17. Juli um 10:00 Uhr auf dem Viehmarkt Trier","robots":{"index":"index","follow":"follow","max-snippet":"max-snippet:-1","max-image-preview":"max-image-preview:large","max-video-preview":"max-video-preview:-1"},"canonical":"https:\/\/kuka-trier.de\/fr\/yoga-im-gruenen\/","og_locale":"fr_FR","og_type":"article","og_title":"Yoga im Gr\u00fcnen | FLYING GRASS CARPET 2022","og_description":"Open-Air Yoga-Kurse am Sonntag, 17. Juli um 10:00 Uhr auf dem Viehmarkt Trier","og_url":"https:\/\/kuka-trier.de\/fr\/yoga-im-gruenen\/","og_site_name":"Kulturkarawane Trier","article_published_time":"2022-05-11T12:53:00+00:00","article_modified_time":"2022-07-18T07:28:53+00:00","og_image":[{"width":450,"height":300,"url":"https:\/\/kuka-trier.de\/wp-content\/uploads\/2022\/05\/20220717-KUK-FGC-yoga.jpg","type":"image\/jpeg"}],"author":"admin","twitter_card":"summary_large_image","twitter_misc":{"\u00c9crit par":"admin","Dur\u00e9e de lecture estim\u00e9e":"3 minutes"},"schema":{"@context":"https:\/\/schema.org","@graph":[{"@type":"Article","@id":"https:\/\/kuka-trier.de\/yoga-im-gruenen\/#article","isPartOf":{"@id":"https:\/\/kuka-trier.de\/yoga-im-gruenen\/"},"author":{"name":"admin","@id":"https:\/\/kuka-trier.de\/#\/schema\/person\/0e70983de674702cd8a6bd6656029617"},"headline":"Yoga im Gr\u00fcnen","datePublished":"2022-05-11T12:53:00+00:00","dateModified":"2022-07-18T07:28:53+00:00","mainEntityOfPage":{"@id":"https:\/\/kuka-trier.de\/yoga-im-gruenen\/"},"wordCount":403,"commentCount":0,"publisher":{"@id":"https:\/\/kuka-trier.de\/#organization"},"image":{"@id":"https:\/\/kuka-trier.de\/yoga-im-gruenen\/#primaryimage"},"thumbnailUrl":"https:\/\/kuka-trier.de\/wp-content\/uploads\/2022\/05\/20220717-KUK-FGC-yoga.jpg","keywords":["FGC2022","Vergangen"],"articleSection":["Entspannung"],"inLanguage":"fr-FR","potentialAction":[{"@type":"CommentAction","name":"Comment","target":["https:\/\/kuka-trier.de\/yoga-im-gruenen\/#respond"]}]},{"@type":"WebPage","@id":"https:\/\/kuka-trier.de\/yoga-im-gruenen\/","url":"https:\/\/kuka-trier.de\/yoga-im-gruenen\/","name":"Yoga au vert | FLYING GRASS CARPET 2022","isPartOf":{"@id":"https:\/\/kuka-trier.de\/#website"},"primaryImageOfPage":{"@id":"https:\/\/kuka-trier.de\/yoga-im-gruenen\/#primaryimage"},"image":{"@id":"https:\/\/kuka-trier.de\/yoga-im-gruenen\/#primaryimage"},"thumbnailUrl":"https:\/\/kuka-trier.de\/wp-content\/uploads\/2022\/05\/20220717-KUK-FGC-yoga.jpg","datePublished":"2022-05-11T12:53:00+00:00","dateModified":"2022-07-18T07:28:53+00:00","description":"Open-Air Yoga-Kurse am Sonntag, 17. Juli um 10:00 Uhr auf dem Viehmarkt Trier","breadcrumb":{"@id":"https:\/\/kuka-trier.de\/yoga-im-gruenen\/#breadcrumb"},"inLanguage":"fr-FR","potentialAction":[{"@type":"ReadAction","target":["https:\/\/kuka-trier.de\/yoga-im-gruenen\/"]}]},{"@type":"ImageObject","inLanguage":"fr-FR","@id":"https:\/\/kuka-trier.de\/yoga-im-gruenen\/#primaryimage","url":"https:\/\/kuka-trier.de\/wp-content\/uploads\/2022\/05\/20220717-KUK-FGC-yoga.jpg","contentUrl":"https:\/\/kuka-trier.de\/wp-content\/uploads\/2022\/05\/20220717-KUK-FGC-yoga.jpg","width":450,"height":300,"caption":"Yoga"},{"@type":"BreadcrumbList","@id":"https:\/\/kuka-trier.de\/yoga-im-gruenen\/#breadcrumb","itemListElement":[{"@type":"ListItem","position":1,"name":"Startseite","item":"https:\/\/kuka-trier.de\/"},{"@type":"ListItem","position":2,"name":"Yoga im Gr\u00fcnen"}]},{"@type":"WebSite","@id":"https:\/\/kuka-trier.de\/#website","url":"https:\/\/kuka-trier.de\/","name":"Kulturkarawane Tr\u00e8ves","description":"Vivre en couleurs","publisher":{"@id":"https:\/\/kuka-trier.de\/#organization"},"potentialAction":[{"@type":"SearchAction","target":{"@type":"EntryPoint","urlTemplate":"https:\/\/kuka-trier.de\/?s={search_term_string}"},"query-input":{"@type":"PropertyValueSpecification","valueRequired":true,"valueName":"search_term_string"}}],"inLanguage":"fr-FR"},{"@type":"Organization","@id":"https:\/\/kuka-trier.de\/#organization","name":"Kulturkarawane Tr\u00e8ves","url":"https:\/\/kuka-trier.de\/","logo":{"@type":"ImageObject","inLanguage":"fr-FR","@id":"https:\/\/kuka-trier.de\/#\/schema\/logo\/image\/","url":"https:\/\/kuka-trier.de\/wp-content\/uploads\/2022\/02\/cropped-KK19_Logo_color_26-12_web.png","contentUrl":"https:\/\/kuka-trier.de\/wp-content\/uploads\/2022\/02\/cropped-KK19_Logo_color_26-12_web.png","width":822,"height":340,"caption":"Kulturkarawane Trier"},"image":{"@id":"https:\/\/kuka-trier.de\/#\/schema\/logo\/image\/"}},{"@type":"Person","@id":"https:\/\/kuka-trier.de\/#\/schema\/person\/0e70983de674702cd8a6bd6656029617","name":"admin","image":{"@type":"ImageObject","inLanguage":"fr-FR","@id":"https:\/\/secure.gravatar.com\/avatar\/9a8eb49d2b2ccb1d3ebbd410bd75a2680c8aff6331ee1e34607e1a7ee6695d39?s=96&d=mm&r=g","url":"https:\/\/secure.gravatar.com\/avatar\/9a8eb49d2b2ccb1d3ebbd410bd75a2680c8aff6331ee1e34607e1a7ee6695d39?s=96&d=mm&r=g","contentUrl":"https:\/\/secure.gravatar.com\/avatar\/9a8eb49d2b2ccb1d3ebbd410bd75a2680c8aff6331ee1e34607e1a7ee6695d39?s=96&d=mm&r=g","caption":"admin"},"sameAs":["http:\/\/kuka-trier.de"],"url":"https:\/\/kuka-trier.de\/fr\/author\/admin\/"}]}},"_links":{"self":[{"href":"https:\/\/kuka-trier.de\/fr\/wp-json\/wp\/v2\/posts\/311","targetHints":{"allow":["GET"]}}],"collection":[{"href":"https:\/\/kuka-trier.de\/fr\/wp-json\/wp\/v2\/posts"}],"about":[{"href":"https:\/\/kuka-trier.de\/fr\/wp-json\/wp\/v2\/types\/post"}],"author":[{"embeddable":true,"href":"https:\/\/kuka-trier.de\/fr\/wp-json\/wp\/v2\/users\/1"}],"replies":[{"embeddable":true,"href":"https:\/\/kuka-trier.de\/fr\/wp-json\/wp\/v2\/comments?post=311"}],"version-history":[{"count":14,"href":"https:\/\/kuka-trier.de\/fr\/wp-json\/wp\/v2\/posts\/311\/revisions"}],"predecessor-version":[{"id":1424,"href":"https:\/\/kuka-trier.de\/fr\/wp-json\/wp\/v2\/posts\/311\/revisions\/1424"}],"wp:featuredmedia":[{"embeddable":true,"href":"https:\/\/kuka-trier.de\/fr\/wp-json\/wp\/v2\/media\/303"}],"wp:attachment":[{"href":"https:\/\/kuka-trier.de\/fr\/wp-json\/wp\/v2\/media?parent=311"}],"wp:term":[{"taxonomy":"category","embeddable":true,"href":"https:\/\/kuka-trier.de\/fr\/wp-json\/wp\/v2\/categories?post=311"},{"taxonomy":"post_tag","embeddable":true,"href":"https:\/\/kuka-trier.de\/fr\/wp-json\/wp\/v2\/tags?post=311"}],"curies":[{"name":"wp","href":"https:\/\/api.w.org\/{rel}","templated":true}]}}