{"id":3165,"date":"2023-04-06T13:28:01","date_gmt":"2023-04-06T13:28:01","guid":{"rendered":"https:\/\/kuka-trier.de\/?p=3165"},"modified":"2023-04-24T05:55:56","modified_gmt":"2023-04-24T05:55:56","slug":"jam-session-im-kulturspektrum","status":"publish","type":"post","link":"https:\/\/kuka-trier.de\/fr\/jam-session-im-kulturspektrum\/","title":{"rendered":"Jam Session au Spectre culturel"},"content":{"rendered":"<p><strong>Avec notre partenaire de coop\u00e9ration Kulturgraben<\/strong> dans le cadre du concept \"sans espace\", nous invitons \u00e0 un \u00e9chauffement sur le <a href=\"https:\/\/kuka-trier.de\/fr\/melodica\/\">Festival acoustique Melodica <\/a>une.<\/p>\n\n\n\n<p><strong>Jam sessions acoustiques<\/strong> fonctionnent de mani\u00e8re purement acoustique, laissent de la place \u00e0 des sons plus doux et c'est pour cela qu'ils touchent la peau.  Apportez vos propres instruments et vos propres id\u00e9es. Car m\u00eame le volume d'une pi\u00e8ce fait d\u00e9j\u00e0 du bruit dans la cave vo\u00fbt\u00e9e du spectre culturel. Si ton instrument n'est pas audible sans amplificateur (par exemple une basse \u00e9lectrique ou autre), n'h\u00e9site pas \u00e0 apporter un petit ampli. En cas d'urgence, nous avons aussi des renforts sur place. La joie de notre jam session na\u00eet d'une \u00e9nergie mutuelle et d'un respect mutuel pour les comp\u00e9tences de chacun, sans concept pr\u00e9d\u00e9fini.\u00a0<\/p>\n\n\n\n<p>L'entr\u00e9e est gratuite. Les auditeurs* sont les bienvenus.&nbsp;<\/p>\n\n\n\n<p><\/p>\n\n\n\n<a href=\"\/fr\/melodica\/\">\n    <button>\" Infos sur le m\u00e9lodica<\/button>\n  <\/a>","protected":false},"excerpt":{"rendered":"<p>Coop\u00e9ration TERRAINS CULTURELS<br \/>\nJeudi 20 avril - 20:00<br \/>\nSpectacle culturel au Domfreihof<\/p>","protected":false},"author":1,"featured_media":3168,"comment_status":"open","ping_status":"open","sticky":false,"template":"","format":"standard","meta":{"_jf_save_progress":"","footnotes":""},"categories":[43],"tags":[38,53,48],"class_list":["post-3165","post","type-post","status-publish","format-standard","has-post-thumbnail","hentry","category-begegnungen","tag-kostenlos","tag-kulturspektrum","tag-vergangen"],"yoast_head":"<!-- This site is optimized with the Yoast SEO plugin v27.5 - https:\/\/yoast.com\/product\/yoast-seo-wordpress\/ -->\n<title>Jam Session im Kulturspektrum<\/title>\n<meta name=\"description\" content=\"In Kooperation mit dem Kulturgraben: Akustik Jam Session am Donnerstag, 20. April um 20:00 Uhr im Kulturspektrum am Domfreihof Trier\" \/>\n<meta name=\"robots\" content=\"index, follow, max-snippet:-1, max-image-preview:large, max-video-preview:-1\" \/>\n<link rel=\"canonical\" href=\"https:\/\/kuka-trier.de\/fr\/jam-session-im-kulturspektrum\/\" \/>\n<meta property=\"og:locale\" content=\"fr_FR\" \/>\n<meta property=\"og:type\" content=\"article\" \/>\n<meta property=\"og:title\" content=\"Jam Session im Kulturspektrum\" \/>\n<meta property=\"og:description\" content=\"In Kooperation mit dem Kulturgraben: Akustik Jam Session am Donnerstag, 20. April um 20:00 Uhr im Kulturspektrum am Domfreihof Trier\" \/>\n<meta property=\"og:url\" content=\"https:\/\/kuka-trier.de\/fr\/jam-session-im-kulturspektrum\/\" \/>\n<meta property=\"og:site_name\" content=\"Kulturkarawane Trier\" \/>\n<meta property=\"article:published_time\" content=\"2023-04-06T13:28:01+00:00\" \/>\n<meta property=\"article:modified_time\" content=\"2023-04-24T05:55:56+00:00\" \/>\n<meta property=\"og:image\" content=\"https:\/\/kuka-trier.de\/wp-content\/uploads\/2023\/04\/Akustik-JAM-SESSION_Neu.jpg\" \/>\n\t<meta property=\"og:image:width\" content=\"1080\" \/>\n\t<meta property=\"og:image:height\" content=\"1080\" \/>\n\t<meta property=\"og:image:type\" content=\"image\/jpeg\" \/>\n<meta name=\"author\" content=\"admin\" \/>\n<meta name=\"twitter:card\" content=\"summary_large_image\" \/>\n<meta name=\"twitter:label1\" content=\"\u00c9crit par\" \/>\n\t<meta name=\"twitter:data1\" content=\"admin\" \/>\n\t<meta name=\"twitter:label2\" content=\"Dur\u00e9e de lecture estim\u00e9e\" \/>\n\t<meta name=\"twitter:data2\" content=\"1 minute\" \/>\n<script type=\"application\/ld+json\" class=\"yoast-schema-graph\">{\"@context\":\"https:\\\/\\\/schema.org\",\"@graph\":[{\"@type\":\"Article\",\"@id\":\"https:\\\/\\\/kuka-trier.de\\\/jam-session-im-kulturspektrum\\\/#article\",\"isPartOf\":{\"@id\":\"https:\\\/\\\/kuka-trier.de\\\/jam-session-im-kulturspektrum\\\/\"},\"author\":{\"name\":\"admin\",\"@id\":\"https:\\\/\\\/kuka-trier.de\\\/#\\\/schema\\\/person\\\/0e70983de674702cd8a6bd6656029617\"},\"headline\":\"Jam Session im Kulturspektrum\",\"datePublished\":\"2023-04-06T13:28:01+00:00\",\"dateModified\":\"2023-04-24T05:55:56+00:00\",\"mainEntityOfPage\":{\"@id\":\"https:\\\/\\\/kuka-trier.de\\\/jam-session-im-kulturspektrum\\\/\"},\"wordCount\":134,\"commentCount\":0,\"publisher\":{\"@id\":\"https:\\\/\\\/kuka-trier.de\\\/#organization\"},\"image\":{\"@id\":\"https:\\\/\\\/kuka-trier.de\\\/jam-session-im-kulturspektrum\\\/#primaryimage\"},\"thumbnailUrl\":\"https:\\\/\\\/kuka-trier.de\\\/wp-content\\\/uploads\\\/2023\\\/04\\\/Akustik-JAM-SESSION_Neu.jpg\",\"keywords\":[\"Kostenlos\",\"Kulturspektrum\",\"Vergangen\"],\"articleSection\":[\"Begegnungen\"],\"inLanguage\":\"fr-FR\",\"potentialAction\":[{\"@type\":\"CommentAction\",\"name\":\"Comment\",\"target\":[\"https:\\\/\\\/kuka-trier.de\\\/jam-session-im-kulturspektrum\\\/#respond\"]}]},{\"@type\":\"WebPage\",\"@id\":\"https:\\\/\\\/kuka-trier.de\\\/jam-session-im-kulturspektrum\\\/\",\"url\":\"https:\\\/\\\/kuka-trier.de\\\/jam-session-im-kulturspektrum\\\/\",\"name\":\"Jam Session im Kulturspektrum\",\"isPartOf\":{\"@id\":\"https:\\\/\\\/kuka-trier.de\\\/#website\"},\"primaryImageOfPage\":{\"@id\":\"https:\\\/\\\/kuka-trier.de\\\/jam-session-im-kulturspektrum\\\/#primaryimage\"},\"image\":{\"@id\":\"https:\\\/\\\/kuka-trier.de\\\/jam-session-im-kulturspektrum\\\/#primaryimage\"},\"thumbnailUrl\":\"https:\\\/\\\/kuka-trier.de\\\/wp-content\\\/uploads\\\/2023\\\/04\\\/Akustik-JAM-SESSION_Neu.jpg\",\"datePublished\":\"2023-04-06T13:28:01+00:00\",\"dateModified\":\"2023-04-24T05:55:56+00:00\",\"description\":\"In Kooperation mit dem Kulturgraben: Akustik Jam Session am Donnerstag, 20. April um 20:00 Uhr im Kulturspektrum am Domfreihof Trier\",\"breadcrumb\":{\"@id\":\"https:\\\/\\\/kuka-trier.de\\\/jam-session-im-kulturspektrum\\\/#breadcrumb\"},\"inLanguage\":\"fr-FR\",\"potentialAction\":[{\"@type\":\"ReadAction\",\"target\":[\"https:\\\/\\\/kuka-trier.de\\\/jam-session-im-kulturspektrum\\\/\"]}]},{\"@type\":\"ImageObject\",\"inLanguage\":\"fr-FR\",\"@id\":\"https:\\\/\\\/kuka-trier.de\\\/jam-session-im-kulturspektrum\\\/#primaryimage\",\"url\":\"https:\\\/\\\/kuka-trier.de\\\/wp-content\\\/uploads\\\/2023\\\/04\\\/Akustik-JAM-SESSION_Neu.jpg\",\"contentUrl\":\"https:\\\/\\\/kuka-trier.de\\\/wp-content\\\/uploads\\\/2023\\\/04\\\/Akustik-JAM-SESSION_Neu.jpg\",\"width\":1080,\"height\":1080},{\"@type\":\"BreadcrumbList\",\"@id\":\"https:\\\/\\\/kuka-trier.de\\\/jam-session-im-kulturspektrum\\\/#breadcrumb\",\"itemListElement\":[{\"@type\":\"ListItem\",\"position\":1,\"name\":\"Startseite\",\"item\":\"https:\\\/\\\/kuka-trier.de\\\/\"},{\"@type\":\"ListItem\",\"position\":2,\"name\":\"Jam Session im Kulturspektrum\"}]},{\"@type\":\"WebSite\",\"@id\":\"https:\\\/\\\/kuka-trier.de\\\/#website\",\"url\":\"https:\\\/\\\/kuka-trier.de\\\/\",\"name\":\"Kulturkarawane Trier\",\"description\":\"BuntERleben\",\"publisher\":{\"@id\":\"https:\\\/\\\/kuka-trier.de\\\/#organization\"},\"potentialAction\":[{\"@type\":\"SearchAction\",\"target\":{\"@type\":\"EntryPoint\",\"urlTemplate\":\"https:\\\/\\\/kuka-trier.de\\\/?s={search_term_string}\"},\"query-input\":{\"@type\":\"PropertyValueSpecification\",\"valueRequired\":true,\"valueName\":\"search_term_string\"}}],\"inLanguage\":\"fr-FR\"},{\"@type\":\"Organization\",\"@id\":\"https:\\\/\\\/kuka-trier.de\\\/#organization\",\"name\":\"Kulturkarawane Trier\",\"url\":\"https:\\\/\\\/kuka-trier.de\\\/\",\"logo\":{\"@type\":\"ImageObject\",\"inLanguage\":\"fr-FR\",\"@id\":\"https:\\\/\\\/kuka-trier.de\\\/#\\\/schema\\\/logo\\\/image\\\/\",\"url\":\"https:\\\/\\\/kuka-trier.de\\\/wp-content\\\/uploads\\\/2022\\\/02\\\/cropped-KK19_Logo_color_26-12_web.png\",\"contentUrl\":\"https:\\\/\\\/kuka-trier.de\\\/wp-content\\\/uploads\\\/2022\\\/02\\\/cropped-KK19_Logo_color_26-12_web.png\",\"width\":822,\"height\":340,\"caption\":\"Kulturkarawane Trier\"},\"image\":{\"@id\":\"https:\\\/\\\/kuka-trier.de\\\/#\\\/schema\\\/logo\\\/image\\\/\"}},{\"@type\":\"Person\",\"@id\":\"https:\\\/\\\/kuka-trier.de\\\/#\\\/schema\\\/person\\\/0e70983de674702cd8a6bd6656029617\",\"name\":\"admin\",\"image\":{\"@type\":\"ImageObject\",\"inLanguage\":\"fr-FR\",\"@id\":\"https:\\\/\\\/secure.gravatar.com\\\/avatar\\\/9a8eb49d2b2ccb1d3ebbd410bd75a2680c8aff6331ee1e34607e1a7ee6695d39?s=96&d=mm&r=g\",\"url\":\"https:\\\/\\\/secure.gravatar.com\\\/avatar\\\/9a8eb49d2b2ccb1d3ebbd410bd75a2680c8aff6331ee1e34607e1a7ee6695d39?s=96&d=mm&r=g\",\"contentUrl\":\"https:\\\/\\\/secure.gravatar.com\\\/avatar\\\/9a8eb49d2b2ccb1d3ebbd410bd75a2680c8aff6331ee1e34607e1a7ee6695d39?s=96&d=mm&r=g\",\"caption\":\"admin\"},\"sameAs\":[\"http:\\\/\\\/kuka-trier.de\"],\"url\":\"https:\\\/\\\/kuka-trier.de\\\/fr\\\/author\\\/admin\\\/\"}]}<\/script>\n<!-- \/ Yoast SEO plugin. -->","yoast_head_json":{"title":"Jam Session au Spectre culturel","description":"In Kooperation mit dem Kulturgraben: Akustik Jam Session am Donnerstag, 20. April um 20:00 Uhr im Kulturspektrum am Domfreihof Trier","robots":{"index":"index","follow":"follow","max-snippet":"max-snippet:-1","max-image-preview":"max-image-preview:large","max-video-preview":"max-video-preview:-1"},"canonical":"https:\/\/kuka-trier.de\/fr\/jam-session-im-kulturspektrum\/","og_locale":"fr_FR","og_type":"article","og_title":"Jam Session im Kulturspektrum","og_description":"In Kooperation mit dem Kulturgraben: Akustik Jam Session am Donnerstag, 20. April um 20:00 Uhr im Kulturspektrum am Domfreihof Trier","og_url":"https:\/\/kuka-trier.de\/fr\/jam-session-im-kulturspektrum\/","og_site_name":"Kulturkarawane Trier","article_published_time":"2023-04-06T13:28:01+00:00","article_modified_time":"2023-04-24T05:55:56+00:00","og_image":[{"width":1080,"height":1080,"url":"https:\/\/kuka-trier.de\/wp-content\/uploads\/2023\/04\/Akustik-JAM-SESSION_Neu.jpg","type":"image\/jpeg"}],"author":"admin","twitter_card":"summary_large_image","twitter_misc":{"\u00c9crit par":"admin","Dur\u00e9e de lecture estim\u00e9e":"1 minute"},"schema":{"@context":"https:\/\/schema.org","@graph":[{"@type":"Article","@id":"https:\/\/kuka-trier.de\/jam-session-im-kulturspektrum\/#article","isPartOf":{"@id":"https:\/\/kuka-trier.de\/jam-session-im-kulturspektrum\/"},"author":{"name":"admin","@id":"https:\/\/kuka-trier.de\/#\/schema\/person\/0e70983de674702cd8a6bd6656029617"},"headline":"Jam Session im Kulturspektrum","datePublished":"2023-04-06T13:28:01+00:00","dateModified":"2023-04-24T05:55:56+00:00","mainEntityOfPage":{"@id":"https:\/\/kuka-trier.de\/jam-session-im-kulturspektrum\/"},"wordCount":134,"commentCount":0,"publisher":{"@id":"https:\/\/kuka-trier.de\/#organization"},"image":{"@id":"https:\/\/kuka-trier.de\/jam-session-im-kulturspektrum\/#primaryimage"},"thumbnailUrl":"https:\/\/kuka-trier.de\/wp-content\/uploads\/2023\/04\/Akustik-JAM-SESSION_Neu.jpg","keywords":["Kostenlos","Kulturspektrum","Vergangen"],"articleSection":["Begegnungen"],"inLanguage":"fr-FR","potentialAction":[{"@type":"CommentAction","name":"Comment","target":["https:\/\/kuka-trier.de\/jam-session-im-kulturspektrum\/#respond"]}]},{"@type":"WebPage","@id":"https:\/\/kuka-trier.de\/jam-session-im-kulturspektrum\/","url":"https:\/\/kuka-trier.de\/jam-session-im-kulturspektrum\/","name":"Jam Session au Spectre culturel","isPartOf":{"@id":"https:\/\/kuka-trier.de\/#website"},"primaryImageOfPage":{"@id":"https:\/\/kuka-trier.de\/jam-session-im-kulturspektrum\/#primaryimage"},"image":{"@id":"https:\/\/kuka-trier.de\/jam-session-im-kulturspektrum\/#primaryimage"},"thumbnailUrl":"https:\/\/kuka-trier.de\/wp-content\/uploads\/2023\/04\/Akustik-JAM-SESSION_Neu.jpg","datePublished":"2023-04-06T13:28:01+00:00","dateModified":"2023-04-24T05:55:56+00:00","description":"In Kooperation mit dem Kulturgraben: Akustik Jam Session am Donnerstag, 20. April um 20:00 Uhr im Kulturspektrum am Domfreihof Trier","breadcrumb":{"@id":"https:\/\/kuka-trier.de\/jam-session-im-kulturspektrum\/#breadcrumb"},"inLanguage":"fr-FR","potentialAction":[{"@type":"ReadAction","target":["https:\/\/kuka-trier.de\/jam-session-im-kulturspektrum\/"]}]},{"@type":"ImageObject","inLanguage":"fr-FR","@id":"https:\/\/kuka-trier.de\/jam-session-im-kulturspektrum\/#primaryimage","url":"https:\/\/kuka-trier.de\/wp-content\/uploads\/2023\/04\/Akustik-JAM-SESSION_Neu.jpg","contentUrl":"https:\/\/kuka-trier.de\/wp-content\/uploads\/2023\/04\/Akustik-JAM-SESSION_Neu.jpg","width":1080,"height":1080},{"@type":"BreadcrumbList","@id":"https:\/\/kuka-trier.de\/jam-session-im-kulturspektrum\/#breadcrumb","itemListElement":[{"@type":"ListItem","position":1,"name":"Startseite","item":"https:\/\/kuka-trier.de\/"},{"@type":"ListItem","position":2,"name":"Jam Session im Kulturspektrum"}]},{"@type":"WebSite","@id":"https:\/\/kuka-trier.de\/#website","url":"https:\/\/kuka-trier.de\/","name":"Kulturkarawane Tr\u00e8ves","description":"Vivre en couleurs","publisher":{"@id":"https:\/\/kuka-trier.de\/#organization"},"potentialAction":[{"@type":"SearchAction","target":{"@type":"EntryPoint","urlTemplate":"https:\/\/kuka-trier.de\/?s={search_term_string}"},"query-input":{"@type":"PropertyValueSpecification","valueRequired":true,"valueName":"search_term_string"}}],"inLanguage":"fr-FR"},{"@type":"Organization","@id":"https:\/\/kuka-trier.de\/#organization","name":"Kulturkarawane Tr\u00e8ves","url":"https:\/\/kuka-trier.de\/","logo":{"@type":"ImageObject","inLanguage":"fr-FR","@id":"https:\/\/kuka-trier.de\/#\/schema\/logo\/image\/","url":"https:\/\/kuka-trier.de\/wp-content\/uploads\/2022\/02\/cropped-KK19_Logo_color_26-12_web.png","contentUrl":"https:\/\/kuka-trier.de\/wp-content\/uploads\/2022\/02\/cropped-KK19_Logo_color_26-12_web.png","width":822,"height":340,"caption":"Kulturkarawane Trier"},"image":{"@id":"https:\/\/kuka-trier.de\/#\/schema\/logo\/image\/"}},{"@type":"Person","@id":"https:\/\/kuka-trier.de\/#\/schema\/person\/0e70983de674702cd8a6bd6656029617","name":"admin","image":{"@type":"ImageObject","inLanguage":"fr-FR","@id":"https:\/\/secure.gravatar.com\/avatar\/9a8eb49d2b2ccb1d3ebbd410bd75a2680c8aff6331ee1e34607e1a7ee6695d39?s=96&d=mm&r=g","url":"https:\/\/secure.gravatar.com\/avatar\/9a8eb49d2b2ccb1d3ebbd410bd75a2680c8aff6331ee1e34607e1a7ee6695d39?s=96&d=mm&r=g","contentUrl":"https:\/\/secure.gravatar.com\/avatar\/9a8eb49d2b2ccb1d3ebbd410bd75a2680c8aff6331ee1e34607e1a7ee6695d39?s=96&d=mm&r=g","caption":"admin"},"sameAs":["http:\/\/kuka-trier.de"],"url":"https:\/\/kuka-trier.de\/fr\/author\/admin\/"}]}},"_links":{"self":[{"href":"https:\/\/kuka-trier.de\/fr\/wp-json\/wp\/v2\/posts\/3165","targetHints":{"allow":["GET"]}}],"collection":[{"href":"https:\/\/kuka-trier.de\/fr\/wp-json\/wp\/v2\/posts"}],"about":[{"href":"https:\/\/kuka-trier.de\/fr\/wp-json\/wp\/v2\/types\/post"}],"author":[{"embeddable":true,"href":"https:\/\/kuka-trier.de\/fr\/wp-json\/wp\/v2\/users\/1"}],"replies":[{"embeddable":true,"href":"https:\/\/kuka-trier.de\/fr\/wp-json\/wp\/v2\/comments?post=3165"}],"version-history":[{"count":2,"href":"https:\/\/kuka-trier.de\/fr\/wp-json\/wp\/v2\/posts\/3165\/revisions"}],"predecessor-version":[{"id":3169,"href":"https:\/\/kuka-trier.de\/fr\/wp-json\/wp\/v2\/posts\/3165\/revisions\/3169"}],"wp:featuredmedia":[{"embeddable":true,"href":"https:\/\/kuka-trier.de\/fr\/wp-json\/wp\/v2\/media\/3168"}],"wp:attachment":[{"href":"https:\/\/kuka-trier.de\/fr\/wp-json\/wp\/v2\/media?parent=3165"}],"wp:term":[{"taxonomy":"category","embeddable":true,"href":"https:\/\/kuka-trier.de\/fr\/wp-json\/wp\/v2\/categories?post=3165"},{"taxonomy":"post_tag","embeddable":true,"href":"https:\/\/kuka-trier.de\/fr\/wp-json\/wp\/v2\/tags?post=3165"}],"curies":[{"name":"wp","href":"https:\/\/api.w.org\/{rel}","templated":true}]}}