{"id":3173,"date":"2023-04-11T07:19:47","date_gmt":"2023-04-11T07:19:47","guid":{"rendered":"https:\/\/kuka-trier.de\/?p=3173"},"modified":"2023-05-02T14:21:55","modified_gmt":"2023-05-02T14:21:55","slug":"ortsteilkonzert-heiligkreuz-affinity-kit","status":"publish","type":"post","link":"https:\/\/kuka-trier.de\/fr\/ortsteilkonzert-heiligkreuz-affinity-kit\/","title":{"rendered":"Concert de quartier Heiligkreuz - Affinity Kit"},"content":{"rendered":"<p>Quelque part entre l'optimisme n\u00e9cessaire et la m\u00e9lancolie pleine d'espoir, Affinity Kit picore dans un paysage musical qui trouve ses racines dans le singer\/songwriter tum, mais qui ne fait pas non plus l'impasse sur des accents modernes et \u00e9lectroniques.<\/p>\n\n\n\n<p>Gr\u00e2ce \u00e0 une grande largeur de bande et un grand souci du d\u00e9tail, les chansons sont marqu\u00e9es d'une empreinte propre dont Affinity Kit ne doit ni ne veut renier l'affinit\u00e9 pop.<\/p>\n\n\n\n<p>Date : Lun 1er mai 2023<br>D\u00e9but \u00e0 18:00 heures<br>Lieu : Chapelle catholique Heiligkreuz, Rotbachstra\u00dfe 19, 54295 Tr\u00e8ves&nbsp;<\/p>\n\n\n\n<figure class=\"wp-block-embed is-type-video is-provider-youtube wp-block-embed-youtube wp-embed-aspect-16-9 wp-has-aspect-ratio\"><div class=\"wp-block-embed__wrapper\">\n<iframe title=\"Affinity Kit - Everything we are (Live at MOS Recording)\" width=\"800\" height=\"450\" src=\"https:\/\/www.youtube.com\/embed\/DNEBwQma11U?feature=oembed\" frameborder=\"0\" allow=\"accelerometer; autoplay; clipboard-write; encrypted-media; gyroscope; picture-in-picture; web-share\" allowfullscreen><\/iframe>\n<\/div><\/figure>\n\n\n\n<a href=\"\/fr\/kleinanders\/\">\n    <button>\" Infos sur Klein Anders<\/button>\n  <\/a>","protected":false},"excerpt":{"rendered":"<p>PETIT AUTRE<br \/>1er mai - 18:00<br \/>Tr\u00e8ves Sainte-Croix<br \/>Entr\u00e9e gratuite !<\/p>","protected":false},"author":1,"featured_media":1522,"comment_status":"closed","ping_status":"open","sticky":false,"template":"","format":"standard","meta":{"_jf_save_progress":"","footnotes":""},"categories":[11],"tags":[17,38,48],"class_list":["post-3173","post","type-post","status-publish","format-standard","has-post-thumbnail","hentry","category-musik","tag-klein-anders","tag-kostenlos","tag-vergangen"],"yoast_head":"<!-- This site is optimized with the Yoast SEO plugin v27.5 - https:\/\/yoast.com\/product\/yoast-seo-wordpress\/ -->\n<title>Ortsteilkonzert Heiligkreuz \u2013 Affinity Kit<\/title>\n<meta name=\"description\" content=\"Konzert am Montag, 1. Mai 2023, Trier Gartenfeld\/Mitte, 18:00 Uhr\" \/>\n<meta name=\"robots\" content=\"index, follow, max-snippet:-1, max-image-preview:large, max-video-preview:-1\" \/>\n<link rel=\"canonical\" href=\"https:\/\/kuka-trier.de\/fr\/ortsteilkonzert-heiligkreuz-affinity-kit\/\" \/>\n<meta property=\"og:locale\" content=\"fr_FR\" \/>\n<meta property=\"og:type\" content=\"article\" \/>\n<meta property=\"og:title\" content=\"Ortsteilkonzert Heiligkreuz \u2013 Affinity Kit\" \/>\n<meta property=\"og:description\" content=\"Konzert am Montag, 1. Mai 2023, Trier Gartenfeld\/Mitte, 18:00 Uhr\" \/>\n<meta property=\"og:url\" content=\"https:\/\/kuka-trier.de\/fr\/ortsteilkonzert-heiligkreuz-affinity-kit\/\" \/>\n<meta property=\"og:site_name\" content=\"Kulturkarawane Trier\" \/>\n<meta property=\"article:published_time\" content=\"2023-04-11T07:19:47+00:00\" \/>\n<meta property=\"article:modified_time\" content=\"2023-05-02T14:21:55+00:00\" \/>\n<meta property=\"og:image\" content=\"https:\/\/kuka-trier.de\/wp-content\/uploads\/2022\/08\/20220801-kuk-OTK-affinity-hp.jpg\" \/>\n\t<meta property=\"og:image:width\" content=\"900\" \/>\n\t<meta property=\"og:image:height\" content=\"600\" \/>\n\t<meta property=\"og:image:type\" content=\"image\/jpeg\" \/>\n<meta name=\"author\" content=\"admin\" \/>\n<meta name=\"twitter:card\" content=\"summary_large_image\" \/>\n<meta name=\"twitter:label1\" content=\"\u00c9crit par\" \/>\n\t<meta name=\"twitter:data1\" content=\"admin\" \/>\n\t<meta name=\"twitter:label2\" content=\"Dur\u00e9e de lecture estim\u00e9e\" \/>\n\t<meta name=\"twitter:data2\" content=\"1 minute\" \/>\n<script type=\"application\/ld+json\" class=\"yoast-schema-graph\">{\"@context\":\"https:\\\/\\\/schema.org\",\"@graph\":[{\"@type\":\"Article\",\"@id\":\"https:\\\/\\\/kuka-trier.de\\\/ortsteilkonzert-heiligkreuz-affinity-kit\\\/#article\",\"isPartOf\":{\"@id\":\"https:\\\/\\\/kuka-trier.de\\\/ortsteilkonzert-heiligkreuz-affinity-kit\\\/\"},\"author\":{\"name\":\"admin\",\"@id\":\"https:\\\/\\\/kuka-trier.de\\\/#\\\/schema\\\/person\\\/0e70983de674702cd8a6bd6656029617\"},\"headline\":\"Ortsteilkonzert Heiligkreuz \u2013 Affinity Kit\",\"datePublished\":\"2023-04-11T07:19:47+00:00\",\"dateModified\":\"2023-05-02T14:21:55+00:00\",\"mainEntityOfPage\":{\"@id\":\"https:\\\/\\\/kuka-trier.de\\\/ortsteilkonzert-heiligkreuz-affinity-kit\\\/\"},\"wordCount\":80,\"publisher\":{\"@id\":\"https:\\\/\\\/kuka-trier.de\\\/#organization\"},\"image\":{\"@id\":\"https:\\\/\\\/kuka-trier.de\\\/ortsteilkonzert-heiligkreuz-affinity-kit\\\/#primaryimage\"},\"thumbnailUrl\":\"https:\\\/\\\/kuka-trier.de\\\/wp-content\\\/uploads\\\/2022\\\/08\\\/20220801-kuk-OTK-affinity-hp.jpg\",\"keywords\":[\"Klein Anders\",\"Kostenlos\",\"Vergangen\"],\"articleSection\":[\"Musik\"],\"inLanguage\":\"fr-FR\"},{\"@type\":\"WebPage\",\"@id\":\"https:\\\/\\\/kuka-trier.de\\\/ortsteilkonzert-heiligkreuz-affinity-kit\\\/\",\"url\":\"https:\\\/\\\/kuka-trier.de\\\/ortsteilkonzert-heiligkreuz-affinity-kit\\\/\",\"name\":\"Ortsteilkonzert Heiligkreuz \u2013 Affinity Kit\",\"isPartOf\":{\"@id\":\"https:\\\/\\\/kuka-trier.de\\\/#website\"},\"primaryImageOfPage\":{\"@id\":\"https:\\\/\\\/kuka-trier.de\\\/ortsteilkonzert-heiligkreuz-affinity-kit\\\/#primaryimage\"},\"image\":{\"@id\":\"https:\\\/\\\/kuka-trier.de\\\/ortsteilkonzert-heiligkreuz-affinity-kit\\\/#primaryimage\"},\"thumbnailUrl\":\"https:\\\/\\\/kuka-trier.de\\\/wp-content\\\/uploads\\\/2022\\\/08\\\/20220801-kuk-OTK-affinity-hp.jpg\",\"datePublished\":\"2023-04-11T07:19:47+00:00\",\"dateModified\":\"2023-05-02T14:21:55+00:00\",\"description\":\"Konzert am Montag, 1. Mai 2023, Trier Gartenfeld\\\/Mitte, 18:00 Uhr\",\"breadcrumb\":{\"@id\":\"https:\\\/\\\/kuka-trier.de\\\/ortsteilkonzert-heiligkreuz-affinity-kit\\\/#breadcrumb\"},\"inLanguage\":\"fr-FR\",\"potentialAction\":[{\"@type\":\"ReadAction\",\"target\":[\"https:\\\/\\\/kuka-trier.de\\\/ortsteilkonzert-heiligkreuz-affinity-kit\\\/\"]}]},{\"@type\":\"ImageObject\",\"inLanguage\":\"fr-FR\",\"@id\":\"https:\\\/\\\/kuka-trier.de\\\/ortsteilkonzert-heiligkreuz-affinity-kit\\\/#primaryimage\",\"url\":\"https:\\\/\\\/kuka-trier.de\\\/wp-content\\\/uploads\\\/2022\\\/08\\\/20220801-kuk-OTK-affinity-hp.jpg\",\"contentUrl\":\"https:\\\/\\\/kuka-trier.de\\\/wp-content\\\/uploads\\\/2022\\\/08\\\/20220801-kuk-OTK-affinity-hp.jpg\",\"width\":900,\"height\":600,\"caption\":\"Affinity Kit Pressebild\"},{\"@type\":\"BreadcrumbList\",\"@id\":\"https:\\\/\\\/kuka-trier.de\\\/ortsteilkonzert-heiligkreuz-affinity-kit\\\/#breadcrumb\",\"itemListElement\":[{\"@type\":\"ListItem\",\"position\":1,\"name\":\"Startseite\",\"item\":\"https:\\\/\\\/kuka-trier.de\\\/\"},{\"@type\":\"ListItem\",\"position\":2,\"name\":\"Ortsteilkonzert Heiligkreuz \u2013 Affinity Kit\"}]},{\"@type\":\"WebSite\",\"@id\":\"https:\\\/\\\/kuka-trier.de\\\/#website\",\"url\":\"https:\\\/\\\/kuka-trier.de\\\/\",\"name\":\"Kulturkarawane Trier\",\"description\":\"BuntERleben\",\"publisher\":{\"@id\":\"https:\\\/\\\/kuka-trier.de\\\/#organization\"},\"potentialAction\":[{\"@type\":\"SearchAction\",\"target\":{\"@type\":\"EntryPoint\",\"urlTemplate\":\"https:\\\/\\\/kuka-trier.de\\\/?s={search_term_string}\"},\"query-input\":{\"@type\":\"PropertyValueSpecification\",\"valueRequired\":true,\"valueName\":\"search_term_string\"}}],\"inLanguage\":\"fr-FR\"},{\"@type\":\"Organization\",\"@id\":\"https:\\\/\\\/kuka-trier.de\\\/#organization\",\"name\":\"Kulturkarawane Trier\",\"url\":\"https:\\\/\\\/kuka-trier.de\\\/\",\"logo\":{\"@type\":\"ImageObject\",\"inLanguage\":\"fr-FR\",\"@id\":\"https:\\\/\\\/kuka-trier.de\\\/#\\\/schema\\\/logo\\\/image\\\/\",\"url\":\"https:\\\/\\\/kuka-trier.de\\\/wp-content\\\/uploads\\\/2022\\\/02\\\/cropped-KK19_Logo_color_26-12_web.png\",\"contentUrl\":\"https:\\\/\\\/kuka-trier.de\\\/wp-content\\\/uploads\\\/2022\\\/02\\\/cropped-KK19_Logo_color_26-12_web.png\",\"width\":822,\"height\":340,\"caption\":\"Kulturkarawane Trier\"},\"image\":{\"@id\":\"https:\\\/\\\/kuka-trier.de\\\/#\\\/schema\\\/logo\\\/image\\\/\"}},{\"@type\":\"Person\",\"@id\":\"https:\\\/\\\/kuka-trier.de\\\/#\\\/schema\\\/person\\\/0e70983de674702cd8a6bd6656029617\",\"name\":\"admin\",\"image\":{\"@type\":\"ImageObject\",\"inLanguage\":\"fr-FR\",\"@id\":\"https:\\\/\\\/secure.gravatar.com\\\/avatar\\\/9a8eb49d2b2ccb1d3ebbd410bd75a2680c8aff6331ee1e34607e1a7ee6695d39?s=96&d=mm&r=g\",\"url\":\"https:\\\/\\\/secure.gravatar.com\\\/avatar\\\/9a8eb49d2b2ccb1d3ebbd410bd75a2680c8aff6331ee1e34607e1a7ee6695d39?s=96&d=mm&r=g\",\"contentUrl\":\"https:\\\/\\\/secure.gravatar.com\\\/avatar\\\/9a8eb49d2b2ccb1d3ebbd410bd75a2680c8aff6331ee1e34607e1a7ee6695d39?s=96&d=mm&r=g\",\"caption\":\"admin\"},\"sameAs\":[\"http:\\\/\\\/kuka-trier.de\"],\"url\":\"https:\\\/\\\/kuka-trier.de\\\/fr\\\/author\\\/admin\\\/\"}]}<\/script>\n<!-- \/ Yoast SEO plugin. -->","yoast_head_json":{"title":"Concert de quartier Heiligkreuz - Affinity Kit","description":"Konzert am Montag, 1. Mai 2023, Trier Gartenfeld\/Mitte, 18:00 Uhr","robots":{"index":"index","follow":"follow","max-snippet":"max-snippet:-1","max-image-preview":"max-image-preview:large","max-video-preview":"max-video-preview:-1"},"canonical":"https:\/\/kuka-trier.de\/fr\/ortsteilkonzert-heiligkreuz-affinity-kit\/","og_locale":"fr_FR","og_type":"article","og_title":"Ortsteilkonzert Heiligkreuz \u2013 Affinity Kit","og_description":"Konzert am Montag, 1. Mai 2023, Trier Gartenfeld\/Mitte, 18:00 Uhr","og_url":"https:\/\/kuka-trier.de\/fr\/ortsteilkonzert-heiligkreuz-affinity-kit\/","og_site_name":"Kulturkarawane Trier","article_published_time":"2023-04-11T07:19:47+00:00","article_modified_time":"2023-05-02T14:21:55+00:00","og_image":[{"width":900,"height":600,"url":"https:\/\/kuka-trier.de\/wp-content\/uploads\/2022\/08\/20220801-kuk-OTK-affinity-hp.jpg","type":"image\/jpeg"}],"author":"admin","twitter_card":"summary_large_image","twitter_misc":{"\u00c9crit par":"admin","Dur\u00e9e de lecture estim\u00e9e":"1 minute"},"schema":{"@context":"https:\/\/schema.org","@graph":[{"@type":"Article","@id":"https:\/\/kuka-trier.de\/ortsteilkonzert-heiligkreuz-affinity-kit\/#article","isPartOf":{"@id":"https:\/\/kuka-trier.de\/ortsteilkonzert-heiligkreuz-affinity-kit\/"},"author":{"name":"admin","@id":"https:\/\/kuka-trier.de\/#\/schema\/person\/0e70983de674702cd8a6bd6656029617"},"headline":"Ortsteilkonzert Heiligkreuz \u2013 Affinity Kit","datePublished":"2023-04-11T07:19:47+00:00","dateModified":"2023-05-02T14:21:55+00:00","mainEntityOfPage":{"@id":"https:\/\/kuka-trier.de\/ortsteilkonzert-heiligkreuz-affinity-kit\/"},"wordCount":80,"publisher":{"@id":"https:\/\/kuka-trier.de\/#organization"},"image":{"@id":"https:\/\/kuka-trier.de\/ortsteilkonzert-heiligkreuz-affinity-kit\/#primaryimage"},"thumbnailUrl":"https:\/\/kuka-trier.de\/wp-content\/uploads\/2022\/08\/20220801-kuk-OTK-affinity-hp.jpg","keywords":["Klein Anders","Kostenlos","Vergangen"],"articleSection":["Musik"],"inLanguage":"fr-FR"},{"@type":"WebPage","@id":"https:\/\/kuka-trier.de\/ortsteilkonzert-heiligkreuz-affinity-kit\/","url":"https:\/\/kuka-trier.de\/ortsteilkonzert-heiligkreuz-affinity-kit\/","name":"Concert de quartier Heiligkreuz - Affinity Kit","isPartOf":{"@id":"https:\/\/kuka-trier.de\/#website"},"primaryImageOfPage":{"@id":"https:\/\/kuka-trier.de\/ortsteilkonzert-heiligkreuz-affinity-kit\/#primaryimage"},"image":{"@id":"https:\/\/kuka-trier.de\/ortsteilkonzert-heiligkreuz-affinity-kit\/#primaryimage"},"thumbnailUrl":"https:\/\/kuka-trier.de\/wp-content\/uploads\/2022\/08\/20220801-kuk-OTK-affinity-hp.jpg","datePublished":"2023-04-11T07:19:47+00:00","dateModified":"2023-05-02T14:21:55+00:00","description":"Konzert am Montag, 1. Mai 2023, Trier Gartenfeld\/Mitte, 18:00 Uhr","breadcrumb":{"@id":"https:\/\/kuka-trier.de\/ortsteilkonzert-heiligkreuz-affinity-kit\/#breadcrumb"},"inLanguage":"fr-FR","potentialAction":[{"@type":"ReadAction","target":["https:\/\/kuka-trier.de\/ortsteilkonzert-heiligkreuz-affinity-kit\/"]}]},{"@type":"ImageObject","inLanguage":"fr-FR","@id":"https:\/\/kuka-trier.de\/ortsteilkonzert-heiligkreuz-affinity-kit\/#primaryimage","url":"https:\/\/kuka-trier.de\/wp-content\/uploads\/2022\/08\/20220801-kuk-OTK-affinity-hp.jpg","contentUrl":"https:\/\/kuka-trier.de\/wp-content\/uploads\/2022\/08\/20220801-kuk-OTK-affinity-hp.jpg","width":900,"height":600,"caption":"Affinity Kit Pressebild"},{"@type":"BreadcrumbList","@id":"https:\/\/kuka-trier.de\/ortsteilkonzert-heiligkreuz-affinity-kit\/#breadcrumb","itemListElement":[{"@type":"ListItem","position":1,"name":"Startseite","item":"https:\/\/kuka-trier.de\/"},{"@type":"ListItem","position":2,"name":"Ortsteilkonzert Heiligkreuz \u2013 Affinity Kit"}]},{"@type":"WebSite","@id":"https:\/\/kuka-trier.de\/#website","url":"https:\/\/kuka-trier.de\/","name":"Kulturkarawane Tr\u00e8ves","description":"Vivre en couleurs","publisher":{"@id":"https:\/\/kuka-trier.de\/#organization"},"potentialAction":[{"@type":"SearchAction","target":{"@type":"EntryPoint","urlTemplate":"https:\/\/kuka-trier.de\/?s={search_term_string}"},"query-input":{"@type":"PropertyValueSpecification","valueRequired":true,"valueName":"search_term_string"}}],"inLanguage":"fr-FR"},{"@type":"Organization","@id":"https:\/\/kuka-trier.de\/#organization","name":"Kulturkarawane Tr\u00e8ves","url":"https:\/\/kuka-trier.de\/","logo":{"@type":"ImageObject","inLanguage":"fr-FR","@id":"https:\/\/kuka-trier.de\/#\/schema\/logo\/image\/","url":"https:\/\/kuka-trier.de\/wp-content\/uploads\/2022\/02\/cropped-KK19_Logo_color_26-12_web.png","contentUrl":"https:\/\/kuka-trier.de\/wp-content\/uploads\/2022\/02\/cropped-KK19_Logo_color_26-12_web.png","width":822,"height":340,"caption":"Kulturkarawane Trier"},"image":{"@id":"https:\/\/kuka-trier.de\/#\/schema\/logo\/image\/"}},{"@type":"Person","@id":"https:\/\/kuka-trier.de\/#\/schema\/person\/0e70983de674702cd8a6bd6656029617","name":"admin","image":{"@type":"ImageObject","inLanguage":"fr-FR","@id":"https:\/\/secure.gravatar.com\/avatar\/9a8eb49d2b2ccb1d3ebbd410bd75a2680c8aff6331ee1e34607e1a7ee6695d39?s=96&d=mm&r=g","url":"https:\/\/secure.gravatar.com\/avatar\/9a8eb49d2b2ccb1d3ebbd410bd75a2680c8aff6331ee1e34607e1a7ee6695d39?s=96&d=mm&r=g","contentUrl":"https:\/\/secure.gravatar.com\/avatar\/9a8eb49d2b2ccb1d3ebbd410bd75a2680c8aff6331ee1e34607e1a7ee6695d39?s=96&d=mm&r=g","caption":"admin"},"sameAs":["http:\/\/kuka-trier.de"],"url":"https:\/\/kuka-trier.de\/fr\/author\/admin\/"}]}},"_links":{"self":[{"href":"https:\/\/kuka-trier.de\/fr\/wp-json\/wp\/v2\/posts\/3173","targetHints":{"allow":["GET"]}}],"collection":[{"href":"https:\/\/kuka-trier.de\/fr\/wp-json\/wp\/v2\/posts"}],"about":[{"href":"https:\/\/kuka-trier.de\/fr\/wp-json\/wp\/v2\/types\/post"}],"author":[{"embeddable":true,"href":"https:\/\/kuka-trier.de\/fr\/wp-json\/wp\/v2\/users\/1"}],"replies":[{"embeddable":true,"href":"https:\/\/kuka-trier.de\/fr\/wp-json\/wp\/v2\/comments?post=3173"}],"version-history":[{"count":2,"href":"https:\/\/kuka-trier.de\/fr\/wp-json\/wp\/v2\/posts\/3173\/revisions"}],"predecessor-version":[{"id":3179,"href":"https:\/\/kuka-trier.de\/fr\/wp-json\/wp\/v2\/posts\/3173\/revisions\/3179"}],"wp:featuredmedia":[{"embeddable":true,"href":"https:\/\/kuka-trier.de\/fr\/wp-json\/wp\/v2\/media\/1522"}],"wp:attachment":[{"href":"https:\/\/kuka-trier.de\/fr\/wp-json\/wp\/v2\/media?parent=3173"}],"wp:term":[{"taxonomy":"category","embeddable":true,"href":"https:\/\/kuka-trier.de\/fr\/wp-json\/wp\/v2\/categories?post=3173"},{"taxonomy":"post_tag","embeddable":true,"href":"https:\/\/kuka-trier.de\/fr\/wp-json\/wp\/v2\/tags?post=3173"}],"curies":[{"name":"wp","href":"https:\/\/api.w.org\/{rel}","templated":true}]}}