{"id":5409,"date":"2024-05-08T07:38:29","date_gmt":"2024-05-08T07:38:29","guid":{"rendered":"https:\/\/kuka-trier.de\/?p=5409"},"modified":"2024-05-31T06:51:13","modified_gmt":"2024-05-31T06:51:13","slug":"kultur-und-wandern","status":"publish","type":"post","link":"https:\/\/kuka-trier.de\/fr\/kultur-und-wandern\/","title":{"rendered":"Culture et randonn\u00e9e #1"},"content":{"rendered":"<p><strong>COMPLET !<\/strong><\/p>\n\n\n\n<p><strong>En coop\u00e9ration avec :<\/strong><\/p>\n\n\n\n<figure class=\"wp-block-image is-resized\"><img decoding=\"async\" width=\"300\" height=\"157\" src=\"https:\/\/kuka-trier.de\/wp-content\/uploads\/2024\/05\/Berg-SchuheZumLeben_schwarz-300x157.jpg\" alt=\"Berg Schuhe\" class=\"wp-image-5403\" style=\"width:172px;height:auto\" srcset=\"https:\/\/kuka-trier.de\/wp-content\/uploads\/2024\/05\/Berg-SchuheZumLeben_schwarz-300x157.jpg 300w, https:\/\/kuka-trier.de\/wp-content\/uploads\/2024\/05\/Berg-SchuheZumLeben_schwarz-18x9.jpg 18w, https:\/\/kuka-trier.de\/wp-content\/uploads\/2024\/05\/Berg-SchuheZumLeben_schwarz.jpg 500w\" sizes=\"(max-width: 300px) 100vw, 300px\" \/><\/figure>\n\n\n\n<p><strong>Avec les concerts itin\u00e9rants, le Kulturkarawane associe des exp\u00e9riences uniques dans la nature \u00e0 des moments de concert riches en \u00e9motions.<\/strong><\/p>\n\n\n\n<p>Dans des endroits cach\u00e9s, nous donnons rendez-vous \u00e0 nos h\u00f4tes pour des randonn\u00e9es \u00e0 travers le doux paysage naturel des environs de Tr\u00e8ves. Les points de d\u00e9part et d'arriv\u00e9e sont toujours accessibles par les transports en commun depuis Tr\u00e8ves.<\/p>\n\n\n\n<p>Au cours de nos itin\u00e9raires, nous profitons du calme de la for\u00eat, des prairies ensoleill\u00e9es et des vignobles. Au bout du chemin, nous rencontrons nos artistes dans des endroits cach\u00e9s pour des moments de concert inoubliables.<\/p>\n\n\n\n<p><strong>Les diff\u00e9rents \u00e9v\u00e9nements sont <span style=\"text-decoration: underline;\">Exclusivement pour nos abonn\u00e9s \u00e0 la newsletter<\/span>. Les informations et l'inscription aux \u00e9v\u00e9nements se font via notre newsletter. Inscris-toi et ne manque surtout pas cette s\u00e9rie d'\u00e9v\u00e9nements passionnants.<\/strong><\/p>\n\n\n\n<a href=\"\/fr\/newsletter\/\">\n    <button>\" S'inscrire \u00e0 la newsletter<\/button>\n  <\/a>","protected":false},"excerpt":{"rendered":"<p>CULTURE &amp; RANDONN\u00c9E<br \/>\nCOMPLET<br \/>\nInfos d'inscription dans la newsletter<\/p>","protected":false},"author":1,"featured_media":5507,"comment_status":"closed","ping_status":"open","sticky":false,"template":"","format":"standard","meta":{"_jf_save_progress":"","footnotes":""},"categories":[43],"tags":[69,78,48],"class_list":["post-5409","post","type-post","status-publish","format-standard","has-post-thumbnail","hentry","category-begegnungen","tag-kein-button","tag-kulturwandern","tag-vergangen"],"yoast_head":"<!-- This site is optimized with the Yoast SEO plugin v27.5 - https:\/\/yoast.com\/product\/yoast-seo-wordpress\/ -->\n<title>Kultur &amp; Wandern #1<\/title>\n<meta name=\"description\" content=\"Mit den Wanderkonzerten verbindet die Kulturkarawane einzigartige Naturerlebnisse mit emotionalen Konzertmomenten.\" \/>\n<meta name=\"robots\" content=\"index, follow, max-snippet:-1, max-image-preview:large, max-video-preview:-1\" \/>\n<link rel=\"canonical\" href=\"https:\/\/kuka-trier.de\/fr\/kultur-und-wandern\/\" \/>\n<meta property=\"og:locale\" content=\"fr_FR\" \/>\n<meta property=\"og:type\" content=\"article\" \/>\n<meta property=\"og:title\" content=\"Kultur &amp; Wandern #1\" \/>\n<meta property=\"og:description\" content=\"Mit den Wanderkonzerten verbindet die Kulturkarawane einzigartige Naturerlebnisse mit emotionalen Konzertmomenten.\" \/>\n<meta property=\"og:url\" content=\"https:\/\/kuka-trier.de\/fr\/kultur-und-wandern\/\" \/>\n<meta property=\"og:site_name\" content=\"Kulturkarawane Trier\" \/>\n<meta property=\"article:published_time\" content=\"2024-05-08T07:38:29+00:00\" \/>\n<meta property=\"article:modified_time\" content=\"2024-05-31T06:51:13+00:00\" \/>\n<meta property=\"og:image\" content=\"https:\/\/kuka-trier.de\/wp-content\/uploads\/2024\/05\/2024-kuk-kultur-wandern-800x600-3.jpg\" \/>\n\t<meta property=\"og:image:width\" content=\"800\" \/>\n\t<meta property=\"og:image:height\" content=\"600\" \/>\n\t<meta property=\"og:image:type\" content=\"image\/jpeg\" \/>\n<meta name=\"author\" content=\"admin\" \/>\n<meta name=\"twitter:card\" content=\"summary_large_image\" \/>\n<meta name=\"twitter:label1\" content=\"\u00c9crit par\" \/>\n\t<meta name=\"twitter:data1\" content=\"admin\" \/>\n\t<meta name=\"twitter:label2\" content=\"Dur\u00e9e de lecture estim\u00e9e\" \/>\n\t<meta name=\"twitter:data2\" content=\"1 minute\" \/>\n<script type=\"application\/ld+json\" class=\"yoast-schema-graph\">{\"@context\":\"https:\\\/\\\/schema.org\",\"@graph\":[{\"@type\":\"Article\",\"@id\":\"https:\\\/\\\/kuka-trier.de\\\/kultur-und-wandern\\\/#article\",\"isPartOf\":{\"@id\":\"https:\\\/\\\/kuka-trier.de\\\/kultur-und-wandern\\\/\"},\"author\":{\"name\":\"admin\",\"@id\":\"https:\\\/\\\/kuka-trier.de\\\/#\\\/schema\\\/person\\\/0e70983de674702cd8a6bd6656029617\"},\"headline\":\"Kultur &amp; Wandern #1\",\"datePublished\":\"2024-05-08T07:38:29+00:00\",\"dateModified\":\"2024-05-31T06:51:13+00:00\",\"mainEntityOfPage\":{\"@id\":\"https:\\\/\\\/kuka-trier.de\\\/kultur-und-wandern\\\/\"},\"wordCount\":115,\"publisher\":{\"@id\":\"https:\\\/\\\/kuka-trier.de\\\/#organization\"},\"image\":{\"@id\":\"https:\\\/\\\/kuka-trier.de\\\/kultur-und-wandern\\\/#primaryimage\"},\"thumbnailUrl\":\"https:\\\/\\\/kuka-trier.de\\\/wp-content\\\/uploads\\\/2024\\\/05\\\/2024-kuk-kultur-wandern-800x600-3.jpg\",\"keywords\":[\"Kein Button\",\"KulturWandern\",\"Vergangen\"],\"articleSection\":[\"Begegnungen\"],\"inLanguage\":\"fr-FR\"},{\"@type\":\"WebPage\",\"@id\":\"https:\\\/\\\/kuka-trier.de\\\/kultur-und-wandern\\\/\",\"url\":\"https:\\\/\\\/kuka-trier.de\\\/kultur-und-wandern\\\/\",\"name\":\"Kultur &amp; Wandern #1\",\"isPartOf\":{\"@id\":\"https:\\\/\\\/kuka-trier.de\\\/#website\"},\"primaryImageOfPage\":{\"@id\":\"https:\\\/\\\/kuka-trier.de\\\/kultur-und-wandern\\\/#primaryimage\"},\"image\":{\"@id\":\"https:\\\/\\\/kuka-trier.de\\\/kultur-und-wandern\\\/#primaryimage\"},\"thumbnailUrl\":\"https:\\\/\\\/kuka-trier.de\\\/wp-content\\\/uploads\\\/2024\\\/05\\\/2024-kuk-kultur-wandern-800x600-3.jpg\",\"datePublished\":\"2024-05-08T07:38:29+00:00\",\"dateModified\":\"2024-05-31T06:51:13+00:00\",\"description\":\"Mit den Wanderkonzerten verbindet die Kulturkarawane einzigartige Naturerlebnisse mit emotionalen Konzertmomenten.\",\"breadcrumb\":{\"@id\":\"https:\\\/\\\/kuka-trier.de\\\/kultur-und-wandern\\\/#breadcrumb\"},\"inLanguage\":\"fr-FR\",\"potentialAction\":[{\"@type\":\"ReadAction\",\"target\":[\"https:\\\/\\\/kuka-trier.de\\\/kultur-und-wandern\\\/\"]}]},{\"@type\":\"ImageObject\",\"inLanguage\":\"fr-FR\",\"@id\":\"https:\\\/\\\/kuka-trier.de\\\/kultur-und-wandern\\\/#primaryimage\",\"url\":\"https:\\\/\\\/kuka-trier.de\\\/wp-content\\\/uploads\\\/2024\\\/05\\\/2024-kuk-kultur-wandern-800x600-3.jpg\",\"contentUrl\":\"https:\\\/\\\/kuka-trier.de\\\/wp-content\\\/uploads\\\/2024\\\/05\\\/2024-kuk-kultur-wandern-800x600-3.jpg\",\"width\":800,\"height\":600,\"caption\":\"Kultur & Wandern ausgebucht\"},{\"@type\":\"BreadcrumbList\",\"@id\":\"https:\\\/\\\/kuka-trier.de\\\/kultur-und-wandern\\\/#breadcrumb\",\"itemListElement\":[{\"@type\":\"ListItem\",\"position\":1,\"name\":\"Startseite\",\"item\":\"https:\\\/\\\/kuka-trier.de\\\/\"},{\"@type\":\"ListItem\",\"position\":2,\"name\":\"Kultur &amp; Wandern #1\"}]},{\"@type\":\"WebSite\",\"@id\":\"https:\\\/\\\/kuka-trier.de\\\/#website\",\"url\":\"https:\\\/\\\/kuka-trier.de\\\/\",\"name\":\"Kulturkarawane Trier\",\"description\":\"BuntERleben\",\"publisher\":{\"@id\":\"https:\\\/\\\/kuka-trier.de\\\/#organization\"},\"potentialAction\":[{\"@type\":\"SearchAction\",\"target\":{\"@type\":\"EntryPoint\",\"urlTemplate\":\"https:\\\/\\\/kuka-trier.de\\\/?s={search_term_string}\"},\"query-input\":{\"@type\":\"PropertyValueSpecification\",\"valueRequired\":true,\"valueName\":\"search_term_string\"}}],\"inLanguage\":\"fr-FR\"},{\"@type\":\"Organization\",\"@id\":\"https:\\\/\\\/kuka-trier.de\\\/#organization\",\"name\":\"Kulturkarawane Trier\",\"url\":\"https:\\\/\\\/kuka-trier.de\\\/\",\"logo\":{\"@type\":\"ImageObject\",\"inLanguage\":\"fr-FR\",\"@id\":\"https:\\\/\\\/kuka-trier.de\\\/#\\\/schema\\\/logo\\\/image\\\/\",\"url\":\"https:\\\/\\\/kuka-trier.de\\\/wp-content\\\/uploads\\\/2022\\\/02\\\/cropped-KK19_Logo_color_26-12_web.png\",\"contentUrl\":\"https:\\\/\\\/kuka-trier.de\\\/wp-content\\\/uploads\\\/2022\\\/02\\\/cropped-KK19_Logo_color_26-12_web.png\",\"width\":822,\"height\":340,\"caption\":\"Kulturkarawane Trier\"},\"image\":{\"@id\":\"https:\\\/\\\/kuka-trier.de\\\/#\\\/schema\\\/logo\\\/image\\\/\"}},{\"@type\":\"Person\",\"@id\":\"https:\\\/\\\/kuka-trier.de\\\/#\\\/schema\\\/person\\\/0e70983de674702cd8a6bd6656029617\",\"name\":\"admin\",\"image\":{\"@type\":\"ImageObject\",\"inLanguage\":\"fr-FR\",\"@id\":\"https:\\\/\\\/secure.gravatar.com\\\/avatar\\\/9a8eb49d2b2ccb1d3ebbd410bd75a2680c8aff6331ee1e34607e1a7ee6695d39?s=96&d=mm&r=g\",\"url\":\"https:\\\/\\\/secure.gravatar.com\\\/avatar\\\/9a8eb49d2b2ccb1d3ebbd410bd75a2680c8aff6331ee1e34607e1a7ee6695d39?s=96&d=mm&r=g\",\"contentUrl\":\"https:\\\/\\\/secure.gravatar.com\\\/avatar\\\/9a8eb49d2b2ccb1d3ebbd410bd75a2680c8aff6331ee1e34607e1a7ee6695d39?s=96&d=mm&r=g\",\"caption\":\"admin\"},\"sameAs\":[\"http:\\\/\\\/kuka-trier.de\"],\"url\":\"https:\\\/\\\/kuka-trier.de\\\/fr\\\/author\\\/admin\\\/\"}]}<\/script>\n<!-- \/ Yoast SEO plugin. -->","yoast_head_json":{"title":"Culture et randonn\u00e9e #1","description":"Avec les concerts itin\u00e9rants, le Kulturkarawane associe des exp\u00e9riences uniques dans la nature \u00e0 des moments de concert riches en \u00e9motions.","robots":{"index":"index","follow":"follow","max-snippet":"max-snippet:-1","max-image-preview":"max-image-preview:large","max-video-preview":"max-video-preview:-1"},"canonical":"https:\/\/kuka-trier.de\/fr\/kultur-und-wandern\/","og_locale":"fr_FR","og_type":"article","og_title":"Kultur &amp; Wandern #1","og_description":"Mit den Wanderkonzerten verbindet die Kulturkarawane einzigartige Naturerlebnisse mit emotionalen Konzertmomenten.","og_url":"https:\/\/kuka-trier.de\/fr\/kultur-und-wandern\/","og_site_name":"Kulturkarawane Trier","article_published_time":"2024-05-08T07:38:29+00:00","article_modified_time":"2024-05-31T06:51:13+00:00","og_image":[{"width":800,"height":600,"url":"https:\/\/kuka-trier.de\/wp-content\/uploads\/2024\/05\/2024-kuk-kultur-wandern-800x600-3.jpg","type":"image\/jpeg"}],"author":"admin","twitter_card":"summary_large_image","twitter_misc":{"\u00c9crit par":"admin","Dur\u00e9e de lecture estim\u00e9e":"1 minute"},"schema":{"@context":"https:\/\/schema.org","@graph":[{"@type":"Article","@id":"https:\/\/kuka-trier.de\/kultur-und-wandern\/#article","isPartOf":{"@id":"https:\/\/kuka-trier.de\/kultur-und-wandern\/"},"author":{"name":"admin","@id":"https:\/\/kuka-trier.de\/#\/schema\/person\/0e70983de674702cd8a6bd6656029617"},"headline":"Kultur &amp; Wandern #1","datePublished":"2024-05-08T07:38:29+00:00","dateModified":"2024-05-31T06:51:13+00:00","mainEntityOfPage":{"@id":"https:\/\/kuka-trier.de\/kultur-und-wandern\/"},"wordCount":115,"publisher":{"@id":"https:\/\/kuka-trier.de\/#organization"},"image":{"@id":"https:\/\/kuka-trier.de\/kultur-und-wandern\/#primaryimage"},"thumbnailUrl":"https:\/\/kuka-trier.de\/wp-content\/uploads\/2024\/05\/2024-kuk-kultur-wandern-800x600-3.jpg","keywords":["Kein Button","KulturWandern","Vergangen"],"articleSection":["Begegnungen"],"inLanguage":"fr-FR"},{"@type":"WebPage","@id":"https:\/\/kuka-trier.de\/kultur-und-wandern\/","url":"https:\/\/kuka-trier.de\/kultur-und-wandern\/","name":"Culture et randonn\u00e9e #1","isPartOf":{"@id":"https:\/\/kuka-trier.de\/#website"},"primaryImageOfPage":{"@id":"https:\/\/kuka-trier.de\/kultur-und-wandern\/#primaryimage"},"image":{"@id":"https:\/\/kuka-trier.de\/kultur-und-wandern\/#primaryimage"},"thumbnailUrl":"https:\/\/kuka-trier.de\/wp-content\/uploads\/2024\/05\/2024-kuk-kultur-wandern-800x600-3.jpg","datePublished":"2024-05-08T07:38:29+00:00","dateModified":"2024-05-31T06:51:13+00:00","description":"Avec les concerts itin\u00e9rants, le Kulturkarawane associe des exp\u00e9riences uniques dans la nature \u00e0 des moments de concert riches en \u00e9motions.","breadcrumb":{"@id":"https:\/\/kuka-trier.de\/kultur-und-wandern\/#breadcrumb"},"inLanguage":"fr-FR","potentialAction":[{"@type":"ReadAction","target":["https:\/\/kuka-trier.de\/kultur-und-wandern\/"]}]},{"@type":"ImageObject","inLanguage":"fr-FR","@id":"https:\/\/kuka-trier.de\/kultur-und-wandern\/#primaryimage","url":"https:\/\/kuka-trier.de\/wp-content\/uploads\/2024\/05\/2024-kuk-kultur-wandern-800x600-3.jpg","contentUrl":"https:\/\/kuka-trier.de\/wp-content\/uploads\/2024\/05\/2024-kuk-kultur-wandern-800x600-3.jpg","width":800,"height":600,"caption":"Kultur & Wandern ausgebucht"},{"@type":"BreadcrumbList","@id":"https:\/\/kuka-trier.de\/kultur-und-wandern\/#breadcrumb","itemListElement":[{"@type":"ListItem","position":1,"name":"Startseite","item":"https:\/\/kuka-trier.de\/"},{"@type":"ListItem","position":2,"name":"Kultur &amp; Wandern #1"}]},{"@type":"WebSite","@id":"https:\/\/kuka-trier.de\/#website","url":"https:\/\/kuka-trier.de\/","name":"Kulturkarawane Tr\u00e8ves","description":"Vivre en couleurs","publisher":{"@id":"https:\/\/kuka-trier.de\/#organization"},"potentialAction":[{"@type":"SearchAction","target":{"@type":"EntryPoint","urlTemplate":"https:\/\/kuka-trier.de\/?s={search_term_string}"},"query-input":{"@type":"PropertyValueSpecification","valueRequired":true,"valueName":"search_term_string"}}],"inLanguage":"fr-FR"},{"@type":"Organization","@id":"https:\/\/kuka-trier.de\/#organization","name":"Kulturkarawane Tr\u00e8ves","url":"https:\/\/kuka-trier.de\/","logo":{"@type":"ImageObject","inLanguage":"fr-FR","@id":"https:\/\/kuka-trier.de\/#\/schema\/logo\/image\/","url":"https:\/\/kuka-trier.de\/wp-content\/uploads\/2022\/02\/cropped-KK19_Logo_color_26-12_web.png","contentUrl":"https:\/\/kuka-trier.de\/wp-content\/uploads\/2022\/02\/cropped-KK19_Logo_color_26-12_web.png","width":822,"height":340,"caption":"Kulturkarawane Trier"},"image":{"@id":"https:\/\/kuka-trier.de\/#\/schema\/logo\/image\/"}},{"@type":"Person","@id":"https:\/\/kuka-trier.de\/#\/schema\/person\/0e70983de674702cd8a6bd6656029617","name":"admin","image":{"@type":"ImageObject","inLanguage":"fr-FR","@id":"https:\/\/secure.gravatar.com\/avatar\/9a8eb49d2b2ccb1d3ebbd410bd75a2680c8aff6331ee1e34607e1a7ee6695d39?s=96&d=mm&r=g","url":"https:\/\/secure.gravatar.com\/avatar\/9a8eb49d2b2ccb1d3ebbd410bd75a2680c8aff6331ee1e34607e1a7ee6695d39?s=96&d=mm&r=g","contentUrl":"https:\/\/secure.gravatar.com\/avatar\/9a8eb49d2b2ccb1d3ebbd410bd75a2680c8aff6331ee1e34607e1a7ee6695d39?s=96&d=mm&r=g","caption":"admin"},"sameAs":["http:\/\/kuka-trier.de"],"url":"https:\/\/kuka-trier.de\/fr\/author\/admin\/"}]}},"_links":{"self":[{"href":"https:\/\/kuka-trier.de\/fr\/wp-json\/wp\/v2\/posts\/5409","targetHints":{"allow":["GET"]}}],"collection":[{"href":"https:\/\/kuka-trier.de\/fr\/wp-json\/wp\/v2\/posts"}],"about":[{"href":"https:\/\/kuka-trier.de\/fr\/wp-json\/wp\/v2\/types\/post"}],"author":[{"embeddable":true,"href":"https:\/\/kuka-trier.de\/fr\/wp-json\/wp\/v2\/users\/1"}],"replies":[{"embeddable":true,"href":"https:\/\/kuka-trier.de\/fr\/wp-json\/wp\/v2\/comments?post=5409"}],"version-history":[{"count":3,"href":"https:\/\/kuka-trier.de\/fr\/wp-json\/wp\/v2\/posts\/5409\/revisions"}],"predecessor-version":[{"id":5499,"href":"https:\/\/kuka-trier.de\/fr\/wp-json\/wp\/v2\/posts\/5409\/revisions\/5499"}],"wp:featuredmedia":[{"embeddable":true,"href":"https:\/\/kuka-trier.de\/fr\/wp-json\/wp\/v2\/media\/5507"}],"wp:attachment":[{"href":"https:\/\/kuka-trier.de\/fr\/wp-json\/wp\/v2\/media?parent=5409"}],"wp:term":[{"taxonomy":"category","embeddable":true,"href":"https:\/\/kuka-trier.de\/fr\/wp-json\/wp\/v2\/categories?post=5409"},{"taxonomy":"post_tag","embeddable":true,"href":"https:\/\/kuka-trier.de\/fr\/wp-json\/wp\/v2\/tags?post=5409"}],"curies":[{"name":"wp","href":"https:\/\/api.w.org\/{rel}","templated":true}]}}