{"id":5503,"date":"2024-05-17T10:06:28","date_gmt":"2024-05-17T10:06:28","guid":{"rendered":"https:\/\/kuka-trier.de\/?p=5503"},"modified":"2024-06-13T09:52:00","modified_gmt":"2024-06-13T09:52:00","slug":"ortsteilkonzert-gartenfeld-mitte-kayam","status":"publish","type":"post","link":"https:\/\/kuka-trier.de\/fr\/ortsteilkonzert-gartenfeld-mitte-kayam\/","title":{"rendered":"Concert de quartier Gartenfeld-Mitte - KAYAM"},"content":{"rendered":"<p><strong>Concert de quartier de la Kulturkarawane sur la place St Paul avec \"Kayam\".<\/strong><\/p>\n\n\n\n<p>Le 7 juin, Kulturkarawane organise son premier concert de quartier en 2024 sur la place Saint-Paul. <strong>Avec le soutien du conseil local de Gartenfeld-Mitte, les spectateurs peuvent s'attendre \u00e0 voir le groupe \"Kayam\".<\/strong> L'entr\u00e9e au concert en plein air sera pay\u00e9e sur place sur une base volontaire. Le d\u00e9but est pr\u00e9vu \u00e0 20h00 sur la place Saint-Paul.<\/p>\n\n\n\n<figure class=\"wp-block-embed is-type-video is-provider-youtube wp-block-embed-youtube wp-embed-aspect-16-9 wp-has-aspect-ratio\"><div class=\"wp-block-embed__wrapper\">\n<iframe title=\"KAYAM - Lately (Live at Dreamhouse)\" width=\"800\" height=\"450\" src=\"https:\/\/www.youtube.com\/embed\/xmyQjYR8A_M?feature=oembed\" frameborder=\"0\" allow=\"accelerometer; autoplay; clipboard-write; encrypted-media; gyroscope; picture-in-picture; web-share\" referrerpolicy=\"strict-origin-when-cross-origin\" allowfullscreen><\/iframe>\n<\/div><\/figure>\n\n\n\n<p>Avec ses concerts de quartier, Kulturkarawane souhaite animer les quartiers de Tr\u00e8ves avec la culture pop-up et cr\u00e9er des lieux communautaires dans l'espace urbain. Tu peux apporter ta propre nourriture et tes propres boissons. Sur place, il y aura un snack avec des plats \u00e0 emporter et une quantit\u00e9 limit\u00e9e de boissons fra\u00eeches.<\/p>","protected":false},"excerpt":{"rendered":"<p>PETIT AUTRE<br \/>Vendredi 7 juin - 20h <br \/>Place Saint-Paul<br \/>Entr\u00e9e gratuite !<\/p>","protected":false},"author":1,"featured_media":5524,"comment_status":"closed","ping_status":"closed","sticky":false,"template":"","format":"standard","meta":{"_jf_save_progress":"","footnotes":""},"categories":[11],"tags":[17,38,48],"class_list":["post-5503","post","type-post","status-publish","format-standard","has-post-thumbnail","hentry","category-musik","tag-klein-anders","tag-kostenlos","tag-vergangen"],"yoast_head":"<!-- This site is optimized with the Yoast SEO plugin v27.5 - https:\/\/yoast.com\/product\/yoast-seo-wordpress\/ -->\n<title>Ortsteilkonzert Gartenfeld-Mitte - KAYAM<\/title>\n<meta name=\"description\" content=\"Ortsteilkonzert mit Kayam auf dem Paulusplatz am Freitag, 7. Juni 2024\" \/>\n<meta name=\"robots\" content=\"index, follow, max-snippet:-1, max-image-preview:large, max-video-preview:-1\" \/>\n<link rel=\"canonical\" href=\"https:\/\/kuka-trier.de\/fr\/ortsteilkonzert-gartenfeld-mitte-kayam\/\" \/>\n<meta property=\"og:locale\" content=\"fr_FR\" \/>\n<meta property=\"og:type\" content=\"article\" \/>\n<meta property=\"og:title\" content=\"Ortsteilkonzert Gartenfeld-Mitte - KAYAM\" \/>\n<meta property=\"og:description\" content=\"Ortsteilkonzert mit Kayam auf dem Paulusplatz am Freitag, 7. Juni 2024\" \/>\n<meta property=\"og:url\" content=\"https:\/\/kuka-trier.de\/fr\/ortsteilkonzert-gartenfeld-mitte-kayam\/\" \/>\n<meta property=\"og:site_name\" content=\"Kulturkarawane Trier\" \/>\n<meta property=\"article:published_time\" content=\"2024-05-17T10:06:28+00:00\" \/>\n<meta property=\"article:modified_time\" content=\"2024-06-13T09:52:00+00:00\" \/>\n<meta property=\"og:image\" content=\"https:\/\/kuka-trier.de\/wp-content\/uploads\/2024\/05\/2024-Kayam-800x600-1.jpg\" \/>\n\t<meta property=\"og:image:width\" content=\"800\" \/>\n\t<meta property=\"og:image:height\" content=\"600\" \/>\n\t<meta property=\"og:image:type\" content=\"image\/jpeg\" \/>\n<meta name=\"author\" content=\"admin\" \/>\n<meta name=\"twitter:card\" content=\"summary_large_image\" \/>\n<meta name=\"twitter:label1\" content=\"\u00c9crit par\" \/>\n\t<meta name=\"twitter:data1\" content=\"admin\" \/>\n\t<meta name=\"twitter:label2\" content=\"Dur\u00e9e de lecture estim\u00e9e\" \/>\n\t<meta name=\"twitter:data2\" content=\"1 minute\" \/>\n<script type=\"application\/ld+json\" class=\"yoast-schema-graph\">{\"@context\":\"https:\\\/\\\/schema.org\",\"@graph\":[{\"@type\":\"Article\",\"@id\":\"https:\\\/\\\/kuka-trier.de\\\/ortsteilkonzert-gartenfeld-mitte-kayam\\\/#article\",\"isPartOf\":{\"@id\":\"https:\\\/\\\/kuka-trier.de\\\/ortsteilkonzert-gartenfeld-mitte-kayam\\\/\"},\"author\":{\"name\":\"admin\",\"@id\":\"https:\\\/\\\/kuka-trier.de\\\/#\\\/schema\\\/person\\\/0e70983de674702cd8a6bd6656029617\"},\"headline\":\"Ortsteilkonzert Gartenfeld-Mitte &#8211; KAYAM\",\"datePublished\":\"2024-05-17T10:06:28+00:00\",\"dateModified\":\"2024-06-13T09:52:00+00:00\",\"mainEntityOfPage\":{\"@id\":\"https:\\\/\\\/kuka-trier.de\\\/ortsteilkonzert-gartenfeld-mitte-kayam\\\/\"},\"wordCount\":113,\"publisher\":{\"@id\":\"https:\\\/\\\/kuka-trier.de\\\/#organization\"},\"image\":{\"@id\":\"https:\\\/\\\/kuka-trier.de\\\/ortsteilkonzert-gartenfeld-mitte-kayam\\\/#primaryimage\"},\"thumbnailUrl\":\"https:\\\/\\\/kuka-trier.de\\\/wp-content\\\/uploads\\\/2024\\\/05\\\/2024-Kayam-800x600-1.jpg\",\"keywords\":[\"Klein Anders\",\"Kostenlos\",\"Vergangen\"],\"articleSection\":[\"Musik\"],\"inLanguage\":\"fr-FR\"},{\"@type\":\"WebPage\",\"@id\":\"https:\\\/\\\/kuka-trier.de\\\/ortsteilkonzert-gartenfeld-mitte-kayam\\\/\",\"url\":\"https:\\\/\\\/kuka-trier.de\\\/ortsteilkonzert-gartenfeld-mitte-kayam\\\/\",\"name\":\"Ortsteilkonzert Gartenfeld-Mitte - KAYAM\",\"isPartOf\":{\"@id\":\"https:\\\/\\\/kuka-trier.de\\\/#website\"},\"primaryImageOfPage\":{\"@id\":\"https:\\\/\\\/kuka-trier.de\\\/ortsteilkonzert-gartenfeld-mitte-kayam\\\/#primaryimage\"},\"image\":{\"@id\":\"https:\\\/\\\/kuka-trier.de\\\/ortsteilkonzert-gartenfeld-mitte-kayam\\\/#primaryimage\"},\"thumbnailUrl\":\"https:\\\/\\\/kuka-trier.de\\\/wp-content\\\/uploads\\\/2024\\\/05\\\/2024-Kayam-800x600-1.jpg\",\"datePublished\":\"2024-05-17T10:06:28+00:00\",\"dateModified\":\"2024-06-13T09:52:00+00:00\",\"description\":\"Ortsteilkonzert mit Kayam auf dem Paulusplatz am Freitag, 7. Juni 2024\",\"breadcrumb\":{\"@id\":\"https:\\\/\\\/kuka-trier.de\\\/ortsteilkonzert-gartenfeld-mitte-kayam\\\/#breadcrumb\"},\"inLanguage\":\"fr-FR\",\"potentialAction\":[{\"@type\":\"ReadAction\",\"target\":[\"https:\\\/\\\/kuka-trier.de\\\/ortsteilkonzert-gartenfeld-mitte-kayam\\\/\"]}]},{\"@type\":\"ImageObject\",\"inLanguage\":\"fr-FR\",\"@id\":\"https:\\\/\\\/kuka-trier.de\\\/ortsteilkonzert-gartenfeld-mitte-kayam\\\/#primaryimage\",\"url\":\"https:\\\/\\\/kuka-trier.de\\\/wp-content\\\/uploads\\\/2024\\\/05\\\/2024-Kayam-800x600-1.jpg\",\"contentUrl\":\"https:\\\/\\\/kuka-trier.de\\\/wp-content\\\/uploads\\\/2024\\\/05\\\/2024-Kayam-800x600-1.jpg\",\"width\":800,\"height\":600,\"caption\":\"Kayam\"},{\"@type\":\"BreadcrumbList\",\"@id\":\"https:\\\/\\\/kuka-trier.de\\\/ortsteilkonzert-gartenfeld-mitte-kayam\\\/#breadcrumb\",\"itemListElement\":[{\"@type\":\"ListItem\",\"position\":1,\"name\":\"Startseite\",\"item\":\"https:\\\/\\\/kuka-trier.de\\\/\"},{\"@type\":\"ListItem\",\"position\":2,\"name\":\"Ortsteilkonzert Gartenfeld-Mitte &#8211; KAYAM\"}]},{\"@type\":\"WebSite\",\"@id\":\"https:\\\/\\\/kuka-trier.de\\\/#website\",\"url\":\"https:\\\/\\\/kuka-trier.de\\\/\",\"name\":\"Kulturkarawane Trier\",\"description\":\"BuntERleben\",\"publisher\":{\"@id\":\"https:\\\/\\\/kuka-trier.de\\\/#organization\"},\"potentialAction\":[{\"@type\":\"SearchAction\",\"target\":{\"@type\":\"EntryPoint\",\"urlTemplate\":\"https:\\\/\\\/kuka-trier.de\\\/?s={search_term_string}\"},\"query-input\":{\"@type\":\"PropertyValueSpecification\",\"valueRequired\":true,\"valueName\":\"search_term_string\"}}],\"inLanguage\":\"fr-FR\"},{\"@type\":\"Organization\",\"@id\":\"https:\\\/\\\/kuka-trier.de\\\/#organization\",\"name\":\"Kulturkarawane Trier\",\"url\":\"https:\\\/\\\/kuka-trier.de\\\/\",\"logo\":{\"@type\":\"ImageObject\",\"inLanguage\":\"fr-FR\",\"@id\":\"https:\\\/\\\/kuka-trier.de\\\/#\\\/schema\\\/logo\\\/image\\\/\",\"url\":\"https:\\\/\\\/kuka-trier.de\\\/wp-content\\\/uploads\\\/2022\\\/02\\\/cropped-KK19_Logo_color_26-12_web.png\",\"contentUrl\":\"https:\\\/\\\/kuka-trier.de\\\/wp-content\\\/uploads\\\/2022\\\/02\\\/cropped-KK19_Logo_color_26-12_web.png\",\"width\":822,\"height\":340,\"caption\":\"Kulturkarawane Trier\"},\"image\":{\"@id\":\"https:\\\/\\\/kuka-trier.de\\\/#\\\/schema\\\/logo\\\/image\\\/\"}},{\"@type\":\"Person\",\"@id\":\"https:\\\/\\\/kuka-trier.de\\\/#\\\/schema\\\/person\\\/0e70983de674702cd8a6bd6656029617\",\"name\":\"admin\",\"image\":{\"@type\":\"ImageObject\",\"inLanguage\":\"fr-FR\",\"@id\":\"https:\\\/\\\/secure.gravatar.com\\\/avatar\\\/9a8eb49d2b2ccb1d3ebbd410bd75a2680c8aff6331ee1e34607e1a7ee6695d39?s=96&d=mm&r=g\",\"url\":\"https:\\\/\\\/secure.gravatar.com\\\/avatar\\\/9a8eb49d2b2ccb1d3ebbd410bd75a2680c8aff6331ee1e34607e1a7ee6695d39?s=96&d=mm&r=g\",\"contentUrl\":\"https:\\\/\\\/secure.gravatar.com\\\/avatar\\\/9a8eb49d2b2ccb1d3ebbd410bd75a2680c8aff6331ee1e34607e1a7ee6695d39?s=96&d=mm&r=g\",\"caption\":\"admin\"},\"sameAs\":[\"http:\\\/\\\/kuka-trier.de\"],\"url\":\"https:\\\/\\\/kuka-trier.de\\\/fr\\\/author\\\/admin\\\/\"}]}<\/script>\n<!-- \/ Yoast SEO plugin. -->","yoast_head_json":{"title":"Concert de quartier Gartenfeld-Mitte - KAYAM","description":"Concert de quartier avec Kayam sur la place Saint-Paul le vendredi 7 juin 2024","robots":{"index":"index","follow":"follow","max-snippet":"max-snippet:-1","max-image-preview":"max-image-preview:large","max-video-preview":"max-video-preview:-1"},"canonical":"https:\/\/kuka-trier.de\/fr\/ortsteilkonzert-gartenfeld-mitte-kayam\/","og_locale":"fr_FR","og_type":"article","og_title":"Ortsteilkonzert Gartenfeld-Mitte - KAYAM","og_description":"Ortsteilkonzert mit Kayam auf dem Paulusplatz am Freitag, 7. Juni 2024","og_url":"https:\/\/kuka-trier.de\/fr\/ortsteilkonzert-gartenfeld-mitte-kayam\/","og_site_name":"Kulturkarawane Trier","article_published_time":"2024-05-17T10:06:28+00:00","article_modified_time":"2024-06-13T09:52:00+00:00","og_image":[{"width":800,"height":600,"url":"https:\/\/kuka-trier.de\/wp-content\/uploads\/2024\/05\/2024-Kayam-800x600-1.jpg","type":"image\/jpeg"}],"author":"admin","twitter_card":"summary_large_image","twitter_misc":{"\u00c9crit par":"admin","Dur\u00e9e de lecture estim\u00e9e":"1 minute"},"schema":{"@context":"https:\/\/schema.org","@graph":[{"@type":"Article","@id":"https:\/\/kuka-trier.de\/ortsteilkonzert-gartenfeld-mitte-kayam\/#article","isPartOf":{"@id":"https:\/\/kuka-trier.de\/ortsteilkonzert-gartenfeld-mitte-kayam\/"},"author":{"name":"admin","@id":"https:\/\/kuka-trier.de\/#\/schema\/person\/0e70983de674702cd8a6bd6656029617"},"headline":"Ortsteilkonzert Gartenfeld-Mitte &#8211; KAYAM","datePublished":"2024-05-17T10:06:28+00:00","dateModified":"2024-06-13T09:52:00+00:00","mainEntityOfPage":{"@id":"https:\/\/kuka-trier.de\/ortsteilkonzert-gartenfeld-mitte-kayam\/"},"wordCount":113,"publisher":{"@id":"https:\/\/kuka-trier.de\/#organization"},"image":{"@id":"https:\/\/kuka-trier.de\/ortsteilkonzert-gartenfeld-mitte-kayam\/#primaryimage"},"thumbnailUrl":"https:\/\/kuka-trier.de\/wp-content\/uploads\/2024\/05\/2024-Kayam-800x600-1.jpg","keywords":["Klein Anders","Kostenlos","Vergangen"],"articleSection":["Musik"],"inLanguage":"fr-FR"},{"@type":"WebPage","@id":"https:\/\/kuka-trier.de\/ortsteilkonzert-gartenfeld-mitte-kayam\/","url":"https:\/\/kuka-trier.de\/ortsteilkonzert-gartenfeld-mitte-kayam\/","name":"Concert de quartier Gartenfeld-Mitte - KAYAM","isPartOf":{"@id":"https:\/\/kuka-trier.de\/#website"},"primaryImageOfPage":{"@id":"https:\/\/kuka-trier.de\/ortsteilkonzert-gartenfeld-mitte-kayam\/#primaryimage"},"image":{"@id":"https:\/\/kuka-trier.de\/ortsteilkonzert-gartenfeld-mitte-kayam\/#primaryimage"},"thumbnailUrl":"https:\/\/kuka-trier.de\/wp-content\/uploads\/2024\/05\/2024-Kayam-800x600-1.jpg","datePublished":"2024-05-17T10:06:28+00:00","dateModified":"2024-06-13T09:52:00+00:00","description":"Concert de quartier avec Kayam sur la place Saint-Paul le vendredi 7 juin 2024","breadcrumb":{"@id":"https:\/\/kuka-trier.de\/ortsteilkonzert-gartenfeld-mitte-kayam\/#breadcrumb"},"inLanguage":"fr-FR","potentialAction":[{"@type":"ReadAction","target":["https:\/\/kuka-trier.de\/ortsteilkonzert-gartenfeld-mitte-kayam\/"]}]},{"@type":"ImageObject","inLanguage":"fr-FR","@id":"https:\/\/kuka-trier.de\/ortsteilkonzert-gartenfeld-mitte-kayam\/#primaryimage","url":"https:\/\/kuka-trier.de\/wp-content\/uploads\/2024\/05\/2024-Kayam-800x600-1.jpg","contentUrl":"https:\/\/kuka-trier.de\/wp-content\/uploads\/2024\/05\/2024-Kayam-800x600-1.jpg","width":800,"height":600,"caption":"Kayam"},{"@type":"BreadcrumbList","@id":"https:\/\/kuka-trier.de\/ortsteilkonzert-gartenfeld-mitte-kayam\/#breadcrumb","itemListElement":[{"@type":"ListItem","position":1,"name":"Startseite","item":"https:\/\/kuka-trier.de\/"},{"@type":"ListItem","position":2,"name":"Ortsteilkonzert Gartenfeld-Mitte &#8211; KAYAM"}]},{"@type":"WebSite","@id":"https:\/\/kuka-trier.de\/#website","url":"https:\/\/kuka-trier.de\/","name":"Kulturkarawane Tr\u00e8ves","description":"Vivre en couleurs","publisher":{"@id":"https:\/\/kuka-trier.de\/#organization"},"potentialAction":[{"@type":"SearchAction","target":{"@type":"EntryPoint","urlTemplate":"https:\/\/kuka-trier.de\/?s={search_term_string}"},"query-input":{"@type":"PropertyValueSpecification","valueRequired":true,"valueName":"search_term_string"}}],"inLanguage":"fr-FR"},{"@type":"Organization","@id":"https:\/\/kuka-trier.de\/#organization","name":"Kulturkarawane Tr\u00e8ves","url":"https:\/\/kuka-trier.de\/","logo":{"@type":"ImageObject","inLanguage":"fr-FR","@id":"https:\/\/kuka-trier.de\/#\/schema\/logo\/image\/","url":"https:\/\/kuka-trier.de\/wp-content\/uploads\/2022\/02\/cropped-KK19_Logo_color_26-12_web.png","contentUrl":"https:\/\/kuka-trier.de\/wp-content\/uploads\/2022\/02\/cropped-KK19_Logo_color_26-12_web.png","width":822,"height":340,"caption":"Kulturkarawane Trier"},"image":{"@id":"https:\/\/kuka-trier.de\/#\/schema\/logo\/image\/"}},{"@type":"Person","@id":"https:\/\/kuka-trier.de\/#\/schema\/person\/0e70983de674702cd8a6bd6656029617","name":"admin","image":{"@type":"ImageObject","inLanguage":"fr-FR","@id":"https:\/\/secure.gravatar.com\/avatar\/9a8eb49d2b2ccb1d3ebbd410bd75a2680c8aff6331ee1e34607e1a7ee6695d39?s=96&d=mm&r=g","url":"https:\/\/secure.gravatar.com\/avatar\/9a8eb49d2b2ccb1d3ebbd410bd75a2680c8aff6331ee1e34607e1a7ee6695d39?s=96&d=mm&r=g","contentUrl":"https:\/\/secure.gravatar.com\/avatar\/9a8eb49d2b2ccb1d3ebbd410bd75a2680c8aff6331ee1e34607e1a7ee6695d39?s=96&d=mm&r=g","caption":"admin"},"sameAs":["http:\/\/kuka-trier.de"],"url":"https:\/\/kuka-trier.de\/fr\/author\/admin\/"}]}},"_links":{"self":[{"href":"https:\/\/kuka-trier.de\/fr\/wp-json\/wp\/v2\/posts\/5503","targetHints":{"allow":["GET"]}}],"collection":[{"href":"https:\/\/kuka-trier.de\/fr\/wp-json\/wp\/v2\/posts"}],"about":[{"href":"https:\/\/kuka-trier.de\/fr\/wp-json\/wp\/v2\/types\/post"}],"author":[{"embeddable":true,"href":"https:\/\/kuka-trier.de\/fr\/wp-json\/wp\/v2\/users\/1"}],"replies":[{"embeddable":true,"href":"https:\/\/kuka-trier.de\/fr\/wp-json\/wp\/v2\/comments?post=5503"}],"version-history":[{"count":8,"href":"https:\/\/kuka-trier.de\/fr\/wp-json\/wp\/v2\/posts\/5503\/revisions"}],"predecessor-version":[{"id":5534,"href":"https:\/\/kuka-trier.de\/fr\/wp-json\/wp\/v2\/posts\/5503\/revisions\/5534"}],"wp:featuredmedia":[{"embeddable":true,"href":"https:\/\/kuka-trier.de\/fr\/wp-json\/wp\/v2\/media\/5524"}],"wp:attachment":[{"href":"https:\/\/kuka-trier.de\/fr\/wp-json\/wp\/v2\/media?parent=5503"}],"wp:term":[{"taxonomy":"category","embeddable":true,"href":"https:\/\/kuka-trier.de\/fr\/wp-json\/wp\/v2\/categories?post=5503"},{"taxonomy":"post_tag","embeddable":true,"href":"https:\/\/kuka-trier.de\/fr\/wp-json\/wp\/v2\/tags?post=5503"}],"curies":[{"name":"wp","href":"https:\/\/api.w.org\/{rel}","templated":true}]}}