{"id":5517,"date":"2024-05-21T11:50:14","date_gmt":"2024-05-21T11:50:14","guid":{"rendered":"https:\/\/kuka-trier.de\/?p=5517"},"modified":"2024-06-13T09:51:01","modified_gmt":"2024-06-13T09:51:01","slug":"mini-meet-up-moselpop","status":"publish","type":"post","link":"https:\/\/kuka-trier.de\/fr\/mini-meet-up-moselpop\/","title":{"rendered":"MoselPop - R\u00e9seau pour la culture \u00e9v\u00e9nementielle"},"content":{"rendered":"<div data-elementor-type=\"wp-post\" data-elementor-id=\"5517\" class=\"elementor elementor-5517\" data-elementor-post-type=\"post\">\n\t\t\t\t\t\t<section class=\"elementor-section elementor-top-section elementor-element elementor-element-583c8950 elementor-section-boxed elementor-section-height-default elementor-section-height-default\" data-id=\"583c8950\" data-element_type=\"section\" data-e-type=\"section\">\n\t\t\t\t\t\t<div class=\"elementor-container elementor-column-gap-default\">\n\t\t\t\t\t<div class=\"elementor-column elementor-col-100 elementor-top-column elementor-element elementor-element-61f18408\" data-id=\"61f18408\" data-element_type=\"column\" data-e-type=\"column\">\n\t\t\t<div class=\"elementor-widget-wrap elementor-element-populated\">\n\t\t\t\t\t\t<div class=\"elementor-element elementor-element-405dfe99 elementor-widget elementor-widget-text-editor\" data-id=\"405dfe99\" data-element_type=\"widget\" data-e-type=\"widget\" data-widget_type=\"text-editor.default\">\n\t\t\t\t<div class=\"elementor-widget-container\">\n\t\t\t\t\t\t\t\t\t<p>Le 7 juin, la Kulturkarawane organise sur la place St Paul un\u00a0<strong>\"Mini Meet Up\" autour de leur dernier projet \"MoselPop - R\u00e9seau pour la culture \u00e9v\u00e9nementielle\".<\/strong>\u00a0Pr\u00e9senter.<\/p>\n<p>En collaboration avec Initiative Musik, le minist\u00e8re de l'\u00e9conomie de Rh\u00e9nanie-Palatinat et Pop RLP, Kulturkarawane souhaite \u00e9tablir un r\u00e9seau entre les organisateurs culturels alternatifs le long de la Moselle.\u00a0<strong>Le Mini Meet Up avec des boissons fra\u00eeches aura lieu avant le premier concert de quartier 2024 de 18h00 \u00e0 19h30.<\/strong>\u00a0Il est demand\u00e9 de s'inscrire sans formalit\u00e9s \u00e0\u00a0<a href=\"mailto:info@kultur-karawane.de\" target=\"_blank\" rel=\"noreferrer noopener\">info@kultur-karawane.de<\/a>\u00a0est demand\u00e9.<\/p>\t\t\t\t\t\t\t\t<\/div>\n\t\t\t\t<\/div>\n\t\t\t\t<div class=\"elementor-element elementor-element-60c8a2b elementor-widget elementor-widget-button\" data-id=\"60c8a2b\" data-element_type=\"widget\" data-e-type=\"widget\" data-widget_type=\"button.default\">\n\t\t\t\t<div class=\"elementor-widget-container\">\n\t\t\t\t\t\t\t\t\t<div class=\"elementor-button-wrapper\">\n\t\t\t\t\t<a class=\"elementor-button elementor-button-link elementor-size-sm\" href=\"https:\/\/moselpop.de\/\" target=\"_blank\">\n\t\t\t\t\t\t<span class=\"elementor-button-content-wrapper\">\n\t\t\t\t\t\t<span class=\"elementor-button-icon\">\n\t\t\t\t<i aria-hidden=\"true\" class=\"fas fa-external-link-alt\"><\/i>\t\t\t<\/span>\n\t\t\t\t\t\t\t\t\t<span class=\"elementor-button-text\">Plus d'infos sur le r\u00e9seau MoselPop<\/span>\n\t\t\t\t\t<\/span>\n\t\t\t\t\t<\/a>\n\t\t\t\t<\/div>\n\t\t\t\t\t\t\t\t<\/div>\n\t\t\t\t<\/div>\n\t\t\t\t\t<\/div>\n\t\t<\/div>\n\t\t\t\t\t<\/div>\n\t\t<\/section>\n\t\t\t\t<\/div>","protected":false},"excerpt":{"rendered":"<p>Mini-Meet-Up MoselPop<br \/>Vendredi 7 juin - 18h <br \/>Place Saint-Paul \u00e0 Tr\u00e8ves<\/p>","protected":false},"author":1,"featured_media":5725,"comment_status":"closed","ping_status":"closed","sticky":false,"template":"","format":"standard","meta":{"_jf_save_progress":"","footnotes":""},"categories":[43],"tags":[38,48],"class_list":["post-5517","post","type-post","status-publish","format-standard","has-post-thumbnail","hentry","category-begegnungen","tag-kostenlos","tag-vergangen"],"yoast_head":"<!-- This site is optimized with the Yoast SEO plugin v27.5 - https:\/\/yoast.com\/product\/yoast-seo-wordpress\/ -->\n<title>MoselPop - Netzwerk f\u00fcr Veranstaltungskultur<\/title>\n<meta name=\"description\" content=\"Mini-Meet-Up am 7. Juni zum neuesten KuKa Projekt &quot;MoselPop - Netzwerk f\u00fcr Veranstaltungskultur&quot;\" \/>\n<meta name=\"robots\" content=\"index, follow, max-snippet:-1, max-image-preview:large, max-video-preview:-1\" \/>\n<link rel=\"canonical\" href=\"https:\/\/kuka-trier.de\/fr\/mini-meet-up-moselpop\/\" \/>\n<meta property=\"og:locale\" content=\"fr_FR\" \/>\n<meta property=\"og:type\" content=\"article\" \/>\n<meta property=\"og:title\" content=\"MoselPop - Netzwerk f\u00fcr Veranstaltungskultur\" \/>\n<meta property=\"og:description\" content=\"Mini-Meet-Up am 7. Juni zum neuesten KuKa Projekt &quot;MoselPop - Netzwerk f\u00fcr Veranstaltungskultur&quot;\" \/>\n<meta property=\"og:url\" content=\"https:\/\/kuka-trier.de\/fr\/mini-meet-up-moselpop\/\" \/>\n<meta property=\"og:site_name\" content=\"Kulturkarawane Trier\" \/>\n<meta property=\"article:published_time\" content=\"2024-05-21T11:50:14+00:00\" \/>\n<meta property=\"article:modified_time\" content=\"2024-06-13T09:51:01+00:00\" \/>\n<meta property=\"og:image\" content=\"https:\/\/kuka-trier.de\/wp-content\/uploads\/2024\/05\/MOP-800x600-px.jpg\" \/>\n\t<meta property=\"og:image:width\" content=\"800\" \/>\n\t<meta property=\"og:image:height\" content=\"600\" \/>\n\t<meta property=\"og:image:type\" content=\"image\/jpeg\" \/>\n<meta name=\"author\" content=\"admin\" \/>\n<meta name=\"twitter:card\" content=\"summary_large_image\" \/>\n<meta name=\"twitter:label1\" content=\"\u00c9crit par\" \/>\n\t<meta name=\"twitter:data1\" content=\"admin\" \/>\n\t<meta name=\"twitter:label2\" content=\"Dur\u00e9e de lecture estim\u00e9e\" \/>\n\t<meta name=\"twitter:data2\" content=\"1 minute\" \/>\n<script type=\"application\/ld+json\" class=\"yoast-schema-graph\">{\"@context\":\"https:\\\/\\\/schema.org\",\"@graph\":[{\"@type\":\"Article\",\"@id\":\"https:\\\/\\\/kuka-trier.de\\\/mini-meet-up-moselpop\\\/#article\",\"isPartOf\":{\"@id\":\"https:\\\/\\\/kuka-trier.de\\\/mini-meet-up-moselpop\\\/\"},\"author\":{\"name\":\"admin\",\"@id\":\"https:\\\/\\\/kuka-trier.de\\\/#\\\/schema\\\/person\\\/0e70983de674702cd8a6bd6656029617\"},\"headline\":\"MoselPop &#8211; Netzwerk f\u00fcr Veranstaltungskultur\",\"datePublished\":\"2024-05-21T11:50:14+00:00\",\"dateModified\":\"2024-06-13T09:51:01+00:00\",\"mainEntityOfPage\":{\"@id\":\"https:\\\/\\\/kuka-trier.de\\\/mini-meet-up-moselpop\\\/\"},\"wordCount\":87,\"publisher\":{\"@id\":\"https:\\\/\\\/kuka-trier.de\\\/#organization\"},\"image\":{\"@id\":\"https:\\\/\\\/kuka-trier.de\\\/mini-meet-up-moselpop\\\/#primaryimage\"},\"thumbnailUrl\":\"https:\\\/\\\/kuka-trier.de\\\/wp-content\\\/uploads\\\/2024\\\/05\\\/MOP-800x600-px.jpg\",\"keywords\":[\"Kostenlos\",\"Vergangen\"],\"articleSection\":[\"Begegnungen\"],\"inLanguage\":\"fr-FR\"},{\"@type\":\"WebPage\",\"@id\":\"https:\\\/\\\/kuka-trier.de\\\/mini-meet-up-moselpop\\\/\",\"url\":\"https:\\\/\\\/kuka-trier.de\\\/mini-meet-up-moselpop\\\/\",\"name\":\"MoselPop - Netzwerk f\u00fcr Veranstaltungskultur\",\"isPartOf\":{\"@id\":\"https:\\\/\\\/kuka-trier.de\\\/#website\"},\"primaryImageOfPage\":{\"@id\":\"https:\\\/\\\/kuka-trier.de\\\/mini-meet-up-moselpop\\\/#primaryimage\"},\"image\":{\"@id\":\"https:\\\/\\\/kuka-trier.de\\\/mini-meet-up-moselpop\\\/#primaryimage\"},\"thumbnailUrl\":\"https:\\\/\\\/kuka-trier.de\\\/wp-content\\\/uploads\\\/2024\\\/05\\\/MOP-800x600-px.jpg\",\"datePublished\":\"2024-05-21T11:50:14+00:00\",\"dateModified\":\"2024-06-13T09:51:01+00:00\",\"description\":\"Mini-Meet-Up am 7. Juni zum neuesten KuKa Projekt \\\"MoselPop - Netzwerk f\u00fcr Veranstaltungskultur\\\"\",\"breadcrumb\":{\"@id\":\"https:\\\/\\\/kuka-trier.de\\\/mini-meet-up-moselpop\\\/#breadcrumb\"},\"inLanguage\":\"fr-FR\",\"potentialAction\":[{\"@type\":\"ReadAction\",\"target\":[\"https:\\\/\\\/kuka-trier.de\\\/mini-meet-up-moselpop\\\/\"]}]},{\"@type\":\"ImageObject\",\"inLanguage\":\"fr-FR\",\"@id\":\"https:\\\/\\\/kuka-trier.de\\\/mini-meet-up-moselpop\\\/#primaryimage\",\"url\":\"https:\\\/\\\/kuka-trier.de\\\/wp-content\\\/uploads\\\/2024\\\/05\\\/MOP-800x600-px.jpg\",\"contentUrl\":\"https:\\\/\\\/kuka-trier.de\\\/wp-content\\\/uploads\\\/2024\\\/05\\\/MOP-800x600-px.jpg\",\"width\":800,\"height\":600},{\"@type\":\"BreadcrumbList\",\"@id\":\"https:\\\/\\\/kuka-trier.de\\\/mini-meet-up-moselpop\\\/#breadcrumb\",\"itemListElement\":[{\"@type\":\"ListItem\",\"position\":1,\"name\":\"Startseite\",\"item\":\"https:\\\/\\\/kuka-trier.de\\\/\"},{\"@type\":\"ListItem\",\"position\":2,\"name\":\"MoselPop &#8211; Netzwerk f\u00fcr Veranstaltungskultur\"}]},{\"@type\":\"WebSite\",\"@id\":\"https:\\\/\\\/kuka-trier.de\\\/#website\",\"url\":\"https:\\\/\\\/kuka-trier.de\\\/\",\"name\":\"Kulturkarawane Trier\",\"description\":\"BuntERleben\",\"publisher\":{\"@id\":\"https:\\\/\\\/kuka-trier.de\\\/#organization\"},\"potentialAction\":[{\"@type\":\"SearchAction\",\"target\":{\"@type\":\"EntryPoint\",\"urlTemplate\":\"https:\\\/\\\/kuka-trier.de\\\/?s={search_term_string}\"},\"query-input\":{\"@type\":\"PropertyValueSpecification\",\"valueRequired\":true,\"valueName\":\"search_term_string\"}}],\"inLanguage\":\"fr-FR\"},{\"@type\":\"Organization\",\"@id\":\"https:\\\/\\\/kuka-trier.de\\\/#organization\",\"name\":\"Kulturkarawane Trier\",\"url\":\"https:\\\/\\\/kuka-trier.de\\\/\",\"logo\":{\"@type\":\"ImageObject\",\"inLanguage\":\"fr-FR\",\"@id\":\"https:\\\/\\\/kuka-trier.de\\\/#\\\/schema\\\/logo\\\/image\\\/\",\"url\":\"https:\\\/\\\/kuka-trier.de\\\/wp-content\\\/uploads\\\/2022\\\/02\\\/cropped-KK19_Logo_color_26-12_web.png\",\"contentUrl\":\"https:\\\/\\\/kuka-trier.de\\\/wp-content\\\/uploads\\\/2022\\\/02\\\/cropped-KK19_Logo_color_26-12_web.png\",\"width\":822,\"height\":340,\"caption\":\"Kulturkarawane Trier\"},\"image\":{\"@id\":\"https:\\\/\\\/kuka-trier.de\\\/#\\\/schema\\\/logo\\\/image\\\/\"}},{\"@type\":\"Person\",\"@id\":\"https:\\\/\\\/kuka-trier.de\\\/#\\\/schema\\\/person\\\/0e70983de674702cd8a6bd6656029617\",\"name\":\"admin\",\"image\":{\"@type\":\"ImageObject\",\"inLanguage\":\"fr-FR\",\"@id\":\"https:\\\/\\\/secure.gravatar.com\\\/avatar\\\/9a8eb49d2b2ccb1d3ebbd410bd75a2680c8aff6331ee1e34607e1a7ee6695d39?s=96&d=mm&r=g\",\"url\":\"https:\\\/\\\/secure.gravatar.com\\\/avatar\\\/9a8eb49d2b2ccb1d3ebbd410bd75a2680c8aff6331ee1e34607e1a7ee6695d39?s=96&d=mm&r=g\",\"contentUrl\":\"https:\\\/\\\/secure.gravatar.com\\\/avatar\\\/9a8eb49d2b2ccb1d3ebbd410bd75a2680c8aff6331ee1e34607e1a7ee6695d39?s=96&d=mm&r=g\",\"caption\":\"admin\"},\"sameAs\":[\"http:\\\/\\\/kuka-trier.de\"],\"url\":\"https:\\\/\\\/kuka-trier.de\\\/fr\\\/author\\\/admin\\\/\"}]}<\/script>\n<!-- \/ Yoast SEO plugin. -->","yoast_head_json":{"title":"MoselPop - Netzwerk f\u00fcr Veranstaltungskultur","description":"Mini-Meet-Up am 7. Juni zum neuesten KuKa Projekt \"MoselPop - Netzwerk f\u00fcr Veranstaltungskultur\"","robots":{"index":"index","follow":"follow","max-snippet":"max-snippet:-1","max-image-preview":"max-image-preview:large","max-video-preview":"max-video-preview:-1"},"canonical":"https:\/\/kuka-trier.de\/fr\/mini-meet-up-moselpop\/","og_locale":"fr_FR","og_type":"article","og_title":"MoselPop - Netzwerk f\u00fcr Veranstaltungskultur","og_description":"Mini-Meet-Up am 7. Juni zum neuesten KuKa Projekt \"MoselPop - Netzwerk f\u00fcr Veranstaltungskultur\"","og_url":"https:\/\/kuka-trier.de\/fr\/mini-meet-up-moselpop\/","og_site_name":"Kulturkarawane Trier","article_published_time":"2024-05-21T11:50:14+00:00","article_modified_time":"2024-06-13T09:51:01+00:00","og_image":[{"width":800,"height":600,"url":"https:\/\/kuka-trier.de\/wp-content\/uploads\/2024\/05\/MOP-800x600-px.jpg","type":"image\/jpeg"}],"author":"admin","twitter_card":"summary_large_image","twitter_misc":{"\u00c9crit par":"admin","Dur\u00e9e de lecture estim\u00e9e":"1 minute"},"schema":{"@context":"https:\/\/schema.org","@graph":[{"@type":"Article","@id":"https:\/\/kuka-trier.de\/mini-meet-up-moselpop\/#article","isPartOf":{"@id":"https:\/\/kuka-trier.de\/mini-meet-up-moselpop\/"},"author":{"name":"admin","@id":"https:\/\/kuka-trier.de\/#\/schema\/person\/0e70983de674702cd8a6bd6656029617"},"headline":"MoselPop &#8211; Netzwerk f\u00fcr Veranstaltungskultur","datePublished":"2024-05-21T11:50:14+00:00","dateModified":"2024-06-13T09:51:01+00:00","mainEntityOfPage":{"@id":"https:\/\/kuka-trier.de\/mini-meet-up-moselpop\/"},"wordCount":87,"publisher":{"@id":"https:\/\/kuka-trier.de\/#organization"},"image":{"@id":"https:\/\/kuka-trier.de\/mini-meet-up-moselpop\/#primaryimage"},"thumbnailUrl":"https:\/\/kuka-trier.de\/wp-content\/uploads\/2024\/05\/MOP-800x600-px.jpg","keywords":["Kostenlos","Vergangen"],"articleSection":["Begegnungen"],"inLanguage":"fr-FR"},{"@type":"WebPage","@id":"https:\/\/kuka-trier.de\/mini-meet-up-moselpop\/","url":"https:\/\/kuka-trier.de\/mini-meet-up-moselpop\/","name":"MoselPop - Netzwerk f\u00fcr Veranstaltungskultur","isPartOf":{"@id":"https:\/\/kuka-trier.de\/#website"},"primaryImageOfPage":{"@id":"https:\/\/kuka-trier.de\/mini-meet-up-moselpop\/#primaryimage"},"image":{"@id":"https:\/\/kuka-trier.de\/mini-meet-up-moselpop\/#primaryimage"},"thumbnailUrl":"https:\/\/kuka-trier.de\/wp-content\/uploads\/2024\/05\/MOP-800x600-px.jpg","datePublished":"2024-05-21T11:50:14+00:00","dateModified":"2024-06-13T09:51:01+00:00","description":"Mini-Meet-Up am 7. Juni zum neuesten KuKa Projekt \"MoselPop - Netzwerk f\u00fcr Veranstaltungskultur\"","breadcrumb":{"@id":"https:\/\/kuka-trier.de\/mini-meet-up-moselpop\/#breadcrumb"},"inLanguage":"fr-FR","potentialAction":[{"@type":"ReadAction","target":["https:\/\/kuka-trier.de\/mini-meet-up-moselpop\/"]}]},{"@type":"ImageObject","inLanguage":"fr-FR","@id":"https:\/\/kuka-trier.de\/mini-meet-up-moselpop\/#primaryimage","url":"https:\/\/kuka-trier.de\/wp-content\/uploads\/2024\/05\/MOP-800x600-px.jpg","contentUrl":"https:\/\/kuka-trier.de\/wp-content\/uploads\/2024\/05\/MOP-800x600-px.jpg","width":800,"height":600},{"@type":"BreadcrumbList","@id":"https:\/\/kuka-trier.de\/mini-meet-up-moselpop\/#breadcrumb","itemListElement":[{"@type":"ListItem","position":1,"name":"Startseite","item":"https:\/\/kuka-trier.de\/"},{"@type":"ListItem","position":2,"name":"MoselPop &#8211; Netzwerk f\u00fcr Veranstaltungskultur"}]},{"@type":"WebSite","@id":"https:\/\/kuka-trier.de\/#website","url":"https:\/\/kuka-trier.de\/","name":"Kulturkarawane Tr\u00e8ves","description":"Vivre en couleurs","publisher":{"@id":"https:\/\/kuka-trier.de\/#organization"},"potentialAction":[{"@type":"SearchAction","target":{"@type":"EntryPoint","urlTemplate":"https:\/\/kuka-trier.de\/?s={search_term_string}"},"query-input":{"@type":"PropertyValueSpecification","valueRequired":true,"valueName":"search_term_string"}}],"inLanguage":"fr-FR"},{"@type":"Organization","@id":"https:\/\/kuka-trier.de\/#organization","name":"Kulturkarawane Tr\u00e8ves","url":"https:\/\/kuka-trier.de\/","logo":{"@type":"ImageObject","inLanguage":"fr-FR","@id":"https:\/\/kuka-trier.de\/#\/schema\/logo\/image\/","url":"https:\/\/kuka-trier.de\/wp-content\/uploads\/2022\/02\/cropped-KK19_Logo_color_26-12_web.png","contentUrl":"https:\/\/kuka-trier.de\/wp-content\/uploads\/2022\/02\/cropped-KK19_Logo_color_26-12_web.png","width":822,"height":340,"caption":"Kulturkarawane Trier"},"image":{"@id":"https:\/\/kuka-trier.de\/#\/schema\/logo\/image\/"}},{"@type":"Person","@id":"https:\/\/kuka-trier.de\/#\/schema\/person\/0e70983de674702cd8a6bd6656029617","name":"admin","image":{"@type":"ImageObject","inLanguage":"fr-FR","@id":"https:\/\/secure.gravatar.com\/avatar\/9a8eb49d2b2ccb1d3ebbd410bd75a2680c8aff6331ee1e34607e1a7ee6695d39?s=96&d=mm&r=g","url":"https:\/\/secure.gravatar.com\/avatar\/9a8eb49d2b2ccb1d3ebbd410bd75a2680c8aff6331ee1e34607e1a7ee6695d39?s=96&d=mm&r=g","contentUrl":"https:\/\/secure.gravatar.com\/avatar\/9a8eb49d2b2ccb1d3ebbd410bd75a2680c8aff6331ee1e34607e1a7ee6695d39?s=96&d=mm&r=g","caption":"admin"},"sameAs":["http:\/\/kuka-trier.de"],"url":"https:\/\/kuka-trier.de\/fr\/author\/admin\/"}]}},"_links":{"self":[{"href":"https:\/\/kuka-trier.de\/fr\/wp-json\/wp\/v2\/posts\/5517","targetHints":{"allow":["GET"]}}],"collection":[{"href":"https:\/\/kuka-trier.de\/fr\/wp-json\/wp\/v2\/posts"}],"about":[{"href":"https:\/\/kuka-trier.de\/fr\/wp-json\/wp\/v2\/types\/post"}],"author":[{"embeddable":true,"href":"https:\/\/kuka-trier.de\/fr\/wp-json\/wp\/v2\/users\/1"}],"replies":[{"embeddable":true,"href":"https:\/\/kuka-trier.de\/fr\/wp-json\/wp\/v2\/comments?post=5517"}],"version-history":[{"count":14,"href":"https:\/\/kuka-trier.de\/fr\/wp-json\/wp\/v2\/posts\/5517\/revisions"}],"predecessor-version":[{"id":5724,"href":"https:\/\/kuka-trier.de\/fr\/wp-json\/wp\/v2\/posts\/5517\/revisions\/5724"}],"wp:featuredmedia":[{"embeddable":true,"href":"https:\/\/kuka-trier.de\/fr\/wp-json\/wp\/v2\/media\/5725"}],"wp:attachment":[{"href":"https:\/\/kuka-trier.de\/fr\/wp-json\/wp\/v2\/media?parent=5517"}],"wp:term":[{"taxonomy":"category","embeddable":true,"href":"https:\/\/kuka-trier.de\/fr\/wp-json\/wp\/v2\/categories?post=5517"},{"taxonomy":"post_tag","embeddable":true,"href":"https:\/\/kuka-trier.de\/fr\/wp-json\/wp\/v2\/tags?post=5517"}],"curies":[{"name":"wp","href":"https:\/\/api.w.org\/{rel}","templated":true}]}}