{"id":5708,"date":"2024-05-29T08:47:21","date_gmt":"2024-05-29T08:47:21","guid":{"rendered":"https:\/\/kuka-trier.de\/?p=5708"},"modified":"2024-10-08T09:59:33","modified_gmt":"2024-10-08T09:59:33","slug":"musik-picknick","status":"publish","type":"post","link":"https:\/\/kuka-trier.de\/fr\/musik-picknick\/","title":{"rendered":"Pique-nique musical Weidengraben"},"content":{"rendered":"<div data-elementor-type=\"wp-post\" data-elementor-id=\"5708\" class=\"elementor elementor-5708\" data-elementor-post-type=\"post\">\n\t\t\t\t\t\t<section class=\"elementor-section elementor-top-section elementor-element elementor-element-583c8950 elementor-section-boxed elementor-section-height-default elementor-section-height-default\" data-id=\"583c8950\" data-element_type=\"section\" data-e-type=\"section\">\n\t\t\t\t\t\t<div class=\"elementor-container elementor-column-gap-default\">\n\t\t\t\t\t<div class=\"elementor-column elementor-col-100 elementor-top-column elementor-element elementor-element-61f18408\" data-id=\"61f18408\" data-element_type=\"column\" data-e-type=\"column\">\n\t\t\t<div class=\"elementor-widget-wrap elementor-element-populated\">\n\t\t\t\t\t\t<div class=\"elementor-element elementor-element-405dfe99 elementor-widget elementor-widget-text-editor\" data-id=\"405dfe99\" data-element_type=\"widget\" data-e-type=\"widget\" data-widget_type=\"text-editor.default\">\n\t\t\t\t<div class=\"elementor-widget-container\">\n\t\t\t\t\t\t\t\t\t<p><\/p>\n<p><strong>Pique-nique musical pour \"un quartier color\u00e9<\/strong><\/p>\n<p> <\/p>\n<p>Sous l'\u00e9gide de notre adjoint \u00e0 la culture, M. Markus N\u00f6hl, organise <strong>treffpunkt am weidengraben e.V., en coop\u00e9ration avec Kulturkarawane, organise un pique-nique musical sur une aire de jeux centrale du quartier.<\/strong> L'aire de jeu \"le huit\" se trouve sur le terrain de gbt (Wohnungsbau und Treuhand AG), qui le met \u00e0 disposition pour l'\u00e9v\u00e9nement. Concr\u00e8tement, entre les maisons Am Weidengraben 26 - 36. Dans le cadre de la semaine interculturelle 2024, sous le slogan \"Nouveaux espaces\", l'\u00e9v\u00e9nement cr\u00e9e un cadre \u00e0 bas seuil pour une possibilit\u00e9 de rencontre interculturelle au sein d'un quartier multiculturel.<\/p>\n<p> <\/p>\n<p>Pour cela, il y a <strong>\u00e0 partir de 14h00, tu auras la possibilit\u00e9 de pique-niquer ensemble <\/strong>avec de la nourriture et des boissons que tu as apport\u00e9es toi-m\u00eame, d'\u00e9changer entre eux. Les collaborateurs de l'association treffpunkt am weidengraben e. V. rendent possible\u00a0<span style=\"font-family: var( --e-global-typography-text-font-family ), Sans-serif; font-weight: var( --e-global-typography-text-font-weight );\">diverses activit\u00e9s de jeu et de mouvement. Soutenu\u00a0<\/span><span style=\"font-family: var( --e-global-typography-text-font-family ), Sans-serif; font-weight: var( --e-global-typography-text-font-weight );\">Ils seront accompagn\u00e9s par l'\u00e9cole de cirque Paul Franzen.<\/span><\/p>\n<p> <\/p>\n<p>Kulturkarawane, dont l'objectif est de cr\u00e9er une participation culturelle ainsi que des \u00e9v\u00e9nements culturels dans des lieux exceptionnels, con\u00e7oit\u00a0<strong>\u00e0 partir de 17h00, avec sa sc\u00e8ne mobile \"Klein Anders\", une offre musicale vari\u00e9e.<\/strong> Le parrain et conseiller culturel Markus N\u00f6hl ouvrira la manifestation par un discours.<\/p>\n<p> <\/p>\n<p>L'objectif de l'\u00e9v\u00e9nement est de cr\u00e9er de nouvelles opportunit\u00e9s de rencontre par le biais de la musique. Dans la mesure du possible, nous veillons \u00e0 donner une sc\u00e8ne aux artistes du quartier afin d'exploiter les ressources musicales des habitants.\u00a0<span style=\"font-family: var( --e-global-typography-text-font-family ), Sans-serif; font-weight: var( --e-global-typography-text-font-weight );\">Conform\u00e9ment \u00e0 la devise \"Nouveaux espaces\", un lieu d\u00e9j\u00e0 existant et utilis\u00e9 sur l'aire de jeux Am Weidengraben peut ainsi \u00eatre mis en valeur en tant qu'espace pour les possibilit\u00e9s de rencontre, afin de pouvoir vivre et cr\u00e9er une communaut\u00e9 dans la diversit\u00e9 ainsi que l'interculturalit\u00e9 dans un quartier color\u00e9.<\/span><\/p>\n<p> <\/p>\n<p>L'action est soutenue et encourag\u00e9e par la ville de Tr\u00e8ves, le conseil local de K\u00fcrenz ainsi que par gbt et egp.<\/p>\t\t\t\t\t\t\t\t<\/div>\n\t\t\t\t<\/div>\n\t\t\t\t\t<\/div>\n\t\t<\/div>\n\t\t\t\t\t<\/div>\n\t\t<\/section>\n\t\t\t\t<\/div>","protected":false},"excerpt":{"rendered":"<p>MUSIK PICKNICK<br \/>Samedi 28 septembre - 14h <br \/>Au bord du foss\u00e9 des saules<br \/>Entr\u00e9e gratuite !<\/p>","protected":false},"author":1,"featured_media":5709,"comment_status":"closed","ping_status":"closed","sticky":false,"template":"","format":"standard","meta":{"_jf_save_progress":"","footnotes":""},"categories":[11],"tags":[17,38,48],"class_list":["post-5708","post","type-post","status-publish","format-standard","has-post-thumbnail","hentry","category-musik","tag-klein-anders","tag-kostenlos","tag-vergangen"],"yoast_head":"<!-- This site is optimized with the Yoast SEO plugin v27.5 - https:\/\/yoast.com\/product\/yoast-seo-wordpress\/ -->\n<title>Musikpicknick Weidengraben<\/title>\n<meta name=\"description\" content=\"Musik Picknick am 28. September auf dem Spielplatz &quot;Die Acht&quot; am Weidengraben.\" \/>\n<meta name=\"robots\" content=\"index, follow, max-snippet:-1, max-image-preview:large, max-video-preview:-1\" \/>\n<link rel=\"canonical\" href=\"https:\/\/kuka-trier.de\/fr\/musik-picknick\/\" \/>\n<meta property=\"og:locale\" content=\"fr_FR\" \/>\n<meta property=\"og:type\" content=\"article\" \/>\n<meta property=\"og:title\" content=\"Musikpicknick Weidengraben\" \/>\n<meta property=\"og:description\" content=\"Musik Picknick am 28. September auf dem Spielplatz &quot;Die Acht&quot; am Weidengraben.\" \/>\n<meta property=\"og:url\" content=\"https:\/\/kuka-trier.de\/fr\/musik-picknick\/\" \/>\n<meta property=\"og:site_name\" content=\"Kulturkarawane Trier\" \/>\n<meta property=\"article:published_time\" content=\"2024-05-29T08:47:21+00:00\" \/>\n<meta property=\"article:modified_time\" content=\"2024-10-08T09:59:33+00:00\" \/>\n<meta property=\"og:image\" content=\"https:\/\/kuka-trier.de\/wp-content\/uploads\/2024\/05\/2024-kuk-kleinanders-OTK-weidengraben-800x600-1.jpg\" \/>\n\t<meta property=\"og:image:width\" content=\"800\" \/>\n\t<meta property=\"og:image:height\" content=\"600\" \/>\n\t<meta property=\"og:image:type\" content=\"image\/jpeg\" \/>\n<meta name=\"author\" content=\"admin\" \/>\n<meta name=\"twitter:card\" content=\"summary_large_image\" \/>\n<meta name=\"twitter:label1\" content=\"\u00c9crit par\" \/>\n\t<meta name=\"twitter:data1\" content=\"admin\" \/>\n\t<meta name=\"twitter:label2\" content=\"Dur\u00e9e de lecture estim\u00e9e\" \/>\n\t<meta name=\"twitter:data2\" content=\"2 minutes\" \/>\n<script type=\"application\/ld+json\" class=\"yoast-schema-graph\">{\"@context\":\"https:\\\/\\\/schema.org\",\"@graph\":[{\"@type\":\"Article\",\"@id\":\"https:\\\/\\\/kuka-trier.de\\\/musik-picknick\\\/#article\",\"isPartOf\":{\"@id\":\"https:\\\/\\\/kuka-trier.de\\\/musik-picknick\\\/\"},\"author\":{\"name\":\"admin\",\"@id\":\"https:\\\/\\\/kuka-trier.de\\\/#\\\/schema\\\/person\\\/0e70983de674702cd8a6bd6656029617\"},\"headline\":\"Musikpicknick Weidengraben\",\"datePublished\":\"2024-05-29T08:47:21+00:00\",\"dateModified\":\"2024-10-08T09:59:33+00:00\",\"mainEntityOfPage\":{\"@id\":\"https:\\\/\\\/kuka-trier.de\\\/musik-picknick\\\/\"},\"wordCount\":295,\"publisher\":{\"@id\":\"https:\\\/\\\/kuka-trier.de\\\/#organization\"},\"image\":{\"@id\":\"https:\\\/\\\/kuka-trier.de\\\/musik-picknick\\\/#primaryimage\"},\"thumbnailUrl\":\"https:\\\/\\\/kuka-trier.de\\\/wp-content\\\/uploads\\\/2024\\\/05\\\/2024-kuk-kleinanders-OTK-weidengraben-800x600-1.jpg\",\"keywords\":[\"Klein Anders\",\"Kostenlos\",\"Vergangen\"],\"articleSection\":[\"Musik\"],\"inLanguage\":\"fr-FR\"},{\"@type\":\"WebPage\",\"@id\":\"https:\\\/\\\/kuka-trier.de\\\/musik-picknick\\\/\",\"url\":\"https:\\\/\\\/kuka-trier.de\\\/musik-picknick\\\/\",\"name\":\"Musikpicknick Weidengraben\",\"isPartOf\":{\"@id\":\"https:\\\/\\\/kuka-trier.de\\\/#website\"},\"primaryImageOfPage\":{\"@id\":\"https:\\\/\\\/kuka-trier.de\\\/musik-picknick\\\/#primaryimage\"},\"image\":{\"@id\":\"https:\\\/\\\/kuka-trier.de\\\/musik-picknick\\\/#primaryimage\"},\"thumbnailUrl\":\"https:\\\/\\\/kuka-trier.de\\\/wp-content\\\/uploads\\\/2024\\\/05\\\/2024-kuk-kleinanders-OTK-weidengraben-800x600-1.jpg\",\"datePublished\":\"2024-05-29T08:47:21+00:00\",\"dateModified\":\"2024-10-08T09:59:33+00:00\",\"description\":\"Musik Picknick am 28. September auf dem Spielplatz \\\"Die Acht\\\" am Weidengraben.\",\"breadcrumb\":{\"@id\":\"https:\\\/\\\/kuka-trier.de\\\/musik-picknick\\\/#breadcrumb\"},\"inLanguage\":\"fr-FR\",\"potentialAction\":[{\"@type\":\"ReadAction\",\"target\":[\"https:\\\/\\\/kuka-trier.de\\\/musik-picknick\\\/\"]}]},{\"@type\":\"ImageObject\",\"inLanguage\":\"fr-FR\",\"@id\":\"https:\\\/\\\/kuka-trier.de\\\/musik-picknick\\\/#primaryimage\",\"url\":\"https:\\\/\\\/kuka-trier.de\\\/wp-content\\\/uploads\\\/2024\\\/05\\\/2024-kuk-kleinanders-OTK-weidengraben-800x600-1.jpg\",\"contentUrl\":\"https:\\\/\\\/kuka-trier.de\\\/wp-content\\\/uploads\\\/2024\\\/05\\\/2024-kuk-kleinanders-OTK-weidengraben-800x600-1.jpg\",\"width\":800,\"height\":600,\"caption\":\"Musik Picknick\"},{\"@type\":\"BreadcrumbList\",\"@id\":\"https:\\\/\\\/kuka-trier.de\\\/musik-picknick\\\/#breadcrumb\",\"itemListElement\":[{\"@type\":\"ListItem\",\"position\":1,\"name\":\"Startseite\",\"item\":\"https:\\\/\\\/kuka-trier.de\\\/\"},{\"@type\":\"ListItem\",\"position\":2,\"name\":\"Musikpicknick Weidengraben\"}]},{\"@type\":\"WebSite\",\"@id\":\"https:\\\/\\\/kuka-trier.de\\\/#website\",\"url\":\"https:\\\/\\\/kuka-trier.de\\\/\",\"name\":\"Kulturkarawane Trier\",\"description\":\"BuntERleben\",\"publisher\":{\"@id\":\"https:\\\/\\\/kuka-trier.de\\\/#organization\"},\"potentialAction\":[{\"@type\":\"SearchAction\",\"target\":{\"@type\":\"EntryPoint\",\"urlTemplate\":\"https:\\\/\\\/kuka-trier.de\\\/?s={search_term_string}\"},\"query-input\":{\"@type\":\"PropertyValueSpecification\",\"valueRequired\":true,\"valueName\":\"search_term_string\"}}],\"inLanguage\":\"fr-FR\"},{\"@type\":\"Organization\",\"@id\":\"https:\\\/\\\/kuka-trier.de\\\/#organization\",\"name\":\"Kulturkarawane Trier\",\"url\":\"https:\\\/\\\/kuka-trier.de\\\/\",\"logo\":{\"@type\":\"ImageObject\",\"inLanguage\":\"fr-FR\",\"@id\":\"https:\\\/\\\/kuka-trier.de\\\/#\\\/schema\\\/logo\\\/image\\\/\",\"url\":\"https:\\\/\\\/kuka-trier.de\\\/wp-content\\\/uploads\\\/2022\\\/02\\\/cropped-KK19_Logo_color_26-12_web.png\",\"contentUrl\":\"https:\\\/\\\/kuka-trier.de\\\/wp-content\\\/uploads\\\/2022\\\/02\\\/cropped-KK19_Logo_color_26-12_web.png\",\"width\":822,\"height\":340,\"caption\":\"Kulturkarawane Trier\"},\"image\":{\"@id\":\"https:\\\/\\\/kuka-trier.de\\\/#\\\/schema\\\/logo\\\/image\\\/\"}},{\"@type\":\"Person\",\"@id\":\"https:\\\/\\\/kuka-trier.de\\\/#\\\/schema\\\/person\\\/0e70983de674702cd8a6bd6656029617\",\"name\":\"admin\",\"image\":{\"@type\":\"ImageObject\",\"inLanguage\":\"fr-FR\",\"@id\":\"https:\\\/\\\/secure.gravatar.com\\\/avatar\\\/9a8eb49d2b2ccb1d3ebbd410bd75a2680c8aff6331ee1e34607e1a7ee6695d39?s=96&d=mm&r=g\",\"url\":\"https:\\\/\\\/secure.gravatar.com\\\/avatar\\\/9a8eb49d2b2ccb1d3ebbd410bd75a2680c8aff6331ee1e34607e1a7ee6695d39?s=96&d=mm&r=g\",\"contentUrl\":\"https:\\\/\\\/secure.gravatar.com\\\/avatar\\\/9a8eb49d2b2ccb1d3ebbd410bd75a2680c8aff6331ee1e34607e1a7ee6695d39?s=96&d=mm&r=g\",\"caption\":\"admin\"},\"sameAs\":[\"http:\\\/\\\/kuka-trier.de\"],\"url\":\"https:\\\/\\\/kuka-trier.de\\\/fr\\\/author\\\/admin\\\/\"}]}<\/script>\n<!-- \/ Yoast SEO plugin. -->","yoast_head_json":{"title":"Pique-nique musical Weidengraben","description":"Musik Picknick am 28. September auf dem Spielplatz \"Die Acht\" am Weidengraben.","robots":{"index":"index","follow":"follow","max-snippet":"max-snippet:-1","max-image-preview":"max-image-preview:large","max-video-preview":"max-video-preview:-1"},"canonical":"https:\/\/kuka-trier.de\/fr\/musik-picknick\/","og_locale":"fr_FR","og_type":"article","og_title":"Musikpicknick Weidengraben","og_description":"Musik Picknick am 28. September auf dem Spielplatz \"Die Acht\" am Weidengraben.","og_url":"https:\/\/kuka-trier.de\/fr\/musik-picknick\/","og_site_name":"Kulturkarawane Trier","article_published_time":"2024-05-29T08:47:21+00:00","article_modified_time":"2024-10-08T09:59:33+00:00","og_image":[{"width":800,"height":600,"url":"https:\/\/kuka-trier.de\/wp-content\/uploads\/2024\/05\/2024-kuk-kleinanders-OTK-weidengraben-800x600-1.jpg","type":"image\/jpeg"}],"author":"admin","twitter_card":"summary_large_image","twitter_misc":{"\u00c9crit par":"admin","Dur\u00e9e de lecture estim\u00e9e":"2 minutes"},"schema":{"@context":"https:\/\/schema.org","@graph":[{"@type":"Article","@id":"https:\/\/kuka-trier.de\/musik-picknick\/#article","isPartOf":{"@id":"https:\/\/kuka-trier.de\/musik-picknick\/"},"author":{"name":"admin","@id":"https:\/\/kuka-trier.de\/#\/schema\/person\/0e70983de674702cd8a6bd6656029617"},"headline":"Musikpicknick Weidengraben","datePublished":"2024-05-29T08:47:21+00:00","dateModified":"2024-10-08T09:59:33+00:00","mainEntityOfPage":{"@id":"https:\/\/kuka-trier.de\/musik-picknick\/"},"wordCount":295,"publisher":{"@id":"https:\/\/kuka-trier.de\/#organization"},"image":{"@id":"https:\/\/kuka-trier.de\/musik-picknick\/#primaryimage"},"thumbnailUrl":"https:\/\/kuka-trier.de\/wp-content\/uploads\/2024\/05\/2024-kuk-kleinanders-OTK-weidengraben-800x600-1.jpg","keywords":["Klein Anders","Kostenlos","Vergangen"],"articleSection":["Musik"],"inLanguage":"fr-FR"},{"@type":"WebPage","@id":"https:\/\/kuka-trier.de\/musik-picknick\/","url":"https:\/\/kuka-trier.de\/musik-picknick\/","name":"Pique-nique musical Weidengraben","isPartOf":{"@id":"https:\/\/kuka-trier.de\/#website"},"primaryImageOfPage":{"@id":"https:\/\/kuka-trier.de\/musik-picknick\/#primaryimage"},"image":{"@id":"https:\/\/kuka-trier.de\/musik-picknick\/#primaryimage"},"thumbnailUrl":"https:\/\/kuka-trier.de\/wp-content\/uploads\/2024\/05\/2024-kuk-kleinanders-OTK-weidengraben-800x600-1.jpg","datePublished":"2024-05-29T08:47:21+00:00","dateModified":"2024-10-08T09:59:33+00:00","description":"Musik Picknick am 28. September auf dem Spielplatz \"Die Acht\" am Weidengraben.","breadcrumb":{"@id":"https:\/\/kuka-trier.de\/musik-picknick\/#breadcrumb"},"inLanguage":"fr-FR","potentialAction":[{"@type":"ReadAction","target":["https:\/\/kuka-trier.de\/musik-picknick\/"]}]},{"@type":"ImageObject","inLanguage":"fr-FR","@id":"https:\/\/kuka-trier.de\/musik-picknick\/#primaryimage","url":"https:\/\/kuka-trier.de\/wp-content\/uploads\/2024\/05\/2024-kuk-kleinanders-OTK-weidengraben-800x600-1.jpg","contentUrl":"https:\/\/kuka-trier.de\/wp-content\/uploads\/2024\/05\/2024-kuk-kleinanders-OTK-weidengraben-800x600-1.jpg","width":800,"height":600,"caption":"Musik Picknick"},{"@type":"BreadcrumbList","@id":"https:\/\/kuka-trier.de\/musik-picknick\/#breadcrumb","itemListElement":[{"@type":"ListItem","position":1,"name":"Startseite","item":"https:\/\/kuka-trier.de\/"},{"@type":"ListItem","position":2,"name":"Musikpicknick Weidengraben"}]},{"@type":"WebSite","@id":"https:\/\/kuka-trier.de\/#website","url":"https:\/\/kuka-trier.de\/","name":"Kulturkarawane Tr\u00e8ves","description":"Vivre en couleurs","publisher":{"@id":"https:\/\/kuka-trier.de\/#organization"},"potentialAction":[{"@type":"SearchAction","target":{"@type":"EntryPoint","urlTemplate":"https:\/\/kuka-trier.de\/?s={search_term_string}"},"query-input":{"@type":"PropertyValueSpecification","valueRequired":true,"valueName":"search_term_string"}}],"inLanguage":"fr-FR"},{"@type":"Organization","@id":"https:\/\/kuka-trier.de\/#organization","name":"Kulturkarawane Tr\u00e8ves","url":"https:\/\/kuka-trier.de\/","logo":{"@type":"ImageObject","inLanguage":"fr-FR","@id":"https:\/\/kuka-trier.de\/#\/schema\/logo\/image\/","url":"https:\/\/kuka-trier.de\/wp-content\/uploads\/2022\/02\/cropped-KK19_Logo_color_26-12_web.png","contentUrl":"https:\/\/kuka-trier.de\/wp-content\/uploads\/2022\/02\/cropped-KK19_Logo_color_26-12_web.png","width":822,"height":340,"caption":"Kulturkarawane Trier"},"image":{"@id":"https:\/\/kuka-trier.de\/#\/schema\/logo\/image\/"}},{"@type":"Person","@id":"https:\/\/kuka-trier.de\/#\/schema\/person\/0e70983de674702cd8a6bd6656029617","name":"admin","image":{"@type":"ImageObject","inLanguage":"fr-FR","@id":"https:\/\/secure.gravatar.com\/avatar\/9a8eb49d2b2ccb1d3ebbd410bd75a2680c8aff6331ee1e34607e1a7ee6695d39?s=96&d=mm&r=g","url":"https:\/\/secure.gravatar.com\/avatar\/9a8eb49d2b2ccb1d3ebbd410bd75a2680c8aff6331ee1e34607e1a7ee6695d39?s=96&d=mm&r=g","contentUrl":"https:\/\/secure.gravatar.com\/avatar\/9a8eb49d2b2ccb1d3ebbd410bd75a2680c8aff6331ee1e34607e1a7ee6695d39?s=96&d=mm&r=g","caption":"admin"},"sameAs":["http:\/\/kuka-trier.de"],"url":"https:\/\/kuka-trier.de\/fr\/author\/admin\/"}]}},"_links":{"self":[{"href":"https:\/\/kuka-trier.de\/fr\/wp-json\/wp\/v2\/posts\/5708","targetHints":{"allow":["GET"]}}],"collection":[{"href":"https:\/\/kuka-trier.de\/fr\/wp-json\/wp\/v2\/posts"}],"about":[{"href":"https:\/\/kuka-trier.de\/fr\/wp-json\/wp\/v2\/types\/post"}],"author":[{"embeddable":true,"href":"https:\/\/kuka-trier.de\/fr\/wp-json\/wp\/v2\/users\/1"}],"replies":[{"embeddable":true,"href":"https:\/\/kuka-trier.de\/fr\/wp-json\/wp\/v2\/comments?post=5708"}],"version-history":[{"count":9,"href":"https:\/\/kuka-trier.de\/fr\/wp-json\/wp\/v2\/posts\/5708\/revisions"}],"predecessor-version":[{"id":5718,"href":"https:\/\/kuka-trier.de\/fr\/wp-json\/wp\/v2\/posts\/5708\/revisions\/5718"}],"wp:featuredmedia":[{"embeddable":true,"href":"https:\/\/kuka-trier.de\/fr\/wp-json\/wp\/v2\/media\/5709"}],"wp:attachment":[{"href":"https:\/\/kuka-trier.de\/fr\/wp-json\/wp\/v2\/media?parent=5708"}],"wp:term":[{"taxonomy":"category","embeddable":true,"href":"https:\/\/kuka-trier.de\/fr\/wp-json\/wp\/v2\/categories?post=5708"},{"taxonomy":"post_tag","embeddable":true,"href":"https:\/\/kuka-trier.de\/fr\/wp-json\/wp\/v2\/tags?post=5708"}],"curies":[{"name":"wp","href":"https:\/\/api.w.org\/{rel}","templated":true}]}}