{"id":6237,"date":"2024-07-04T15:37:27","date_gmt":"2024-07-04T15:37:27","guid":{"rendered":"https:\/\/kuka-trier.de\/?p=6237"},"modified":"2024-09-18T10:34:25","modified_gmt":"2024-09-18T10:34:25","slug":"maria-basel-jonas-david","status":"publish","type":"post","link":"https:\/\/kuka-trier.de\/fr\/maria-basel-jonas-david\/","title":{"rendered":"Maria Basel &amp; Jonas David"},"content":{"rendered":"<p><strong>ENTR\u00c9E<\/strong> \u00e0 partir de 19:\u00a70 heures<br><strong>ENTR\u00c9E VOLONTAIRE<\/strong> (recommandation 15\u20ac) sera pr\u00e9lev\u00e9e sur place.\u00a0<\/p>\n\n\n\n<p><strong>Des harmonies m\u00e9lancoliques, des boucles scintillantes et des arrangements sophistiqu\u00e9s constituent la base du son de Maria Basel. <\/strong>Sur son premier EP \"Layers\", sorti en 2021 chez Listenrecords, l'artiste de Wuppertal a r\u00e9uni pour la premi\u00e8re fois ses points forts de musicienne de formation classique et ses pr\u00e9f\u00e9rences pour les sons \u00e9lectroniques, le jazz et le RnB - elle arrive maintenant en tourn\u00e9e avec son premier album \"Bloom\" !<\/p>\n\n\n\n<p>L'\u00e9l\u00e9ment constant de ses compositions est le piano et le rhodes - mais Maria Basel trace sur cette base un arc large et diff\u00e9renci\u00e9, allant de sons fragiles, pensifs et naturels \u00e0 des \u00e9l\u00e9ments puissants, charg\u00e9s de beat et \u00e9lectroniques. Dans des textes r\u00e9fl\u00e9chis, elle traite des rencontres de sa vie et laisse beaucoup de place \u00e0 l'interpr\u00e9tation et \u00e0 l'association des auditeurs*. Maria Basel \u00e9crit, produit et joue sa musique en grande partie de mani\u00e8re autonome. <\/p>\n\n\n\n<p>N\u00e9e en Ukraine d'une pianiste et d'un violoncelliste, elle est profond\u00e9ment enracin\u00e9e dans la sc\u00e8ne musicale du Bergisches Land et de la Ruhr - au cours des derni\u00e8res ann\u00e9es, elle a maintenant gagn\u00e9 des fans dans tout le pays et bien au-del\u00e0 : Basel a \u00e9t\u00e9 invit\u00e9e plusieurs fois sur TV Noir, a donn\u00e9 des concerts avec Alin Coen et Patrick Salmen, a particip\u00e9 \u00e0 des festivals en Allemagne, en Roumanie, en Espagne et en Italie, et a fait sa premi\u00e8re tourn\u00e9e en Allemagne. La presse a salu\u00e9 leur musique, notamment sur DLF Kultur, NBHAP et 1Live.<\/p>\n\n\n\n<figure class=\"wp-block-embed is-type-video is-provider-youtube wp-block-embed-youtube wp-embed-aspect-16-9 wp-has-aspect-ratio\"><div class=\"wp-block-embed__wrapper\">\n<iframe title=\"Maria Basel - Parallels (live from the &quot;Bloom&quot; release show)\" width=\"800\" height=\"450\" src=\"https:\/\/www.youtube.com\/embed\/jMnwLDoJdtI?feature=oembed\" frameborder=\"0\" allow=\"accelerometer; autoplay; clipboard-write; encrypted-media; gyroscope; picture-in-picture; web-share\" referrerpolicy=\"strict-origin-when-cross-origin\" allowfullscreen><\/iframe>\n<\/div><\/figure>\n\n\n\n<p><strong>Jonas David<\/strong> est un artiste allemand, producteur, multi-instrumentiste et compositeur. Dans son projet solo, ses chansons oscillent entre indie, folk et pop et peuvent \u00eatre compar\u00e9es \u00e0 Ben Howard, Bon Iver et Damien Rice. Il vit \u00e0 Wuppertal, a donn\u00e9 des concerts dans le monde entier et a travaill\u00e9 en tant que producteur et compositeur pour Warner Bros, Matthias Schweigh\u00f6fer, Revolverheld, Pina Bausch Ensemble (Underground) et d'autres grands projets et c\u00e9l\u00e9brit\u00e9s, dont l'apparition dans ce texte n'a aucun rapport avec la belle musique de Jonas, mais qui sonne bien.<\/p>\n\n\n\n<a href=\"\/fr\/my-urban-piano\/\">\n    <button>\" Infos sur le My Urban Piano<\/button>\n  <\/a>","protected":false},"excerpt":{"rendered":"<p>MY URBAN PIANO 2024 <br \/>\nSa, 14 septembre - 20:00<br \/>\nCour libre de la cath\u00e9drale de Tr\u00e8ves<\/p>","protected":false},"author":1,"featured_media":6238,"comment_status":"closed","ping_status":"open","sticky":false,"template":"","format":"standard","meta":{"_jf_save_progress":"","footnotes":""},"categories":[65],"tags":[69,45,48],"class_list":["post-6237","post","type-post","status-publish","format-standard","has-post-thumbnail","hentry","category-konzert","tag-kein-button","tag-my-urban-piano","tag-vergangen"],"yoast_head":"<!-- This site is optimized with the Yoast SEO plugin v27.5 - https:\/\/yoast.com\/product\/yoast-seo-wordpress\/ -->\n<title>Maria Basel &amp; Jonas David<\/title>\n<meta name=\"description\" content=\"My Urban Piano Konzert am Samstag, 14. September um 19:30 Uhr auf dem Domfreihof in Trier. Mit Maria Basel und Jonas David\" \/>\n<meta name=\"robots\" content=\"index, follow, max-snippet:-1, max-image-preview:large, max-video-preview:-1\" \/>\n<link rel=\"canonical\" href=\"https:\/\/kuka-trier.de\/fr\/maria-basel-jonas-david\/\" \/>\n<meta property=\"og:locale\" content=\"fr_FR\" \/>\n<meta property=\"og:type\" content=\"article\" \/>\n<meta property=\"og:title\" content=\"Maria Basel &amp; Jonas David\" \/>\n<meta property=\"og:description\" content=\"My Urban Piano Konzert am Samstag, 14. September um 19:30 Uhr auf dem Domfreihof in Trier. Mit Maria Basel und Jonas David\" \/>\n<meta property=\"og:url\" content=\"https:\/\/kuka-trier.de\/fr\/maria-basel-jonas-david\/\" \/>\n<meta property=\"og:site_name\" content=\"Kulturkarawane Trier\" \/>\n<meta property=\"article:published_time\" content=\"2024-07-04T15:37:27+00:00\" \/>\n<meta property=\"article:modified_time\" content=\"2024-09-18T10:34:25+00:00\" \/>\n<meta property=\"og:image\" content=\"https:\/\/kuka-trier.de\/wp-content\/uploads\/2024\/07\/Maria-Jonas-600x450-1.jpg\" \/>\n\t<meta property=\"og:image:width\" content=\"600\" \/>\n\t<meta property=\"og:image:height\" content=\"450\" \/>\n\t<meta property=\"og:image:type\" content=\"image\/jpeg\" \/>\n<meta name=\"author\" content=\"admin\" \/>\n<meta name=\"twitter:card\" content=\"summary_large_image\" \/>\n<meta name=\"twitter:label1\" content=\"\u00c9crit par\" \/>\n\t<meta name=\"twitter:data1\" content=\"admin\" \/>\n\t<meta name=\"twitter:label2\" content=\"Dur\u00e9e de lecture estim\u00e9e\" \/>\n\t<meta name=\"twitter:data2\" content=\"2 minutes\" \/>\n<script type=\"application\/ld+json\" class=\"yoast-schema-graph\">{\"@context\":\"https:\\\/\\\/schema.org\",\"@graph\":[{\"@type\":\"Article\",\"@id\":\"https:\\\/\\\/kuka-trier.de\\\/maria-basel-jonas-david\\\/#article\",\"isPartOf\":{\"@id\":\"https:\\\/\\\/kuka-trier.de\\\/maria-basel-jonas-david\\\/\"},\"author\":{\"name\":\"admin\",\"@id\":\"https:\\\/\\\/kuka-trier.de\\\/#\\\/schema\\\/person\\\/0e70983de674702cd8a6bd6656029617\"},\"headline\":\"Maria Basel &amp; Jonas David\",\"datePublished\":\"2024-07-04T15:37:27+00:00\",\"dateModified\":\"2024-09-18T10:34:25+00:00\",\"mainEntityOfPage\":{\"@id\":\"https:\\\/\\\/kuka-trier.de\\\/maria-basel-jonas-david\\\/\"},\"wordCount\":345,\"publisher\":{\"@id\":\"https:\\\/\\\/kuka-trier.de\\\/#organization\"},\"image\":{\"@id\":\"https:\\\/\\\/kuka-trier.de\\\/maria-basel-jonas-david\\\/#primaryimage\"},\"thumbnailUrl\":\"https:\\\/\\\/kuka-trier.de\\\/wp-content\\\/uploads\\\/2024\\\/07\\\/Maria-Jonas-600x450-1.jpg\",\"keywords\":[\"Kein Button\",\"My Urban Piano\",\"Vergangen\"],\"articleSection\":[\"Konzert\"],\"inLanguage\":\"fr-FR\"},{\"@type\":\"WebPage\",\"@id\":\"https:\\\/\\\/kuka-trier.de\\\/maria-basel-jonas-david\\\/\",\"url\":\"https:\\\/\\\/kuka-trier.de\\\/maria-basel-jonas-david\\\/\",\"name\":\"Maria Basel &amp; Jonas David\",\"isPartOf\":{\"@id\":\"https:\\\/\\\/kuka-trier.de\\\/#website\"},\"primaryImageOfPage\":{\"@id\":\"https:\\\/\\\/kuka-trier.de\\\/maria-basel-jonas-david\\\/#primaryimage\"},\"image\":{\"@id\":\"https:\\\/\\\/kuka-trier.de\\\/maria-basel-jonas-david\\\/#primaryimage\"},\"thumbnailUrl\":\"https:\\\/\\\/kuka-trier.de\\\/wp-content\\\/uploads\\\/2024\\\/07\\\/Maria-Jonas-600x450-1.jpg\",\"datePublished\":\"2024-07-04T15:37:27+00:00\",\"dateModified\":\"2024-09-18T10:34:25+00:00\",\"description\":\"My Urban Piano Konzert am Samstag, 14. September um 19:30 Uhr auf dem Domfreihof in Trier. Mit Maria Basel und Jonas David\",\"breadcrumb\":{\"@id\":\"https:\\\/\\\/kuka-trier.de\\\/maria-basel-jonas-david\\\/#breadcrumb\"},\"inLanguage\":\"fr-FR\",\"potentialAction\":[{\"@type\":\"ReadAction\",\"target\":[\"https:\\\/\\\/kuka-trier.de\\\/maria-basel-jonas-david\\\/\"]}]},{\"@type\":\"ImageObject\",\"inLanguage\":\"fr-FR\",\"@id\":\"https:\\\/\\\/kuka-trier.de\\\/maria-basel-jonas-david\\\/#primaryimage\",\"url\":\"https:\\\/\\\/kuka-trier.de\\\/wp-content\\\/uploads\\\/2024\\\/07\\\/Maria-Jonas-600x450-1.jpg\",\"contentUrl\":\"https:\\\/\\\/kuka-trier.de\\\/wp-content\\\/uploads\\\/2024\\\/07\\\/Maria-Jonas-600x450-1.jpg\",\"width\":600,\"height\":450,\"caption\":\"Maria Basel Jonas David Doors\"},{\"@type\":\"BreadcrumbList\",\"@id\":\"https:\\\/\\\/kuka-trier.de\\\/maria-basel-jonas-david\\\/#breadcrumb\",\"itemListElement\":[{\"@type\":\"ListItem\",\"position\":1,\"name\":\"Startseite\",\"item\":\"https:\\\/\\\/kuka-trier.de\\\/\"},{\"@type\":\"ListItem\",\"position\":2,\"name\":\"Maria Basel &amp; Jonas David\"}]},{\"@type\":\"WebSite\",\"@id\":\"https:\\\/\\\/kuka-trier.de\\\/#website\",\"url\":\"https:\\\/\\\/kuka-trier.de\\\/\",\"name\":\"Kulturkarawane Trier\",\"description\":\"BuntERleben\",\"publisher\":{\"@id\":\"https:\\\/\\\/kuka-trier.de\\\/#organization\"},\"potentialAction\":[{\"@type\":\"SearchAction\",\"target\":{\"@type\":\"EntryPoint\",\"urlTemplate\":\"https:\\\/\\\/kuka-trier.de\\\/?s={search_term_string}\"},\"query-input\":{\"@type\":\"PropertyValueSpecification\",\"valueRequired\":true,\"valueName\":\"search_term_string\"}}],\"inLanguage\":\"fr-FR\"},{\"@type\":\"Organization\",\"@id\":\"https:\\\/\\\/kuka-trier.de\\\/#organization\",\"name\":\"Kulturkarawane Trier\",\"url\":\"https:\\\/\\\/kuka-trier.de\\\/\",\"logo\":{\"@type\":\"ImageObject\",\"inLanguage\":\"fr-FR\",\"@id\":\"https:\\\/\\\/kuka-trier.de\\\/#\\\/schema\\\/logo\\\/image\\\/\",\"url\":\"https:\\\/\\\/kuka-trier.de\\\/wp-content\\\/uploads\\\/2022\\\/02\\\/cropped-KK19_Logo_color_26-12_web.png\",\"contentUrl\":\"https:\\\/\\\/kuka-trier.de\\\/wp-content\\\/uploads\\\/2022\\\/02\\\/cropped-KK19_Logo_color_26-12_web.png\",\"width\":822,\"height\":340,\"caption\":\"Kulturkarawane Trier\"},\"image\":{\"@id\":\"https:\\\/\\\/kuka-trier.de\\\/#\\\/schema\\\/logo\\\/image\\\/\"}},{\"@type\":\"Person\",\"@id\":\"https:\\\/\\\/kuka-trier.de\\\/#\\\/schema\\\/person\\\/0e70983de674702cd8a6bd6656029617\",\"name\":\"admin\",\"image\":{\"@type\":\"ImageObject\",\"inLanguage\":\"fr-FR\",\"@id\":\"https:\\\/\\\/secure.gravatar.com\\\/avatar\\\/9a8eb49d2b2ccb1d3ebbd410bd75a2680c8aff6331ee1e34607e1a7ee6695d39?s=96&d=mm&r=g\",\"url\":\"https:\\\/\\\/secure.gravatar.com\\\/avatar\\\/9a8eb49d2b2ccb1d3ebbd410bd75a2680c8aff6331ee1e34607e1a7ee6695d39?s=96&d=mm&r=g\",\"contentUrl\":\"https:\\\/\\\/secure.gravatar.com\\\/avatar\\\/9a8eb49d2b2ccb1d3ebbd410bd75a2680c8aff6331ee1e34607e1a7ee6695d39?s=96&d=mm&r=g\",\"caption\":\"admin\"},\"sameAs\":[\"http:\\\/\\\/kuka-trier.de\"],\"url\":\"https:\\\/\\\/kuka-trier.de\\\/fr\\\/author\\\/admin\\\/\"}]}<\/script>\n<!-- \/ Yoast SEO plugin. -->","yoast_head_json":{"title":"Maria Basel &amp; Jonas David","description":"Concert de My Urban Piano le samedi 14 septembre \u00e0 19h30 sur le Domfreihof \u00e0 Tr\u00e8ves. Avec Maria Basel et Jonas David","robots":{"index":"index","follow":"follow","max-snippet":"max-snippet:-1","max-image-preview":"max-image-preview:large","max-video-preview":"max-video-preview:-1"},"canonical":"https:\/\/kuka-trier.de\/fr\/maria-basel-jonas-david\/","og_locale":"fr_FR","og_type":"article","og_title":"Maria Basel &amp; Jonas David","og_description":"My Urban Piano Konzert am Samstag, 14. September um 19:30 Uhr auf dem Domfreihof in Trier. Mit Maria Basel und Jonas David","og_url":"https:\/\/kuka-trier.de\/fr\/maria-basel-jonas-david\/","og_site_name":"Kulturkarawane Trier","article_published_time":"2024-07-04T15:37:27+00:00","article_modified_time":"2024-09-18T10:34:25+00:00","og_image":[{"width":600,"height":450,"url":"https:\/\/kuka-trier.de\/wp-content\/uploads\/2024\/07\/Maria-Jonas-600x450-1.jpg","type":"image\/jpeg"}],"author":"admin","twitter_card":"summary_large_image","twitter_misc":{"\u00c9crit par":"admin","Dur\u00e9e de lecture estim\u00e9e":"2 minutes"},"schema":{"@context":"https:\/\/schema.org","@graph":[{"@type":"Article","@id":"https:\/\/kuka-trier.de\/maria-basel-jonas-david\/#article","isPartOf":{"@id":"https:\/\/kuka-trier.de\/maria-basel-jonas-david\/"},"author":{"name":"admin","@id":"https:\/\/kuka-trier.de\/#\/schema\/person\/0e70983de674702cd8a6bd6656029617"},"headline":"Maria Basel &amp; Jonas David","datePublished":"2024-07-04T15:37:27+00:00","dateModified":"2024-09-18T10:34:25+00:00","mainEntityOfPage":{"@id":"https:\/\/kuka-trier.de\/maria-basel-jonas-david\/"},"wordCount":345,"publisher":{"@id":"https:\/\/kuka-trier.de\/#organization"},"image":{"@id":"https:\/\/kuka-trier.de\/maria-basel-jonas-david\/#primaryimage"},"thumbnailUrl":"https:\/\/kuka-trier.de\/wp-content\/uploads\/2024\/07\/Maria-Jonas-600x450-1.jpg","keywords":["Kein Button","My Urban Piano","Vergangen"],"articleSection":["Konzert"],"inLanguage":"fr-FR"},{"@type":"WebPage","@id":"https:\/\/kuka-trier.de\/maria-basel-jonas-david\/","url":"https:\/\/kuka-trier.de\/maria-basel-jonas-david\/","name":"Maria Basel &amp; Jonas David","isPartOf":{"@id":"https:\/\/kuka-trier.de\/#website"},"primaryImageOfPage":{"@id":"https:\/\/kuka-trier.de\/maria-basel-jonas-david\/#primaryimage"},"image":{"@id":"https:\/\/kuka-trier.de\/maria-basel-jonas-david\/#primaryimage"},"thumbnailUrl":"https:\/\/kuka-trier.de\/wp-content\/uploads\/2024\/07\/Maria-Jonas-600x450-1.jpg","datePublished":"2024-07-04T15:37:27+00:00","dateModified":"2024-09-18T10:34:25+00:00","description":"Concert de My Urban Piano le samedi 14 septembre \u00e0 19h30 sur le Domfreihof \u00e0 Tr\u00e8ves. Avec Maria Basel et Jonas David","breadcrumb":{"@id":"https:\/\/kuka-trier.de\/maria-basel-jonas-david\/#breadcrumb"},"inLanguage":"fr-FR","potentialAction":[{"@type":"ReadAction","target":["https:\/\/kuka-trier.de\/maria-basel-jonas-david\/"]}]},{"@type":"ImageObject","inLanguage":"fr-FR","@id":"https:\/\/kuka-trier.de\/maria-basel-jonas-david\/#primaryimage","url":"https:\/\/kuka-trier.de\/wp-content\/uploads\/2024\/07\/Maria-Jonas-600x450-1.jpg","contentUrl":"https:\/\/kuka-trier.de\/wp-content\/uploads\/2024\/07\/Maria-Jonas-600x450-1.jpg","width":600,"height":450,"caption":"Maria Basel Jonas David Doors"},{"@type":"BreadcrumbList","@id":"https:\/\/kuka-trier.de\/maria-basel-jonas-david\/#breadcrumb","itemListElement":[{"@type":"ListItem","position":1,"name":"Startseite","item":"https:\/\/kuka-trier.de\/"},{"@type":"ListItem","position":2,"name":"Maria Basel &amp; Jonas David"}]},{"@type":"WebSite","@id":"https:\/\/kuka-trier.de\/#website","url":"https:\/\/kuka-trier.de\/","name":"Kulturkarawane Tr\u00e8ves","description":"Vivre en couleurs","publisher":{"@id":"https:\/\/kuka-trier.de\/#organization"},"potentialAction":[{"@type":"SearchAction","target":{"@type":"EntryPoint","urlTemplate":"https:\/\/kuka-trier.de\/?s={search_term_string}"},"query-input":{"@type":"PropertyValueSpecification","valueRequired":true,"valueName":"search_term_string"}}],"inLanguage":"fr-FR"},{"@type":"Organization","@id":"https:\/\/kuka-trier.de\/#organization","name":"Kulturkarawane Tr\u00e8ves","url":"https:\/\/kuka-trier.de\/","logo":{"@type":"ImageObject","inLanguage":"fr-FR","@id":"https:\/\/kuka-trier.de\/#\/schema\/logo\/image\/","url":"https:\/\/kuka-trier.de\/wp-content\/uploads\/2022\/02\/cropped-KK19_Logo_color_26-12_web.png","contentUrl":"https:\/\/kuka-trier.de\/wp-content\/uploads\/2022\/02\/cropped-KK19_Logo_color_26-12_web.png","width":822,"height":340,"caption":"Kulturkarawane Trier"},"image":{"@id":"https:\/\/kuka-trier.de\/#\/schema\/logo\/image\/"}},{"@type":"Person","@id":"https:\/\/kuka-trier.de\/#\/schema\/person\/0e70983de674702cd8a6bd6656029617","name":"admin","image":{"@type":"ImageObject","inLanguage":"fr-FR","@id":"https:\/\/secure.gravatar.com\/avatar\/9a8eb49d2b2ccb1d3ebbd410bd75a2680c8aff6331ee1e34607e1a7ee6695d39?s=96&d=mm&r=g","url":"https:\/\/secure.gravatar.com\/avatar\/9a8eb49d2b2ccb1d3ebbd410bd75a2680c8aff6331ee1e34607e1a7ee6695d39?s=96&d=mm&r=g","contentUrl":"https:\/\/secure.gravatar.com\/avatar\/9a8eb49d2b2ccb1d3ebbd410bd75a2680c8aff6331ee1e34607e1a7ee6695d39?s=96&d=mm&r=g","caption":"admin"},"sameAs":["http:\/\/kuka-trier.de"],"url":"https:\/\/kuka-trier.de\/fr\/author\/admin\/"}]}},"_links":{"self":[{"href":"https:\/\/kuka-trier.de\/fr\/wp-json\/wp\/v2\/posts\/6237","targetHints":{"allow":["GET"]}}],"collection":[{"href":"https:\/\/kuka-trier.de\/fr\/wp-json\/wp\/v2\/posts"}],"about":[{"href":"https:\/\/kuka-trier.de\/fr\/wp-json\/wp\/v2\/types\/post"}],"author":[{"embeddable":true,"href":"https:\/\/kuka-trier.de\/fr\/wp-json\/wp\/v2\/users\/1"}],"replies":[{"embeddable":true,"href":"https:\/\/kuka-trier.de\/fr\/wp-json\/wp\/v2\/comments?post=6237"}],"version-history":[{"count":7,"href":"https:\/\/kuka-trier.de\/fr\/wp-json\/wp\/v2\/posts\/6237\/revisions"}],"predecessor-version":[{"id":6332,"href":"https:\/\/kuka-trier.de\/fr\/wp-json\/wp\/v2\/posts\/6237\/revisions\/6332"}],"wp:featuredmedia":[{"embeddable":true,"href":"https:\/\/kuka-trier.de\/fr\/wp-json\/wp\/v2\/media\/6238"}],"wp:attachment":[{"href":"https:\/\/kuka-trier.de\/fr\/wp-json\/wp\/v2\/media?parent=6237"}],"wp:term":[{"taxonomy":"category","embeddable":true,"href":"https:\/\/kuka-trier.de\/fr\/wp-json\/wp\/v2\/categories?post=6237"},{"taxonomy":"post_tag","embeddable":true,"href":"https:\/\/kuka-trier.de\/fr\/wp-json\/wp\/v2\/tags?post=6237"}],"curies":[{"name":"wp","href":"https:\/\/api.w.org\/{rel}","templated":true}]}}