{"id":6337,"date":"2024-07-30T12:27:14","date_gmt":"2024-07-30T12:27:14","guid":{"rendered":"https:\/\/kuka-trier.de\/?p=6337"},"modified":"2024-09-10T10:30:10","modified_gmt":"2024-09-10T10:30:10","slug":"musikpicknick-trier-sued","status":"publish","type":"post","link":"https:\/\/kuka-trier.de\/fr\/musikpicknick-trier-sued\/","title":{"rendered":"Pique-nique musical de Tr\u00e8ves-sud"},"content":{"rendered":"<p><strong>\"Animer les places, vivre la musique\"<\/strong><\/p>\n\n\n\n<p>En collaboration avec le&nbsp;<strong>Conseil local de Tr\u00e8ves-Sud<\/strong>&nbsp;la Kulturkarawane organise un<strong>&nbsp;Pique-nique musical sur la place Hubert-Neuerburg&nbsp;<\/strong>\u00e0 proximit\u00e9 imm\u00e9diate du carrefour de la Saarstra\u00dfe et de la Hawstra\u00dfe. Sur place, les visiteurs seront accueillis dans une ambiance de pique-nique d\u00e9tendue avec des chaises longues et des couvertures de pique-nique. Le pop-up culturel mobile Klein Anders, autonome en \u00e9nergie, pr\u00e9sentera de la musique live de \"Kat Kit\" et \"Vianne\" entre 12h00 et 14h00. Le&nbsp;<strong>L'entr\u00e9e est gratuite<\/strong>, m\u00eame apr\u00e8s les concerts, l'\u00e9v\u00e9nement invite \u00e0 passer du temps ensemble.<\/p>\n\n\n\n<p>Au sein d'un quartier multiculturel, nous voulons cr\u00e9er un cadre de rencontre interculturel \u00e0 bas seuil. Les habitants du quartier peuvent se rencontrer autour d'un pique-nique avec de la nourriture et des boissons qu'ils ont apport\u00e9es. Conform\u00e9ment \u00e0 notre objectif de faire l'exp\u00e9rience d'une culture color\u00e9e, nous utilisons un lieu d\u00e9j\u00e0 existant sur la place Hubert-Neuerburg comme espace de rencontre et d'interaction. Pour pouvoir vivre et cr\u00e9er une communaut\u00e9 dans la diversit\u00e9 et l'interculturalit\u00e9 dans un quartier color\u00e9.<\/p>\n\n\n\n<h2 class=\"wp-block-heading\"><strong>KAT KIT<\/strong><\/h2>\n\n\n\n<p>Des lignes \u00e9nergiques et rugueuses aux notes fragiles souffl\u00e9es : Kat Kit rompt avec la contradiction apparente de la douceur et de la force. Les yeux ferm\u00e9s, elle dessine au piano des paysages cin\u00e9matiques d'un esprit introverti. Dans ses productions, elle combine des harmonies jazzy et des structures de chansons inhabituelles avec des beats pop accrocheurs. \"Elle est tellement ind\u00e9pendante. C'est ce qu'on appelle \u00eatre unique. C'est ce que tu cherches. Elle disait : cette musique est pour les introvertis. Mais elle a transform\u00e9 cela en une telle force. Je n'ai jamais vu \u00e7a. Personne n'a \u00e9t\u00e9 aussi fort qu'elle parce qu'elle s'est montr\u00e9e et nous a donn\u00e9 sa voix. Pour moi, elle \u00e9tait la musique devenue vivante\", dit Angela Peltner Lors du concours national local heroes 2023, Kat Kit a \u00e9t\u00e9 \u00e9lue Newcomerin de l'ann\u00e9e, elle a aussi r\u00e9cemment \u00e9t\u00e9 entendue sur Deutschlandfunk Kultur.&nbsp;<\/p>\n\n\n\n<figure class=\"wp-block-embed is-type-video is-provider-youtube wp-block-embed-youtube wp-embed-aspect-16-9 wp-has-aspect-ratio\"><div class=\"wp-block-embed__wrapper\">\n<iframe title=\"Kat Kit - hold u (official video)\" width=\"800\" height=\"450\" src=\"https:\/\/www.youtube.com\/embed\/Ckk_4TtT4ww?feature=oembed\" frameborder=\"0\" allow=\"accelerometer; autoplay; clipboard-write; encrypted-media; gyroscope; picture-in-picture; web-share\" referrerpolicy=\"strict-origin-when-cross-origin\" allowfullscreen><\/iframe>\n<\/div><\/figure>\n\n\n\n<h2 class=\"wp-block-heading\"><strong>VIANNE<\/strong><\/h2>\n\n\n\n<p>Vianne est une auteure-compositrice-interpr\u00e8te de 18 ans de la sc\u00e8ne indie-folk. Sur sc\u00e8ne, sa guitare ne doit jamais manquer, mais \u00e0 la maison, elle joue aussi de la basse, de la batterie et du piano pour ses chansons. Vianne a \u00e9crit sa premi\u00e8re chanson \u00e0 l'\u00e2ge de 11 ans et a continu\u00e9 depuis.<\/p>\n\n\n\n<p>L'ann\u00e9e derni\u00e8re, elle a gagn\u00e9 le concours de chansons d'Un seul monde avec sa chanson \"Open up your eyes\" et a donc eu la possibilit\u00e9 d'enregistrer la chanson dans un studio d'enregistrement \u00e0 Berlin. R\u00e9cemment, cette chanson a \u00e9galement \u00e9t\u00e9 publi\u00e9e.<\/p>\n\n\n\n<p>D'habitude, Vianne enregistre ses chansons seule chez elle dans un d\u00e9barras transform\u00e9 et les publie sur toutes les plateformes de streaming sous \"Vianne\" !<\/p>\n\n\n\n<figure class=\"wp-block-embed is-type-video is-provider-youtube wp-block-embed-youtube wp-embed-aspect-4-3 wp-has-aspect-ratio\"><div class=\"wp-block-embed__wrapper\">\n<iframe title=\"Ouvre les yeux\" width=\"800\" height=\"600\" src=\"https:\/\/www.youtube.com\/embed\/lTQSrSGKlyY?feature=oembed\" frameborder=\"0\" allow=\"accelerometer; autoplay; clipboard-write; encrypted-media; gyroscope; picture-in-picture; web-share\" referrerpolicy=\"strict-origin-when-cross-origin\" allowfullscreen><\/iframe>\n<\/div><\/figure>","protected":false},"excerpt":{"rendered":"<p>MUSIK PICKNICK Tr\u00e8ves-sud<br \/>Dimanche 1er septembre - 12h <br \/>Place Hubert-Neuerburg<br \/>Entr\u00e9e gratuite !<\/p>","protected":false},"author":1,"featured_media":6339,"comment_status":"closed","ping_status":"closed","sticky":false,"template":"","format":"standard","meta":{"_jf_save_progress":"","footnotes":""},"categories":[11],"tags":[17,38,48],"class_list":["post-6337","post","type-post","status-publish","format-standard","has-post-thumbnail","hentry","category-musik","tag-klein-anders","tag-kostenlos","tag-vergangen"],"yoast_head":"<!-- This site is optimized with the Yoast SEO plugin v27.5 - https:\/\/yoast.com\/product\/yoast-seo-wordpress\/ -->\n<title>Musikpicknick Trier-S\u00fcd<\/title>\n<meta name=\"description\" content=\"Musik Picknick mit \u00bbKAT KIT\u00ab und \u00bbVIANNE\u00ab am 1. September auf dem Hubert-Neuerburg-Platz in Trier S\u00fcd\" \/>\n<meta name=\"robots\" content=\"index, follow, max-snippet:-1, max-image-preview:large, max-video-preview:-1\" \/>\n<link rel=\"canonical\" href=\"https:\/\/kuka-trier.de\/fr\/musikpicknick-trier-sued\/\" \/>\n<meta property=\"og:locale\" content=\"fr_FR\" \/>\n<meta property=\"og:type\" content=\"article\" \/>\n<meta property=\"og:title\" content=\"Musikpicknick Trier-S\u00fcd\" \/>\n<meta property=\"og:description\" content=\"Musik Picknick mit \u00bbKAT KIT\u00ab und \u00bbVIANNE\u00ab am 1. September auf dem Hubert-Neuerburg-Platz in Trier S\u00fcd\" \/>\n<meta property=\"og:url\" content=\"https:\/\/kuka-trier.de\/fr\/musikpicknick-trier-sued\/\" \/>\n<meta property=\"og:site_name\" content=\"Kulturkarawane Trier\" \/>\n<meta property=\"article:published_time\" content=\"2024-07-30T12:27:14+00:00\" \/>\n<meta property=\"article:modified_time\" content=\"2024-09-10T10:30:10+00:00\" \/>\n<meta property=\"og:image\" content=\"https:\/\/kuka-trier.de\/wp-content\/uploads\/2024\/07\/2024-kuk-kleinanders-musikpicknick-800x600-1.jpg\" \/>\n\t<meta property=\"og:image:width\" content=\"800\" \/>\n\t<meta property=\"og:image:height\" content=\"600\" \/>\n\t<meta property=\"og:image:type\" content=\"image\/jpeg\" \/>\n<meta name=\"author\" content=\"admin\" \/>\n<meta name=\"twitter:card\" content=\"summary_large_image\" \/>\n<meta name=\"twitter:label1\" content=\"\u00c9crit par\" \/>\n\t<meta name=\"twitter:data1\" content=\"admin\" \/>\n\t<meta name=\"twitter:label2\" content=\"Dur\u00e9e de lecture estim\u00e9e\" \/>\n\t<meta name=\"twitter:data2\" content=\"3 minutes\" \/>\n<script type=\"application\/ld+json\" class=\"yoast-schema-graph\">{\"@context\":\"https:\\\/\\\/schema.org\",\"@graph\":[{\"@type\":\"Article\",\"@id\":\"https:\\\/\\\/kuka-trier.de\\\/musikpicknick-trier-sued\\\/#article\",\"isPartOf\":{\"@id\":\"https:\\\/\\\/kuka-trier.de\\\/musikpicknick-trier-sued\\\/\"},\"author\":{\"name\":\"admin\",\"@id\":\"https:\\\/\\\/kuka-trier.de\\\/#\\\/schema\\\/person\\\/0e70983de674702cd8a6bd6656029617\"},\"headline\":\"Musikpicknick Trier-S\u00fcd\",\"datePublished\":\"2024-07-30T12:27:14+00:00\",\"dateModified\":\"2024-09-10T10:30:10+00:00\",\"mainEntityOfPage\":{\"@id\":\"https:\\\/\\\/kuka-trier.de\\\/musikpicknick-trier-sued\\\/\"},\"wordCount\":436,\"publisher\":{\"@id\":\"https:\\\/\\\/kuka-trier.de\\\/#organization\"},\"image\":{\"@id\":\"https:\\\/\\\/kuka-trier.de\\\/musikpicknick-trier-sued\\\/#primaryimage\"},\"thumbnailUrl\":\"https:\\\/\\\/kuka-trier.de\\\/wp-content\\\/uploads\\\/2024\\\/07\\\/2024-kuk-kleinanders-musikpicknick-800x600-1.jpg\",\"keywords\":[\"Klein Anders\",\"Kostenlos\",\"Vergangen\"],\"articleSection\":[\"Musik\"],\"inLanguage\":\"fr-FR\"},{\"@type\":\"WebPage\",\"@id\":\"https:\\\/\\\/kuka-trier.de\\\/musikpicknick-trier-sued\\\/\",\"url\":\"https:\\\/\\\/kuka-trier.de\\\/musikpicknick-trier-sued\\\/\",\"name\":\"Musikpicknick Trier-S\u00fcd\",\"isPartOf\":{\"@id\":\"https:\\\/\\\/kuka-trier.de\\\/#website\"},\"primaryImageOfPage\":{\"@id\":\"https:\\\/\\\/kuka-trier.de\\\/musikpicknick-trier-sued\\\/#primaryimage\"},\"image\":{\"@id\":\"https:\\\/\\\/kuka-trier.de\\\/musikpicknick-trier-sued\\\/#primaryimage\"},\"thumbnailUrl\":\"https:\\\/\\\/kuka-trier.de\\\/wp-content\\\/uploads\\\/2024\\\/07\\\/2024-kuk-kleinanders-musikpicknick-800x600-1.jpg\",\"datePublished\":\"2024-07-30T12:27:14+00:00\",\"dateModified\":\"2024-09-10T10:30:10+00:00\",\"description\":\"Musik Picknick mit \u00bbKAT KIT\u00ab und \u00bbVIANNE\u00ab am 1. September auf dem Hubert-Neuerburg-Platz in Trier S\u00fcd\",\"breadcrumb\":{\"@id\":\"https:\\\/\\\/kuka-trier.de\\\/musikpicknick-trier-sued\\\/#breadcrumb\"},\"inLanguage\":\"fr-FR\",\"potentialAction\":[{\"@type\":\"ReadAction\",\"target\":[\"https:\\\/\\\/kuka-trier.de\\\/musikpicknick-trier-sued\\\/\"]}]},{\"@type\":\"ImageObject\",\"inLanguage\":\"fr-FR\",\"@id\":\"https:\\\/\\\/kuka-trier.de\\\/musikpicknick-trier-sued\\\/#primaryimage\",\"url\":\"https:\\\/\\\/kuka-trier.de\\\/wp-content\\\/uploads\\\/2024\\\/07\\\/2024-kuk-kleinanders-musikpicknick-800x600-1.jpg\",\"contentUrl\":\"https:\\\/\\\/kuka-trier.de\\\/wp-content\\\/uploads\\\/2024\\\/07\\\/2024-kuk-kleinanders-musikpicknick-800x600-1.jpg\",\"width\":800,\"height\":600,\"caption\":\"KLA Musik Picknick\"},{\"@type\":\"BreadcrumbList\",\"@id\":\"https:\\\/\\\/kuka-trier.de\\\/musikpicknick-trier-sued\\\/#breadcrumb\",\"itemListElement\":[{\"@type\":\"ListItem\",\"position\":1,\"name\":\"Startseite\",\"item\":\"https:\\\/\\\/kuka-trier.de\\\/\"},{\"@type\":\"ListItem\",\"position\":2,\"name\":\"Musikpicknick Trier-S\u00fcd\"}]},{\"@type\":\"WebSite\",\"@id\":\"https:\\\/\\\/kuka-trier.de\\\/#website\",\"url\":\"https:\\\/\\\/kuka-trier.de\\\/\",\"name\":\"Kulturkarawane Trier\",\"description\":\"BuntERleben\",\"publisher\":{\"@id\":\"https:\\\/\\\/kuka-trier.de\\\/#organization\"},\"potentialAction\":[{\"@type\":\"SearchAction\",\"target\":{\"@type\":\"EntryPoint\",\"urlTemplate\":\"https:\\\/\\\/kuka-trier.de\\\/?s={search_term_string}\"},\"query-input\":{\"@type\":\"PropertyValueSpecification\",\"valueRequired\":true,\"valueName\":\"search_term_string\"}}],\"inLanguage\":\"fr-FR\"},{\"@type\":\"Organization\",\"@id\":\"https:\\\/\\\/kuka-trier.de\\\/#organization\",\"name\":\"Kulturkarawane Trier\",\"url\":\"https:\\\/\\\/kuka-trier.de\\\/\",\"logo\":{\"@type\":\"ImageObject\",\"inLanguage\":\"fr-FR\",\"@id\":\"https:\\\/\\\/kuka-trier.de\\\/#\\\/schema\\\/logo\\\/image\\\/\",\"url\":\"https:\\\/\\\/kuka-trier.de\\\/wp-content\\\/uploads\\\/2022\\\/02\\\/cropped-KK19_Logo_color_26-12_web.png\",\"contentUrl\":\"https:\\\/\\\/kuka-trier.de\\\/wp-content\\\/uploads\\\/2022\\\/02\\\/cropped-KK19_Logo_color_26-12_web.png\",\"width\":822,\"height\":340,\"caption\":\"Kulturkarawane Trier\"},\"image\":{\"@id\":\"https:\\\/\\\/kuka-trier.de\\\/#\\\/schema\\\/logo\\\/image\\\/\"}},{\"@type\":\"Person\",\"@id\":\"https:\\\/\\\/kuka-trier.de\\\/#\\\/schema\\\/person\\\/0e70983de674702cd8a6bd6656029617\",\"name\":\"admin\",\"image\":{\"@type\":\"ImageObject\",\"inLanguage\":\"fr-FR\",\"@id\":\"https:\\\/\\\/secure.gravatar.com\\\/avatar\\\/9a8eb49d2b2ccb1d3ebbd410bd75a2680c8aff6331ee1e34607e1a7ee6695d39?s=96&d=mm&r=g\",\"url\":\"https:\\\/\\\/secure.gravatar.com\\\/avatar\\\/9a8eb49d2b2ccb1d3ebbd410bd75a2680c8aff6331ee1e34607e1a7ee6695d39?s=96&d=mm&r=g\",\"contentUrl\":\"https:\\\/\\\/secure.gravatar.com\\\/avatar\\\/9a8eb49d2b2ccb1d3ebbd410bd75a2680c8aff6331ee1e34607e1a7ee6695d39?s=96&d=mm&r=g\",\"caption\":\"admin\"},\"sameAs\":[\"http:\\\/\\\/kuka-trier.de\"],\"url\":\"https:\\\/\\\/kuka-trier.de\\\/fr\\\/author\\\/admin\\\/\"}]}<\/script>\n<!-- \/ Yoast SEO plugin. -->","yoast_head_json":{"title":"Pique-nique musical de Tr\u00e8ves-sud","description":"Pique-nique musical avec \u00ab\u00abKAT KIT\" et \"\u00bbVIANNE\" le 1er septembre sur la place Hubert-Neuerburg \u00e0 Tr\u00e8ves Sud","robots":{"index":"index","follow":"follow","max-snippet":"max-snippet:-1","max-image-preview":"max-image-preview:large","max-video-preview":"max-video-preview:-1"},"canonical":"https:\/\/kuka-trier.de\/fr\/musikpicknick-trier-sued\/","og_locale":"fr_FR","og_type":"article","og_title":"Musikpicknick Trier-S\u00fcd","og_description":"Musik Picknick mit \u00bbKAT KIT\u00ab und \u00bbVIANNE\u00ab am 1. September auf dem Hubert-Neuerburg-Platz in Trier S\u00fcd","og_url":"https:\/\/kuka-trier.de\/fr\/musikpicknick-trier-sued\/","og_site_name":"Kulturkarawane Trier","article_published_time":"2024-07-30T12:27:14+00:00","article_modified_time":"2024-09-10T10:30:10+00:00","og_image":[{"width":800,"height":600,"url":"https:\/\/kuka-trier.de\/wp-content\/uploads\/2024\/07\/2024-kuk-kleinanders-musikpicknick-800x600-1.jpg","type":"image\/jpeg"}],"author":"admin","twitter_card":"summary_large_image","twitter_misc":{"\u00c9crit par":"admin","Dur\u00e9e de lecture estim\u00e9e":"3 minutes"},"schema":{"@context":"https:\/\/schema.org","@graph":[{"@type":"Article","@id":"https:\/\/kuka-trier.de\/musikpicknick-trier-sued\/#article","isPartOf":{"@id":"https:\/\/kuka-trier.de\/musikpicknick-trier-sued\/"},"author":{"name":"admin","@id":"https:\/\/kuka-trier.de\/#\/schema\/person\/0e70983de674702cd8a6bd6656029617"},"headline":"Musikpicknick Trier-S\u00fcd","datePublished":"2024-07-30T12:27:14+00:00","dateModified":"2024-09-10T10:30:10+00:00","mainEntityOfPage":{"@id":"https:\/\/kuka-trier.de\/musikpicknick-trier-sued\/"},"wordCount":436,"publisher":{"@id":"https:\/\/kuka-trier.de\/#organization"},"image":{"@id":"https:\/\/kuka-trier.de\/musikpicknick-trier-sued\/#primaryimage"},"thumbnailUrl":"https:\/\/kuka-trier.de\/wp-content\/uploads\/2024\/07\/2024-kuk-kleinanders-musikpicknick-800x600-1.jpg","keywords":["Klein Anders","Kostenlos","Vergangen"],"articleSection":["Musik"],"inLanguage":"fr-FR"},{"@type":"WebPage","@id":"https:\/\/kuka-trier.de\/musikpicknick-trier-sued\/","url":"https:\/\/kuka-trier.de\/musikpicknick-trier-sued\/","name":"Pique-nique musical de Tr\u00e8ves-sud","isPartOf":{"@id":"https:\/\/kuka-trier.de\/#website"},"primaryImageOfPage":{"@id":"https:\/\/kuka-trier.de\/musikpicknick-trier-sued\/#primaryimage"},"image":{"@id":"https:\/\/kuka-trier.de\/musikpicknick-trier-sued\/#primaryimage"},"thumbnailUrl":"https:\/\/kuka-trier.de\/wp-content\/uploads\/2024\/07\/2024-kuk-kleinanders-musikpicknick-800x600-1.jpg","datePublished":"2024-07-30T12:27:14+00:00","dateModified":"2024-09-10T10:30:10+00:00","description":"Pique-nique musical avec \u00ab\u00abKAT KIT\" et \"\u00bbVIANNE\" le 1er septembre sur la place Hubert-Neuerburg \u00e0 Tr\u00e8ves Sud","breadcrumb":{"@id":"https:\/\/kuka-trier.de\/musikpicknick-trier-sued\/#breadcrumb"},"inLanguage":"fr-FR","potentialAction":[{"@type":"ReadAction","target":["https:\/\/kuka-trier.de\/musikpicknick-trier-sued\/"]}]},{"@type":"ImageObject","inLanguage":"fr-FR","@id":"https:\/\/kuka-trier.de\/musikpicknick-trier-sued\/#primaryimage","url":"https:\/\/kuka-trier.de\/wp-content\/uploads\/2024\/07\/2024-kuk-kleinanders-musikpicknick-800x600-1.jpg","contentUrl":"https:\/\/kuka-trier.de\/wp-content\/uploads\/2024\/07\/2024-kuk-kleinanders-musikpicknick-800x600-1.jpg","width":800,"height":600,"caption":"KLA Musik Picknick"},{"@type":"BreadcrumbList","@id":"https:\/\/kuka-trier.de\/musikpicknick-trier-sued\/#breadcrumb","itemListElement":[{"@type":"ListItem","position":1,"name":"Startseite","item":"https:\/\/kuka-trier.de\/"},{"@type":"ListItem","position":2,"name":"Musikpicknick Trier-S\u00fcd"}]},{"@type":"WebSite","@id":"https:\/\/kuka-trier.de\/#website","url":"https:\/\/kuka-trier.de\/","name":"Kulturkarawane Tr\u00e8ves","description":"Vivre en couleurs","publisher":{"@id":"https:\/\/kuka-trier.de\/#organization"},"potentialAction":[{"@type":"SearchAction","target":{"@type":"EntryPoint","urlTemplate":"https:\/\/kuka-trier.de\/?s={search_term_string}"},"query-input":{"@type":"PropertyValueSpecification","valueRequired":true,"valueName":"search_term_string"}}],"inLanguage":"fr-FR"},{"@type":"Organization","@id":"https:\/\/kuka-trier.de\/#organization","name":"Kulturkarawane Tr\u00e8ves","url":"https:\/\/kuka-trier.de\/","logo":{"@type":"ImageObject","inLanguage":"fr-FR","@id":"https:\/\/kuka-trier.de\/#\/schema\/logo\/image\/","url":"https:\/\/kuka-trier.de\/wp-content\/uploads\/2022\/02\/cropped-KK19_Logo_color_26-12_web.png","contentUrl":"https:\/\/kuka-trier.de\/wp-content\/uploads\/2022\/02\/cropped-KK19_Logo_color_26-12_web.png","width":822,"height":340,"caption":"Kulturkarawane Trier"},"image":{"@id":"https:\/\/kuka-trier.de\/#\/schema\/logo\/image\/"}},{"@type":"Person","@id":"https:\/\/kuka-trier.de\/#\/schema\/person\/0e70983de674702cd8a6bd6656029617","name":"admin","image":{"@type":"ImageObject","inLanguage":"fr-FR","@id":"https:\/\/secure.gravatar.com\/avatar\/9a8eb49d2b2ccb1d3ebbd410bd75a2680c8aff6331ee1e34607e1a7ee6695d39?s=96&d=mm&r=g","url":"https:\/\/secure.gravatar.com\/avatar\/9a8eb49d2b2ccb1d3ebbd410bd75a2680c8aff6331ee1e34607e1a7ee6695d39?s=96&d=mm&r=g","contentUrl":"https:\/\/secure.gravatar.com\/avatar\/9a8eb49d2b2ccb1d3ebbd410bd75a2680c8aff6331ee1e34607e1a7ee6695d39?s=96&d=mm&r=g","caption":"admin"},"sameAs":["http:\/\/kuka-trier.de"],"url":"https:\/\/kuka-trier.de\/fr\/author\/admin\/"}]}},"_links":{"self":[{"href":"https:\/\/kuka-trier.de\/fr\/wp-json\/wp\/v2\/posts\/6337","targetHints":{"allow":["GET"]}}],"collection":[{"href":"https:\/\/kuka-trier.de\/fr\/wp-json\/wp\/v2\/posts"}],"about":[{"href":"https:\/\/kuka-trier.de\/fr\/wp-json\/wp\/v2\/types\/post"}],"author":[{"embeddable":true,"href":"https:\/\/kuka-trier.de\/fr\/wp-json\/wp\/v2\/users\/1"}],"replies":[{"embeddable":true,"href":"https:\/\/kuka-trier.de\/fr\/wp-json\/wp\/v2\/comments?post=6337"}],"version-history":[{"count":7,"href":"https:\/\/kuka-trier.de\/fr\/wp-json\/wp\/v2\/posts\/6337\/revisions"}],"predecessor-version":[{"id":6346,"href":"https:\/\/kuka-trier.de\/fr\/wp-json\/wp\/v2\/posts\/6337\/revisions\/6346"}],"wp:featuredmedia":[{"embeddable":true,"href":"https:\/\/kuka-trier.de\/fr\/wp-json\/wp\/v2\/media\/6339"}],"wp:attachment":[{"href":"https:\/\/kuka-trier.de\/fr\/wp-json\/wp\/v2\/media?parent=6337"}],"wp:term":[{"taxonomy":"category","embeddable":true,"href":"https:\/\/kuka-trier.de\/fr\/wp-json\/wp\/v2\/categories?post=6337"},{"taxonomy":"post_tag","embeddable":true,"href":"https:\/\/kuka-trier.de\/fr\/wp-json\/wp\/v2\/tags?post=6337"}],"curies":[{"name":"wp","href":"https:\/\/api.w.org\/{rel}","templated":true}]}}