{"id":8471,"date":"2025-09-22T10:05:47","date_gmt":"2025-09-22T10:05:47","guid":{"rendered":"https:\/\/kuka-trier.de\/?p=8471"},"modified":"2026-03-24T11:03:30","modified_gmt":"2026-03-24T11:03:30","slug":"bewegende-kultur-konferenz-24-03","status":"publish","type":"post","link":"https:\/\/kuka-trier.de\/fr\/bewegende-kultur-konferenz-24-03\/","title":{"rendered":"La culture qui bouge - conf\u00e9rence 24\/03."},"content":{"rendered":"<p><strong>Invitation \u00e0 la conf\u00e9rence culturelle \u201eCulture \u00e9mouvante 2026\u201c<\/strong><\/p>\n\n\n\n<a href=\"mailto:j.bongartz@kultkom.be?subject=Bewegende Kultur - Anmeldung f\u00fcr die Konferenz am 24.03.2026\">\n    <button>Inscris-toi ici \u00e0 la conf\u00e9rence !<\/button>\n  <\/a>\n\n\n\n<div style=\"height:30px\" aria-hidden=\"true\" class=\"wp-block-spacer\"><\/div>\n\n\n\n<p>Comment pouvons-nous repenser la culture dans l'espace public et la d\u00e9velopper ensemble ? Sous le slogan&nbsp;<strong>\u201eEnsemble. En r\u00e9seau. Durable\u201c.\u201c<\/strong>&nbsp;Nous t'invitons \u00e0 la conf\u00e9rence&nbsp;<strong>Culture \u00e9mouvante<\/strong>&nbsp;sur le site&nbsp;<strong>24 mars 2026, 15:00-20:00<\/strong>&nbsp;dans le&nbsp;<strong>Maison des jeunes d'Eupen (KultKom)<\/strong>&nbsp;une.<\/p>\n\n\n\n<p>L'\u00e9v\u00e9nement r\u00e9unit des acteurs culturels, des d\u00e9veloppeurs de projets, des repr\u00e9sentants de l'administration et des associations, ainsi que des entreprises, afin d'\u00e9changer des id\u00e9es, de recueillir des impulsions et de mettre la culture en mouvement. Ensemble, nous jetons \u00e9galement un coup d'\u0153il au-del\u00e0 du cadre de la Grande R\u00e9gion : trois projets invit\u00e9s passionnants pr\u00e9sentent leurs approches et donnent un aper\u00e7u des pratiques innovantes.<\/p>\n\n\n\n<a href=\"https:\/\/kuka-trier.de\/wp-content\/uploads\/2026\/02\/2026-BWK-Digital-Flyer-Konferenz-V2-scaled.png\">\n    <button>Flyer \u00e0 t\u00e9l\u00e9charger<\/button>\n  <\/a>\n\n\n\n<div style=\"height:30px\" aria-hidden=\"true\" class=\"wp-block-spacer\"><\/div>\n\n\n\n<p>Sont de la partie<\/p>\n\n\n\n<p><strong><u>Max Gruson &amp; Jordi M\u00f6llering<\/u><\/strong><\/p>\n\n\n\n<p>Max Gruson est un homme de th\u00e9\u00e2tre et un d\u00e9veloppeur cr\u00e9atif des Pays-Bas, Jordi M\u00f6llering de la compagnie de th\u00e9\u00e2tre De Eenzamen de Hasselt est un homme de th\u00e9\u00e2tre et un coursier \u00e0 v\u00e9lo. Tous deux travaillent sur le projet analogique \u201e6 letters to the end of the world\u201d dans lequel Jordi livre des lettres dans le monde entier \u00e0 v\u00e9lo : uniquement \u00e0 la force musculaire.<\/p>\n\n\n\n<p><strong><u>Patricia Yasmine Graf<\/u><\/strong><\/p>\n\n\n\n<p>Patricia Yasmine Graf travaille comme artiste et designer ind\u00e9pendante \u00e0 Aix-la-Chapelle. Dans son projet \u201e9 mois - 9 pays - 9 projets\u201c, un projet d'art urbain participatif est cr\u00e9\u00e9 lors de son voyage dans chaque pays - des d\u00e9corations murales \u00e0 grande \u00e9chelle aux petites interventions dans l'espace urbain, en passant par des ateliers avec des \u00e9coles ou des coop\u00e9rations avec des organisations locales.<\/p>\n\n\n\n<p><strong><u>Philipp Pollaert - WE R Solar<\/u><\/strong><\/p>\n\n\n\n<p>Comment organiser des \u00e9v\u00e9nements respectueux du climat tout en \u00e9tant mobiles ? Philipp Pollaert montre comment l'approvisionnement en \u00e9nergie durable et les solutions de mobilit\u00e9 innovantes peuvent fonctionner ensemble dans le domaine de l'\u00e9v\u00e9nementiel. Il combine une longue exp\u00e9rience dans la culture, l'organisation de festivals et le travail de projet transnational avec une solide expertise en gestion de projet durable.<\/p>\n\n\n\n<p>Ensuite, tous les participants auront la chance de participer activement avec leurs propres th\u00e8mes : Dans le cadre d'un forum interactif&nbsp;<strong>Format du world caf\u00e9<\/strong>&nbsp;- une m\u00e9thode d'\u00e9change anim\u00e9e par des petits groupes alternant autour de tables th\u00e9matiques - nous d\u00e9veloppons ensemble des id\u00e9es sur la mani\u00e8re dont la coop\u00e9ration culturelle dans la Grande R\u00e9gion peut \u00eatre encore plus interconnect\u00e9e. Un&nbsp;<strong>Table ronde<\/strong>&nbsp;compl\u00e8te le programme et ouvre les \u00e9changes informels autour d'une musique et d'un snack.<\/p>\n\n\n\n<p>\ud83d\udcc5&nbsp;<strong>Date :<\/strong>&nbsp;24.03.2026<\/p>\n\n\n\n<p>\ud83d\udd52&nbsp;<strong>Le temps :<\/strong>&nbsp;15:00-20:00 heures<\/p>\n\n\n\n<p>\ud83d\udccd&nbsp;<strong>Lieu<\/strong>&nbsp;KultKom - Maison des jeunes d'Eupen (BE)<\/p>\n\n\n\n<p><strong>\u2728 Participation gratuite (repas inclus).<\/strong><\/p>\n\n\n\n<p><strong>\ud83d\udc49 Inscris-toi maintenant et fais bouger la culture ! La date limite d'inscription est le 17 mars 2026<\/strong><\/p>\n\n\n\n<p>Nous nous r\u00e9jouissons de ta participation et d'un \u00e9change inspirant !<\/p>\n\n\n\n<p><em>La culture en mouvement est un projet commun de Kulturkarawane de Tr\u00e8ves et de KultKom d'Eupen. Le projet est cofinanc\u00e9 par l'UE dans le cadre du programme Interreg Grande R\u00e9gion 2021-2027.<br><\/em><\/p>\n\n\n\n<a href=\"https:\/\/kuka-trier.de\/fr\/bewegende-kultur\/\">\n    <button>Plus d'infos sur \"Culture \u00e9mouvante\" et l'\u00e9v\u00e9nement<\/button>\n  <\/a>\n\n\n\n<div style=\"height:30px\" aria-hidden=\"true\" class=\"wp-block-spacer\"><\/div>\n\n\n\n<figure class=\"wp-block-image size-large\"><img fetchpriority=\"high\" decoding=\"async\" width=\"819\" height=\"1024\" src=\"https:\/\/kuka-trier.de\/wp-content\/uploads\/2025\/09\/2026-BWK-Digital-Flyer-Konferenz-Update-819x1024.png\" alt=\"Flyer zur Konferenz Bewegende Kultur\" class=\"wp-image-8833\" srcset=\"https:\/\/kuka-trier.de\/wp-content\/uploads\/2025\/09\/2026-BWK-Digital-Flyer-Konferenz-Update-819x1024.png 819w, https:\/\/kuka-trier.de\/wp-content\/uploads\/2025\/09\/2026-BWK-Digital-Flyer-Konferenz-Update-240x300.png 240w, https:\/\/kuka-trier.de\/wp-content\/uploads\/2025\/09\/2026-BWK-Digital-Flyer-Konferenz-Update-768x960.png 768w, https:\/\/kuka-trier.de\/wp-content\/uploads\/2025\/09\/2026-BWK-Digital-Flyer-Konferenz-Update-1229x1536.png 1229w, https:\/\/kuka-trier.de\/wp-content\/uploads\/2025\/09\/2026-BWK-Digital-Flyer-Konferenz-Update-1638x2048.png 1638w, https:\/\/kuka-trier.de\/wp-content\/uploads\/2025\/09\/2026-BWK-Digital-Flyer-Konferenz-Update-10x12.png 10w, https:\/\/kuka-trier.de\/wp-content\/uploads\/2025\/09\/2026-BWK-Digital-Flyer-Konferenz-Update-scaled.png 2048w\" sizes=\"(max-width: 819px) 100vw, 819px\" \/><\/figure>\n\n\n\n<p><strong>La culture qui bouge est un projet commun de <\/strong><\/p>\n\n\n\n<div class=\"wp-block-columns is-layout-flex wp-container-core-columns-is-layout-28f84493 wp-block-columns-is-layout-flex\">\n<div class=\"wp-block-column is-layout-flow wp-block-column-is-layout-flow\">\n<figure class=\"wp-block-image size-full\"><img decoding=\"async\" width=\"822\" height=\"340\" src=\"https:\/\/kuka-trier.de\/wp-content\/uploads\/2022\/02\/cropped-KK19_Logo_color_26-12_web.png\" alt=\"\" class=\"wp-image-17\" srcset=\"https:\/\/kuka-trier.de\/wp-content\/uploads\/2022\/02\/cropped-KK19_Logo_color_26-12_web.png 822w, https:\/\/kuka-trier.de\/wp-content\/uploads\/2022\/02\/cropped-KK19_Logo_color_26-12_web-300x124.png 300w, https:\/\/kuka-trier.de\/wp-content\/uploads\/2022\/02\/cropped-KK19_Logo_color_26-12_web-768x318.png 768w\" sizes=\"(max-width: 822px) 100vw, 822px\" \/><\/figure>\n<\/div>\n\n\n\n<div class=\"wp-block-column is-vertically-aligned-center is-layout-flow wp-block-column-is-layout-flow\">\n<figure class=\"wp-block-image aligncenter size-full\"><img decoding=\"async\" width=\"1024\" height=\"246\" src=\"https:\/\/kuka-trier.de\/wp-content\/uploads\/2025\/02\/LogoKultKom22-1024x246-1.png\" alt=\"Logo KultKom Eupen\" class=\"wp-image-7241\" srcset=\"https:\/\/kuka-trier.de\/wp-content\/uploads\/2025\/02\/LogoKultKom22-1024x246-1.png 1024w, https:\/\/kuka-trier.de\/wp-content\/uploads\/2025\/02\/LogoKultKom22-1024x246-1-300x72.png 300w, https:\/\/kuka-trier.de\/wp-content\/uploads\/2025\/02\/LogoKultKom22-1024x246-1-768x185.png 768w, https:\/\/kuka-trier.de\/wp-content\/uploads\/2025\/02\/LogoKultKom22-1024x246-1-18x4.png 18w\" sizes=\"(max-width: 1024px) 100vw, 1024px\" \/><\/figure>\n<\/div>\n<\/div>\n\n\n\n<p><strong>Soutenu par :<\/strong><\/p>\n\n\n\n<div class=\"wp-block-columns is-layout-flex wp-container-core-columns-is-layout-28f84493 wp-block-columns-is-layout-flex\">\n<div class=\"wp-block-column is-layout-flow wp-block-column-is-layout-flow\">\n<figure class=\"wp-block-image size-full\"><img loading=\"lazy\" decoding=\"async\" width=\"1000\" height=\"494\" src=\"https:\/\/kuka-trier.de\/wp-content\/uploads\/2025\/02\/Bewegende-Kultur-Interreg-RGB-Color-1.png\" alt=\"\" class=\"wp-image-7089\" srcset=\"https:\/\/kuka-trier.de\/wp-content\/uploads\/2025\/02\/Bewegende-Kultur-Interreg-RGB-Color-1.png 1000w, https:\/\/kuka-trier.de\/wp-content\/uploads\/2025\/02\/Bewegende-Kultur-Interreg-RGB-Color-1-300x148.png 300w, https:\/\/kuka-trier.de\/wp-content\/uploads\/2025\/02\/Bewegende-Kultur-Interreg-RGB-Color-1-768x379.png 768w, https:\/\/kuka-trier.de\/wp-content\/uploads\/2025\/02\/Bewegende-Kultur-Interreg-RGB-Color-1-18x9.png 18w\" sizes=\"(max-width: 1000px) 100vw, 1000px\" \/><\/figure>\n<\/div>\n<\/div>","protected":false},"excerpt":{"rendered":"<p>Culture \u00e9mouvante<br \/>\n24 mars - 15:00 - 20:00 heures<br \/>\nKultKom, Maison des jeunes d'Eupen (BE)<\/p>","protected":false},"author":9,"featured_media":8539,"comment_status":"closed","ping_status":"open","sticky":false,"template":"","format":"standard","meta":{"_jf_save_progress":"","footnotes":""},"categories":[43],"tags":[100,69,38,48],"class_list":["post-8471","post","type-post","status-publish","format-standard","has-post-thumbnail","hentry","category-begegnungen","tag-bewegende-kultur","tag-kein-button","tag-kostenlos","tag-vergangen"],"yoast_head":"<!-- This site is optimized with the Yoast SEO plugin v27.5 - https:\/\/yoast.com\/product\/yoast-seo-wordpress\/ -->\n<title>Bewegende Kultur - Konferenz 24.03.<\/title>\n<meta name=\"description\" content=\"Bewegende Kultur - Konferenz 24.03. Das\u00a0Barcamp\u00a0ist f\u00fcr alle da, die Kultur im \u00f6ffentlichen Raum mitgestalten wollen.\" \/>\n<meta name=\"robots\" content=\"index, follow, max-snippet:-1, max-image-preview:large, max-video-preview:-1\" \/>\n<link rel=\"canonical\" href=\"https:\/\/kuka-trier.de\/fr\/bewegende-kultur-konferenz-24-03\/\" \/>\n<meta property=\"og:locale\" content=\"fr_FR\" \/>\n<meta property=\"og:type\" content=\"article\" \/>\n<meta property=\"og:title\" content=\"Bewegende Kultur - Konferenz 24.03.\" \/>\n<meta property=\"og:description\" content=\"Bewegende Kultur - Konferenz 24.03. Das\u00a0Barcamp\u00a0ist f\u00fcr alle da, die Kultur im \u00f6ffentlichen Raum mitgestalten wollen.\" \/>\n<meta property=\"og:url\" content=\"https:\/\/kuka-trier.de\/fr\/bewegende-kultur-konferenz-24-03\/\" \/>\n<meta property=\"og:site_name\" content=\"Kulturkarawane Trier\" \/>\n<meta property=\"article:published_time\" content=\"2025-09-22T10:05:47+00:00\" \/>\n<meta property=\"article:modified_time\" content=\"2026-03-24T11:03:30+00:00\" \/>\n<meta property=\"og:image\" content=\"https:\/\/kuka-trier.de\/wp-content\/uploads\/2025\/10\/KUK-BWK-Logo-2.png\" \/>\n\t<meta property=\"og:image:width\" content=\"8333\" \/>\n\t<meta property=\"og:image:height\" content=\"5179\" \/>\n\t<meta property=\"og:image:type\" content=\"image\/png\" \/>\n<meta name=\"author\" content=\"KuKaMa\" \/>\n<meta name=\"twitter:card\" content=\"summary_large_image\" \/>\n<meta name=\"twitter:label1\" content=\"\u00c9crit par\" \/>\n\t<meta name=\"twitter:data1\" content=\"KuKaMa\" \/>\n\t<meta name=\"twitter:label2\" content=\"Dur\u00e9e de lecture estim\u00e9e\" \/>\n\t<meta name=\"twitter:data2\" content=\"4 minutes\" \/>\n<script type=\"application\/ld+json\" class=\"yoast-schema-graph\">{\"@context\":\"https:\\\/\\\/schema.org\",\"@graph\":[{\"@type\":\"Article\",\"@id\":\"https:\\\/\\\/kuka-trier.de\\\/bewegende-kultur-konferenz-24-03\\\/#article\",\"isPartOf\":{\"@id\":\"https:\\\/\\\/kuka-trier.de\\\/bewegende-kultur-konferenz-24-03\\\/\"},\"author\":{\"name\":\"KuKaMa\",\"@id\":\"https:\\\/\\\/kuka-trier.de\\\/#\\\/schema\\\/person\\\/d1c0e42b2f41e72ce79de2d842bd287c\"},\"headline\":\"Bewegende Kultur &#8211; Konferenz 24.03.\",\"datePublished\":\"2025-09-22T10:05:47+00:00\",\"dateModified\":\"2026-03-24T11:03:30+00:00\",\"mainEntityOfPage\":{\"@id\":\"https:\\\/\\\/kuka-trier.de\\\/bewegende-kultur-konferenz-24-03\\\/\"},\"wordCount\":440,\"publisher\":{\"@id\":\"https:\\\/\\\/kuka-trier.de\\\/#organization\"},\"image\":{\"@id\":\"https:\\\/\\\/kuka-trier.de\\\/bewegende-kultur-konferenz-24-03\\\/#primaryimage\"},\"thumbnailUrl\":\"https:\\\/\\\/kuka-trier.de\\\/wp-content\\\/uploads\\\/2025\\\/10\\\/KUK-BWK-Logo-2.png\",\"keywords\":[\"Bewegende Kultur\",\"Kein Button\",\"Kostenlos\",\"Vergangen\"],\"articleSection\":[\"Begegnungen\"],\"inLanguage\":\"fr-FR\"},{\"@type\":\"WebPage\",\"@id\":\"https:\\\/\\\/kuka-trier.de\\\/bewegende-kultur-konferenz-24-03\\\/\",\"url\":\"https:\\\/\\\/kuka-trier.de\\\/bewegende-kultur-konferenz-24-03\\\/\",\"name\":\"Bewegende Kultur - Konferenz 24.03.\",\"isPartOf\":{\"@id\":\"https:\\\/\\\/kuka-trier.de\\\/#website\"},\"primaryImageOfPage\":{\"@id\":\"https:\\\/\\\/kuka-trier.de\\\/bewegende-kultur-konferenz-24-03\\\/#primaryimage\"},\"image\":{\"@id\":\"https:\\\/\\\/kuka-trier.de\\\/bewegende-kultur-konferenz-24-03\\\/#primaryimage\"},\"thumbnailUrl\":\"https:\\\/\\\/kuka-trier.de\\\/wp-content\\\/uploads\\\/2025\\\/10\\\/KUK-BWK-Logo-2.png\",\"datePublished\":\"2025-09-22T10:05:47+00:00\",\"dateModified\":\"2026-03-24T11:03:30+00:00\",\"description\":\"Bewegende Kultur - Konferenz 24.03. Das\u00a0Barcamp\u00a0ist f\u00fcr alle da, die Kultur im \u00f6ffentlichen Raum mitgestalten wollen.\",\"breadcrumb\":{\"@id\":\"https:\\\/\\\/kuka-trier.de\\\/bewegende-kultur-konferenz-24-03\\\/#breadcrumb\"},\"inLanguage\":\"fr-FR\",\"potentialAction\":[{\"@type\":\"ReadAction\",\"target\":[\"https:\\\/\\\/kuka-trier.de\\\/bewegende-kultur-konferenz-24-03\\\/\"]}]},{\"@type\":\"ImageObject\",\"inLanguage\":\"fr-FR\",\"@id\":\"https:\\\/\\\/kuka-trier.de\\\/bewegende-kultur-konferenz-24-03\\\/#primaryimage\",\"url\":\"https:\\\/\\\/kuka-trier.de\\\/wp-content\\\/uploads\\\/2025\\\/10\\\/KUK-BWK-Logo-2.png\",\"contentUrl\":\"https:\\\/\\\/kuka-trier.de\\\/wp-content\\\/uploads\\\/2025\\\/10\\\/KUK-BWK-Logo-2.png\",\"width\":8333,\"height\":5179},{\"@type\":\"BreadcrumbList\",\"@id\":\"https:\\\/\\\/kuka-trier.de\\\/bewegende-kultur-konferenz-24-03\\\/#breadcrumb\",\"itemListElement\":[{\"@type\":\"ListItem\",\"position\":1,\"name\":\"Startseite\",\"item\":\"https:\\\/\\\/kuka-trier.de\\\/\"},{\"@type\":\"ListItem\",\"position\":2,\"name\":\"Bewegende Kultur &#8211; Konferenz 24.03.\"}]},{\"@type\":\"WebSite\",\"@id\":\"https:\\\/\\\/kuka-trier.de\\\/#website\",\"url\":\"https:\\\/\\\/kuka-trier.de\\\/\",\"name\":\"Kulturkarawane Trier\",\"description\":\"BuntERleben\",\"publisher\":{\"@id\":\"https:\\\/\\\/kuka-trier.de\\\/#organization\"},\"potentialAction\":[{\"@type\":\"SearchAction\",\"target\":{\"@type\":\"EntryPoint\",\"urlTemplate\":\"https:\\\/\\\/kuka-trier.de\\\/?s={search_term_string}\"},\"query-input\":{\"@type\":\"PropertyValueSpecification\",\"valueRequired\":true,\"valueName\":\"search_term_string\"}}],\"inLanguage\":\"fr-FR\"},{\"@type\":\"Organization\",\"@id\":\"https:\\\/\\\/kuka-trier.de\\\/#organization\",\"name\":\"Kulturkarawane Trier\",\"url\":\"https:\\\/\\\/kuka-trier.de\\\/\",\"logo\":{\"@type\":\"ImageObject\",\"inLanguage\":\"fr-FR\",\"@id\":\"https:\\\/\\\/kuka-trier.de\\\/#\\\/schema\\\/logo\\\/image\\\/\",\"url\":\"https:\\\/\\\/kuka-trier.de\\\/wp-content\\\/uploads\\\/2022\\\/02\\\/cropped-KK19_Logo_color_26-12_web.png\",\"contentUrl\":\"https:\\\/\\\/kuka-trier.de\\\/wp-content\\\/uploads\\\/2022\\\/02\\\/cropped-KK19_Logo_color_26-12_web.png\",\"width\":822,\"height\":340,\"caption\":\"Kulturkarawane Trier\"},\"image\":{\"@id\":\"https:\\\/\\\/kuka-trier.de\\\/#\\\/schema\\\/logo\\\/image\\\/\"}},{\"@type\":\"Person\",\"@id\":\"https:\\\/\\\/kuka-trier.de\\\/#\\\/schema\\\/person\\\/d1c0e42b2f41e72ce79de2d842bd287c\",\"name\":\"KuKaMa\",\"image\":{\"@type\":\"ImageObject\",\"inLanguage\":\"fr-FR\",\"@id\":\"https:\\\/\\\/secure.gravatar.com\\\/avatar\\\/7fb0d6905f53b797e8b6020b07a78f10b315927c6c0299a0cbc7eb8262b67c0e?s=96&d=mm&r=g\",\"url\":\"https:\\\/\\\/secure.gravatar.com\\\/avatar\\\/7fb0d6905f53b797e8b6020b07a78f10b315927c6c0299a0cbc7eb8262b67c0e?s=96&d=mm&r=g\",\"contentUrl\":\"https:\\\/\\\/secure.gravatar.com\\\/avatar\\\/7fb0d6905f53b797e8b6020b07a78f10b315927c6c0299a0cbc7eb8262b67c0e?s=96&d=mm&r=g\",\"caption\":\"KuKaMa\"},\"url\":\"https:\\\/\\\/kuka-trier.de\\\/fr\\\/author\\\/kukama\\\/\"}]}<\/script>\n<!-- \/ Yoast SEO plugin. -->","yoast_head_json":{"title":"Bewegende Kultur - Konferenz 24.03.","description":"Bewegende Kultur - Konferenz 24.03. Das\u00a0Barcamp\u00a0ist f\u00fcr alle da, die Kultur im \u00f6ffentlichen Raum mitgestalten wollen.","robots":{"index":"index","follow":"follow","max-snippet":"max-snippet:-1","max-image-preview":"max-image-preview:large","max-video-preview":"max-video-preview:-1"},"canonical":"https:\/\/kuka-trier.de\/fr\/bewegende-kultur-konferenz-24-03\/","og_locale":"fr_FR","og_type":"article","og_title":"Bewegende Kultur - Konferenz 24.03.","og_description":"Bewegende Kultur - Konferenz 24.03. Das\u00a0Barcamp\u00a0ist f\u00fcr alle da, die Kultur im \u00f6ffentlichen Raum mitgestalten wollen.","og_url":"https:\/\/kuka-trier.de\/fr\/bewegende-kultur-konferenz-24-03\/","og_site_name":"Kulturkarawane Trier","article_published_time":"2025-09-22T10:05:47+00:00","article_modified_time":"2026-03-24T11:03:30+00:00","og_image":[{"width":8333,"height":5179,"url":"https:\/\/kuka-trier.de\/wp-content\/uploads\/2025\/10\/KUK-BWK-Logo-2.png","type":"image\/png"}],"author":"KuKaMa","twitter_card":"summary_large_image","twitter_misc":{"\u00c9crit par":"KuKaMa","Dur\u00e9e de lecture estim\u00e9e":"4 minutes"},"schema":{"@context":"https:\/\/schema.org","@graph":[{"@type":"Article","@id":"https:\/\/kuka-trier.de\/bewegende-kultur-konferenz-24-03\/#article","isPartOf":{"@id":"https:\/\/kuka-trier.de\/bewegende-kultur-konferenz-24-03\/"},"author":{"name":"KuKaMa","@id":"https:\/\/kuka-trier.de\/#\/schema\/person\/d1c0e42b2f41e72ce79de2d842bd287c"},"headline":"Bewegende Kultur &#8211; Konferenz 24.03.","datePublished":"2025-09-22T10:05:47+00:00","dateModified":"2026-03-24T11:03:30+00:00","mainEntityOfPage":{"@id":"https:\/\/kuka-trier.de\/bewegende-kultur-konferenz-24-03\/"},"wordCount":440,"publisher":{"@id":"https:\/\/kuka-trier.de\/#organization"},"image":{"@id":"https:\/\/kuka-trier.de\/bewegende-kultur-konferenz-24-03\/#primaryimage"},"thumbnailUrl":"https:\/\/kuka-trier.de\/wp-content\/uploads\/2025\/10\/KUK-BWK-Logo-2.png","keywords":["Bewegende Kultur","Kein Button","Kostenlos","Vergangen"],"articleSection":["Begegnungen"],"inLanguage":"fr-FR"},{"@type":"WebPage","@id":"https:\/\/kuka-trier.de\/bewegende-kultur-konferenz-24-03\/","url":"https:\/\/kuka-trier.de\/bewegende-kultur-konferenz-24-03\/","name":"Bewegende Kultur - Konferenz 24.03.","isPartOf":{"@id":"https:\/\/kuka-trier.de\/#website"},"primaryImageOfPage":{"@id":"https:\/\/kuka-trier.de\/bewegende-kultur-konferenz-24-03\/#primaryimage"},"image":{"@id":"https:\/\/kuka-trier.de\/bewegende-kultur-konferenz-24-03\/#primaryimage"},"thumbnailUrl":"https:\/\/kuka-trier.de\/wp-content\/uploads\/2025\/10\/KUK-BWK-Logo-2.png","datePublished":"2025-09-22T10:05:47+00:00","dateModified":"2026-03-24T11:03:30+00:00","description":"Bewegende Kultur - Konferenz 24.03. Das\u00a0Barcamp\u00a0ist f\u00fcr alle da, die Kultur im \u00f6ffentlichen Raum mitgestalten wollen.","breadcrumb":{"@id":"https:\/\/kuka-trier.de\/bewegende-kultur-konferenz-24-03\/#breadcrumb"},"inLanguage":"fr-FR","potentialAction":[{"@type":"ReadAction","target":["https:\/\/kuka-trier.de\/bewegende-kultur-konferenz-24-03\/"]}]},{"@type":"ImageObject","inLanguage":"fr-FR","@id":"https:\/\/kuka-trier.de\/bewegende-kultur-konferenz-24-03\/#primaryimage","url":"https:\/\/kuka-trier.de\/wp-content\/uploads\/2025\/10\/KUK-BWK-Logo-2.png","contentUrl":"https:\/\/kuka-trier.de\/wp-content\/uploads\/2025\/10\/KUK-BWK-Logo-2.png","width":8333,"height":5179},{"@type":"BreadcrumbList","@id":"https:\/\/kuka-trier.de\/bewegende-kultur-konferenz-24-03\/#breadcrumb","itemListElement":[{"@type":"ListItem","position":1,"name":"Startseite","item":"https:\/\/kuka-trier.de\/"},{"@type":"ListItem","position":2,"name":"Bewegende Kultur &#8211; Konferenz 24.03."}]},{"@type":"WebSite","@id":"https:\/\/kuka-trier.de\/#website","url":"https:\/\/kuka-trier.de\/","name":"Kulturkarawane Tr\u00e8ves","description":"Vivre en couleurs","publisher":{"@id":"https:\/\/kuka-trier.de\/#organization"},"potentialAction":[{"@type":"SearchAction","target":{"@type":"EntryPoint","urlTemplate":"https:\/\/kuka-trier.de\/?s={search_term_string}"},"query-input":{"@type":"PropertyValueSpecification","valueRequired":true,"valueName":"search_term_string"}}],"inLanguage":"fr-FR"},{"@type":"Organization","@id":"https:\/\/kuka-trier.de\/#organization","name":"Kulturkarawane Tr\u00e8ves","url":"https:\/\/kuka-trier.de\/","logo":{"@type":"ImageObject","inLanguage":"fr-FR","@id":"https:\/\/kuka-trier.de\/#\/schema\/logo\/image\/","url":"https:\/\/kuka-trier.de\/wp-content\/uploads\/2022\/02\/cropped-KK19_Logo_color_26-12_web.png","contentUrl":"https:\/\/kuka-trier.de\/wp-content\/uploads\/2022\/02\/cropped-KK19_Logo_color_26-12_web.png","width":822,"height":340,"caption":"Kulturkarawane Trier"},"image":{"@id":"https:\/\/kuka-trier.de\/#\/schema\/logo\/image\/"}},{"@type":"Person","@id":"https:\/\/kuka-trier.de\/#\/schema\/person\/d1c0e42b2f41e72ce79de2d842bd287c","name":"KuKaMa","image":{"@type":"ImageObject","inLanguage":"fr-FR","@id":"https:\/\/secure.gravatar.com\/avatar\/7fb0d6905f53b797e8b6020b07a78f10b315927c6c0299a0cbc7eb8262b67c0e?s=96&d=mm&r=g","url":"https:\/\/secure.gravatar.com\/avatar\/7fb0d6905f53b797e8b6020b07a78f10b315927c6c0299a0cbc7eb8262b67c0e?s=96&d=mm&r=g","contentUrl":"https:\/\/secure.gravatar.com\/avatar\/7fb0d6905f53b797e8b6020b07a78f10b315927c6c0299a0cbc7eb8262b67c0e?s=96&d=mm&r=g","caption":"KuKaMa"},"url":"https:\/\/kuka-trier.de\/fr\/author\/kukama\/"}]}},"_links":{"self":[{"href":"https:\/\/kuka-trier.de\/fr\/wp-json\/wp\/v2\/posts\/8471","targetHints":{"allow":["GET"]}}],"collection":[{"href":"https:\/\/kuka-trier.de\/fr\/wp-json\/wp\/v2\/posts"}],"about":[{"href":"https:\/\/kuka-trier.de\/fr\/wp-json\/wp\/v2\/types\/post"}],"author":[{"embeddable":true,"href":"https:\/\/kuka-trier.de\/fr\/wp-json\/wp\/v2\/users\/9"}],"replies":[{"embeddable":true,"href":"https:\/\/kuka-trier.de\/fr\/wp-json\/wp\/v2\/comments?post=8471"}],"version-history":[{"count":12,"href":"https:\/\/kuka-trier.de\/fr\/wp-json\/wp\/v2\/posts\/8471\/revisions"}],"predecessor-version":[{"id":8834,"href":"https:\/\/kuka-trier.de\/fr\/wp-json\/wp\/v2\/posts\/8471\/revisions\/8834"}],"wp:featuredmedia":[{"embeddable":true,"href":"https:\/\/kuka-trier.de\/fr\/wp-json\/wp\/v2\/media\/8539"}],"wp:attachment":[{"href":"https:\/\/kuka-trier.de\/fr\/wp-json\/wp\/v2\/media?parent=8471"}],"wp:term":[{"taxonomy":"category","embeddable":true,"href":"https:\/\/kuka-trier.de\/fr\/wp-json\/wp\/v2\/categories?post=8471"},{"taxonomy":"post_tag","embeddable":true,"href":"https:\/\/kuka-trier.de\/fr\/wp-json\/wp\/v2\/tags?post=8471"}],"curies":[{"name":"wp","href":"https:\/\/api.w.org\/{rel}","templated":true}]}}