{"id":8609,"date":"2026-01-13T14:32:46","date_gmt":"2026-01-13T14:32:46","guid":{"rendered":"https:\/\/kuka-trier.de\/?p=8609"},"modified":"2026-04-01T11:13:39","modified_gmt":"2026-04-01T11:13:39","slug":"chanson-trottoir","status":"publish","type":"post","link":"https:\/\/kuka-trier.de\/fr\/chanson-trottoir\/","title":{"rendered":"CHANSON TROTTOIR"},"content":{"rendered":"<p><strong>LIEU<\/strong> TUFA Tr\u00e8ves, petite salle<br><strong>ENTR\u00c9E<\/strong> \u00e0 partir de 19:00 heures<br><strong>L'ENTR\u00c9E EST GRATUITE <\/strong>- A l'entr\u00e9e, nous demandons une donation pour soutenir le travail g\u00e9n\u00e9ral de Kulturkarawane.<\/p>\n\n\n\n<p>Le concert fait partie de notre s\u00e9rie <strong>\u201eDanser au lieu de la sc\u00e8ne de crime<\/strong>\u201c et devrait te faire bouger un dimanche soir.&nbsp;<\/p>\n\n\n\n<p><strong>CHANSON TROTTOIR -<\/strong>Madrid, Paris, Cologne ! Et ensuite ? Quique Carrica se procure une guitare, oublie sa carri\u00e8re de chanteur d'un groupe de rock ind\u00e9pendant espagnol \u00e0 succ\u00e8s et commence \u00e0 enchanter les rues du sud de Cologne avec ses chansons fran\u00e7aises qu'il a ramen\u00e9es de Paris. Il trouve rapidement des compagnons de route, fonde CHANSON TROTTOIR et conquiert depuis les sc\u00e8nes de Cologne et d'Allemagne. Ils ont depuis longtemps remplac\u00e9 les chansons de Paris par leurs propres chansons.<\/p>\n\n\n\n<p>Leurs textes sont souvent po\u00e9tiques et racontent des histoires de la vie urbaine, tandis que leurs m\u00e9lodies font autant r\u00e9fl\u00e9chir qu'elles invitent \u00e0 la danse.<\/p>\n\n\n\n<p>Le style unique de CHANSON TROTTOIR combine la m\u00e9lancolie des chansons fran\u00e7aises traditionnelles avec l'\u00e9nergie du punk et les sons modernes de l'indie rock. Ce m\u00e9lange explosif cr\u00e9e une exp\u00e9rience unique qui s'adresse aussi bien aux anciennes qu'aux nouvelles g\u00e9n\u00e9rations. Leurs concerts sont une f\u00eate d'\u00e9motions qui transporte le public dans un monde de passion et de dynamisme.<\/p>\n\n\n\n<p>Avec une base de fans en constante augmentation et deux albums \u00e0 son actif, CHANSON TROTTOIR est pr\u00eate \u00e0 continuer \u00e0 conqu\u00e9rir le monde de la musique et \u00e0 diffuser son message de libert\u00e9 et de joie de vivre.<\/p>\n\n\n\n<blockquote class=\"wp-block-quote is-layout-flow wp-block-quote-is-layout-flow\">\n<p>\u201cChanson Trottoir, l'un des meilleurs groupes live de Cologne\u201d.\u201d <em>- Journal de la ville de Cologne<\/em><\/p>\n<\/blockquote>\n\n\n\n<p>Nous remercions chaleureusement nos partenaires de coop\u00e9ration, la ville de Tr\u00e8ves et le TUFA de Tr\u00e8ves.<\/p>\n\n\n\n<figure class=\"wp-block-embed is-type-video is-provider-youtube wp-block-embed-youtube wp-embed-aspect-16-9 wp-has-aspect-ratio\"><div class=\"wp-block-embed__wrapper\">\n<iframe title=\"Chanson Trottoir - Le Pauvre Chien (Livesession 2018)\" width=\"800\" height=\"450\" src=\"https:\/\/www.youtube.com\/embed\/KmloM7-UwhQ?feature=oembed\" frameborder=\"0\" allow=\"accelerometer; autoplay; clipboard-write; encrypted-media; gyroscope; picture-in-picture; web-share\" referrerpolicy=\"strict-origin-when-cross-origin\" allowfullscreen><\/iframe>\n<\/div><\/figure>\n\n\n\n<a href=\"https:\/\/chanson-trottoir.com\/\">\n    <button>\u00bb Plus d'infos sur CHANSON TROTTOIR<\/button>\n  <\/a>\n\n\n\n<div style=\"height:30px\" aria-hidden=\"true\" class=\"wp-block-spacer\"><\/div>\n\n\n\n<hr class=\"wp-block-separator has-alpha-channel-opacity\"\/>\n\n\n\n<h3 class=\"wp-block-heading\" id=\"einfachesprache\"><strong>INFORMATIONS SUR LA LIBERT\u00c9 DE BARRIERE - en langage simple<\/strong><\/h3>\n\n\n\n<p>En passant par l'entr\u00e9e principale de la TUFA, tu arrives de plain-pied directement \u00e0 l'entr\u00e9e de la petite salle. La porte d'entr\u00e9e de la salle s'ouvre vers l'ext\u00e9rieur. <\/p>\n\n\n\n<p>Nous avons une personne de contact \u00e0 l'entr\u00e9e. Elle t'aidera volontiers si tu as des questions. Si tu rencontres des obstacles, elle t'accompagnera volontiers au comptoir pour les boissons ou dans la salle de concert. <\/p>\n\n\n\n<p>Des toilettes accessibles sont situ\u00e9es au m\u00eame niveau et \u00e0 quelques m\u00e8tres de la salle.<\/p>\n\n\n\n<p>Dans le couloir, il y a du carrelage avec de petits joints. Dans la salle de concert, il y a du parquet lisse. <\/p>\n\n\n\n<p>Si tu as besoin d'une place dans la salle pour ton fauteuil roulant, notre personne de contact t'aidera. Pour un accompagnateur, nous proposons \u00e9galement une place directe \u00e0 c\u00f4t\u00e9. <\/p>\n\n\n\n<p>La porte de la salle reste ferm\u00e9e pendant le concert. Si tu as besoin de calme, tu peux toujours quitter la salle.<\/p>\n\n\n\n<p>Tu trouveras un arr\u00eat de bus et des places de parking pour les personnes handicap\u00e9es \u00e0 proximit\u00e9 de la biblioth\u00e8que municipale. Le parking le plus proche se trouve \u00e0 Viehmarkt.<\/p>\n\n\n\n<hr class=\"wp-block-separator has-alpha-channel-opacity\"\/>\n\n\n\n<h3 class=\"wp-block-heading\"><strong>TU ES LA CULTURE !<\/strong><\/h3>\n\n\n\n<p>Pour que nous puissions continuer \u00e0 proposer une culture \u00e0 bas seuil, participative et sans barri\u00e8res dans ta r\u00e9gion, TON soutien est important ! Nous voulons te faire passer un bon moment et \u00e9largir ton c\u0153ur avec le langage commun de la musique. Tu peux nous soutenir de diff\u00e9rentes mani\u00e8res. Comment exactement, tu le trouveras ici :<\/p>\n\n\n\n<a href=\"\/fr\/unterstuetzen\/\">\n    <button>\u00bb Oui, je veux faire partie de la culture !<\/button>\n  <\/a>","protected":false},"excerpt":{"rendered":"<p>CHANSON TROTTOIR<br \/>\nDimanche 04 octobre 2026 - 19h30 <br \/>TUFA Tr\u00e8ves, petite salle<\/p>","protected":false},"author":9,"featured_media":8807,"comment_status":"closed","ping_status":"open","sticky":false,"template":"","format":"standard","meta":{"_jf_save_progress":"","footnotes":""},"categories":[65],"tags":[94,38],"class_list":["post-8609","post","type-post","status-publish","format-standard","has-post-thumbnail","hentry","category-konzert","tag-konzert","tag-kostenlos"],"yoast_head":"<!-- This site is optimized with the Yoast SEO plugin v27.4 - https:\/\/yoast.com\/product\/yoast-seo-wordpress\/ -->\n<title>CHANSON TROTTOIR<\/title>\n<meta name=\"description\" content=\"My Urban Piano Konzert am Freitag, 20. September um 19:30 Uhr auf dem Domfreihof in Trier\" \/>\n<meta name=\"robots\" content=\"index, follow, max-snippet:-1, max-image-preview:large, max-video-preview:-1\" \/>\n<link rel=\"canonical\" href=\"https:\/\/kuka-trier.de\/fr\/chanson-trottoir\/\" \/>\n<meta property=\"og:locale\" content=\"fr_FR\" \/>\n<meta property=\"og:type\" content=\"article\" \/>\n<meta property=\"og:title\" content=\"CHANSON TROTTOIR\" \/>\n<meta property=\"og:description\" content=\"My Urban Piano Konzert am Freitag, 20. September um 19:30 Uhr auf dem Domfreihof in Trier\" \/>\n<meta property=\"og:url\" content=\"https:\/\/kuka-trier.de\/fr\/chanson-trottoir\/\" \/>\n<meta property=\"og:site_name\" content=\"Kulturkarawane Trier\" \/>\n<meta property=\"article:published_time\" content=\"2026-01-13T14:32:46+00:00\" \/>\n<meta property=\"article:modified_time\" content=\"2026-04-01T11:13:39+00:00\" \/>\n<meta property=\"og:image\" content=\"https:\/\/kuka-trier.de\/wp-content\/uploads\/2026\/01\/chanson-trottoir-rot-quadrat-c-eno-de-wit.jpg\" \/>\n\t<meta property=\"og:image:width\" content=\"1080\" \/>\n\t<meta property=\"og:image:height\" content=\"1080\" \/>\n\t<meta property=\"og:image:type\" content=\"image\/jpeg\" \/>\n<meta name=\"author\" content=\"KuKaMa\" \/>\n<meta name=\"twitter:card\" content=\"summary_large_image\" \/>\n<meta name=\"twitter:label1\" content=\"\u00c9crit par\" \/>\n\t<meta name=\"twitter:data1\" content=\"KuKaMa\" \/>\n\t<meta name=\"twitter:label2\" content=\"Dur\u00e9e de lecture estim\u00e9e\" \/>\n\t<meta name=\"twitter:data2\" content=\"3 minutes\" \/>\n<script type=\"application\/ld+json\" class=\"yoast-schema-graph\">{\"@context\":\"https:\\\/\\\/schema.org\",\"@graph\":[{\"@type\":\"Article\",\"@id\":\"https:\\\/\\\/kuka-trier.de\\\/chanson-trottoir\\\/#article\",\"isPartOf\":{\"@id\":\"https:\\\/\\\/kuka-trier.de\\\/chanson-trottoir\\\/\"},\"author\":{\"name\":\"KuKaMa\",\"@id\":\"https:\\\/\\\/kuka-trier.de\\\/#\\\/schema\\\/person\\\/d1c0e42b2f41e72ce79de2d842bd287c\"},\"headline\":\"CHANSON TROTTOIR\",\"datePublished\":\"2026-01-13T14:32:46+00:00\",\"dateModified\":\"2026-04-01T11:13:39+00:00\",\"mainEntityOfPage\":{\"@id\":\"https:\\\/\\\/kuka-trier.de\\\/chanson-trottoir\\\/\"},\"wordCount\":510,\"publisher\":{\"@id\":\"https:\\\/\\\/kuka-trier.de\\\/#organization\"},\"image\":{\"@id\":\"https:\\\/\\\/kuka-trier.de\\\/chanson-trottoir\\\/#primaryimage\"},\"thumbnailUrl\":\"https:\\\/\\\/kuka-trier.de\\\/wp-content\\\/uploads\\\/2026\\\/01\\\/chanson-trottoir-rot-quadrat-c-eno-de-wit.jpg\",\"keywords\":[\"Konzert\",\"Kostenlos\"],\"articleSection\":[\"Konzert\"],\"inLanguage\":\"fr-FR\"},{\"@type\":\"WebPage\",\"@id\":\"https:\\\/\\\/kuka-trier.de\\\/chanson-trottoir\\\/\",\"url\":\"https:\\\/\\\/kuka-trier.de\\\/chanson-trottoir\\\/\",\"name\":\"CHANSON TROTTOIR\",\"isPartOf\":{\"@id\":\"https:\\\/\\\/kuka-trier.de\\\/#website\"},\"primaryImageOfPage\":{\"@id\":\"https:\\\/\\\/kuka-trier.de\\\/chanson-trottoir\\\/#primaryimage\"},\"image\":{\"@id\":\"https:\\\/\\\/kuka-trier.de\\\/chanson-trottoir\\\/#primaryimage\"},\"thumbnailUrl\":\"https:\\\/\\\/kuka-trier.de\\\/wp-content\\\/uploads\\\/2026\\\/01\\\/chanson-trottoir-rot-quadrat-c-eno-de-wit.jpg\",\"datePublished\":\"2026-01-13T14:32:46+00:00\",\"dateModified\":\"2026-04-01T11:13:39+00:00\",\"description\":\"My Urban Piano Konzert am Freitag, 20. September um 19:30 Uhr auf dem Domfreihof in Trier\",\"breadcrumb\":{\"@id\":\"https:\\\/\\\/kuka-trier.de\\\/chanson-trottoir\\\/#breadcrumb\"},\"inLanguage\":\"fr-FR\",\"potentialAction\":[{\"@type\":\"ReadAction\",\"target\":[\"https:\\\/\\\/kuka-trier.de\\\/chanson-trottoir\\\/\"]}]},{\"@type\":\"ImageObject\",\"inLanguage\":\"fr-FR\",\"@id\":\"https:\\\/\\\/kuka-trier.de\\\/chanson-trottoir\\\/#primaryimage\",\"url\":\"https:\\\/\\\/kuka-trier.de\\\/wp-content\\\/uploads\\\/2026\\\/01\\\/chanson-trottoir-rot-quadrat-c-eno-de-wit.jpg\",\"contentUrl\":\"https:\\\/\\\/kuka-trier.de\\\/wp-content\\\/uploads\\\/2026\\\/01\\\/chanson-trottoir-rot-quadrat-c-eno-de-wit.jpg\",\"width\":1080,\"height\":1080,\"caption\":\"Die f\u00fcnfk\u00f6pfige Band Chanson Trottoir aus K\u00f6ln\"},{\"@type\":\"BreadcrumbList\",\"@id\":\"https:\\\/\\\/kuka-trier.de\\\/chanson-trottoir\\\/#breadcrumb\",\"itemListElement\":[{\"@type\":\"ListItem\",\"position\":1,\"name\":\"Startseite\",\"item\":\"https:\\\/\\\/kuka-trier.de\\\/\"},{\"@type\":\"ListItem\",\"position\":2,\"name\":\"CHANSON TROTTOIR\"}]},{\"@type\":\"WebSite\",\"@id\":\"https:\\\/\\\/kuka-trier.de\\\/#website\",\"url\":\"https:\\\/\\\/kuka-trier.de\\\/\",\"name\":\"Kulturkarawane Trier\",\"description\":\"BuntERleben\",\"publisher\":{\"@id\":\"https:\\\/\\\/kuka-trier.de\\\/#organization\"},\"potentialAction\":[{\"@type\":\"SearchAction\",\"target\":{\"@type\":\"EntryPoint\",\"urlTemplate\":\"https:\\\/\\\/kuka-trier.de\\\/?s={search_term_string}\"},\"query-input\":{\"@type\":\"PropertyValueSpecification\",\"valueRequired\":true,\"valueName\":\"search_term_string\"}}],\"inLanguage\":\"fr-FR\"},{\"@type\":\"Organization\",\"@id\":\"https:\\\/\\\/kuka-trier.de\\\/#organization\",\"name\":\"Kulturkarawane Trier\",\"url\":\"https:\\\/\\\/kuka-trier.de\\\/\",\"logo\":{\"@type\":\"ImageObject\",\"inLanguage\":\"fr-FR\",\"@id\":\"https:\\\/\\\/kuka-trier.de\\\/#\\\/schema\\\/logo\\\/image\\\/\",\"url\":\"https:\\\/\\\/kuka-trier.de\\\/wp-content\\\/uploads\\\/2022\\\/02\\\/cropped-KK19_Logo_color_26-12_web.png\",\"contentUrl\":\"https:\\\/\\\/kuka-trier.de\\\/wp-content\\\/uploads\\\/2022\\\/02\\\/cropped-KK19_Logo_color_26-12_web.png\",\"width\":822,\"height\":340,\"caption\":\"Kulturkarawane Trier\"},\"image\":{\"@id\":\"https:\\\/\\\/kuka-trier.de\\\/#\\\/schema\\\/logo\\\/image\\\/\"}},{\"@type\":\"Person\",\"@id\":\"https:\\\/\\\/kuka-trier.de\\\/#\\\/schema\\\/person\\\/d1c0e42b2f41e72ce79de2d842bd287c\",\"name\":\"KuKaMa\",\"image\":{\"@type\":\"ImageObject\",\"inLanguage\":\"fr-FR\",\"@id\":\"https:\\\/\\\/secure.gravatar.com\\\/avatar\\\/7fb0d6905f53b797e8b6020b07a78f10b315927c6c0299a0cbc7eb8262b67c0e?s=96&d=mm&r=g\",\"url\":\"https:\\\/\\\/secure.gravatar.com\\\/avatar\\\/7fb0d6905f53b797e8b6020b07a78f10b315927c6c0299a0cbc7eb8262b67c0e?s=96&d=mm&r=g\",\"contentUrl\":\"https:\\\/\\\/secure.gravatar.com\\\/avatar\\\/7fb0d6905f53b797e8b6020b07a78f10b315927c6c0299a0cbc7eb8262b67c0e?s=96&d=mm&r=g\",\"caption\":\"KuKaMa\"},\"url\":\"https:\\\/\\\/kuka-trier.de\\\/fr\\\/author\\\/kukama\\\/\"}]}<\/script>\n<!-- \/ Yoast SEO plugin. -->","yoast_head_json":{"title":"CHANSON TROTTOIR","description":"My Urban Piano Konzert am Freitag, 20. September um 19:30 Uhr auf dem Domfreihof in Trier","robots":{"index":"index","follow":"follow","max-snippet":"max-snippet:-1","max-image-preview":"max-image-preview:large","max-video-preview":"max-video-preview:-1"},"canonical":"https:\/\/kuka-trier.de\/fr\/chanson-trottoir\/","og_locale":"fr_FR","og_type":"article","og_title":"CHANSON TROTTOIR","og_description":"My Urban Piano Konzert am Freitag, 20. September um 19:30 Uhr auf dem Domfreihof in Trier","og_url":"https:\/\/kuka-trier.de\/fr\/chanson-trottoir\/","og_site_name":"Kulturkarawane Trier","article_published_time":"2026-01-13T14:32:46+00:00","article_modified_time":"2026-04-01T11:13:39+00:00","og_image":[{"width":1080,"height":1080,"url":"https:\/\/kuka-trier.de\/wp-content\/uploads\/2026\/01\/chanson-trottoir-rot-quadrat-c-eno-de-wit.jpg","type":"image\/jpeg"}],"author":"KuKaMa","twitter_card":"summary_large_image","twitter_misc":{"\u00c9crit par":"KuKaMa","Dur\u00e9e de lecture estim\u00e9e":"3 minutes"},"schema":{"@context":"https:\/\/schema.org","@graph":[{"@type":"Article","@id":"https:\/\/kuka-trier.de\/chanson-trottoir\/#article","isPartOf":{"@id":"https:\/\/kuka-trier.de\/chanson-trottoir\/"},"author":{"name":"KuKaMa","@id":"https:\/\/kuka-trier.de\/#\/schema\/person\/d1c0e42b2f41e72ce79de2d842bd287c"},"headline":"CHANSON TROTTOIR","datePublished":"2026-01-13T14:32:46+00:00","dateModified":"2026-04-01T11:13:39+00:00","mainEntityOfPage":{"@id":"https:\/\/kuka-trier.de\/chanson-trottoir\/"},"wordCount":510,"publisher":{"@id":"https:\/\/kuka-trier.de\/#organization"},"image":{"@id":"https:\/\/kuka-trier.de\/chanson-trottoir\/#primaryimage"},"thumbnailUrl":"https:\/\/kuka-trier.de\/wp-content\/uploads\/2026\/01\/chanson-trottoir-rot-quadrat-c-eno-de-wit.jpg","keywords":["Konzert","Kostenlos"],"articleSection":["Konzert"],"inLanguage":"fr-FR"},{"@type":"WebPage","@id":"https:\/\/kuka-trier.de\/chanson-trottoir\/","url":"https:\/\/kuka-trier.de\/chanson-trottoir\/","name":"CHANSON TROTTOIR","isPartOf":{"@id":"https:\/\/kuka-trier.de\/#website"},"primaryImageOfPage":{"@id":"https:\/\/kuka-trier.de\/chanson-trottoir\/#primaryimage"},"image":{"@id":"https:\/\/kuka-trier.de\/chanson-trottoir\/#primaryimage"},"thumbnailUrl":"https:\/\/kuka-trier.de\/wp-content\/uploads\/2026\/01\/chanson-trottoir-rot-quadrat-c-eno-de-wit.jpg","datePublished":"2026-01-13T14:32:46+00:00","dateModified":"2026-04-01T11:13:39+00:00","description":"My Urban Piano Konzert am Freitag, 20. September um 19:30 Uhr auf dem Domfreihof in Trier","breadcrumb":{"@id":"https:\/\/kuka-trier.de\/chanson-trottoir\/#breadcrumb"},"inLanguage":"fr-FR","potentialAction":[{"@type":"ReadAction","target":["https:\/\/kuka-trier.de\/chanson-trottoir\/"]}]},{"@type":"ImageObject","inLanguage":"fr-FR","@id":"https:\/\/kuka-trier.de\/chanson-trottoir\/#primaryimage","url":"https:\/\/kuka-trier.de\/wp-content\/uploads\/2026\/01\/chanson-trottoir-rot-quadrat-c-eno-de-wit.jpg","contentUrl":"https:\/\/kuka-trier.de\/wp-content\/uploads\/2026\/01\/chanson-trottoir-rot-quadrat-c-eno-de-wit.jpg","width":1080,"height":1080,"caption":"Die f\u00fcnfk\u00f6pfige Band Chanson Trottoir aus K\u00f6ln"},{"@type":"BreadcrumbList","@id":"https:\/\/kuka-trier.de\/chanson-trottoir\/#breadcrumb","itemListElement":[{"@type":"ListItem","position":1,"name":"Startseite","item":"https:\/\/kuka-trier.de\/"},{"@type":"ListItem","position":2,"name":"CHANSON TROTTOIR"}]},{"@type":"WebSite","@id":"https:\/\/kuka-trier.de\/#website","url":"https:\/\/kuka-trier.de\/","name":"Kulturkarawane Tr\u00e8ves","description":"Vivre en couleurs","publisher":{"@id":"https:\/\/kuka-trier.de\/#organization"},"potentialAction":[{"@type":"SearchAction","target":{"@type":"EntryPoint","urlTemplate":"https:\/\/kuka-trier.de\/?s={search_term_string}"},"query-input":{"@type":"PropertyValueSpecification","valueRequired":true,"valueName":"search_term_string"}}],"inLanguage":"fr-FR"},{"@type":"Organization","@id":"https:\/\/kuka-trier.de\/#organization","name":"Kulturkarawane Tr\u00e8ves","url":"https:\/\/kuka-trier.de\/","logo":{"@type":"ImageObject","inLanguage":"fr-FR","@id":"https:\/\/kuka-trier.de\/#\/schema\/logo\/image\/","url":"https:\/\/kuka-trier.de\/wp-content\/uploads\/2022\/02\/cropped-KK19_Logo_color_26-12_web.png","contentUrl":"https:\/\/kuka-trier.de\/wp-content\/uploads\/2022\/02\/cropped-KK19_Logo_color_26-12_web.png","width":822,"height":340,"caption":"Kulturkarawane Trier"},"image":{"@id":"https:\/\/kuka-trier.de\/#\/schema\/logo\/image\/"}},{"@type":"Person","@id":"https:\/\/kuka-trier.de\/#\/schema\/person\/d1c0e42b2f41e72ce79de2d842bd287c","name":"KuKaMa","image":{"@type":"ImageObject","inLanguage":"fr-FR","@id":"https:\/\/secure.gravatar.com\/avatar\/7fb0d6905f53b797e8b6020b07a78f10b315927c6c0299a0cbc7eb8262b67c0e?s=96&d=mm&r=g","url":"https:\/\/secure.gravatar.com\/avatar\/7fb0d6905f53b797e8b6020b07a78f10b315927c6c0299a0cbc7eb8262b67c0e?s=96&d=mm&r=g","contentUrl":"https:\/\/secure.gravatar.com\/avatar\/7fb0d6905f53b797e8b6020b07a78f10b315927c6c0299a0cbc7eb8262b67c0e?s=96&d=mm&r=g","caption":"KuKaMa"},"url":"https:\/\/kuka-trier.de\/fr\/author\/kukama\/"}]}},"_links":{"self":[{"href":"https:\/\/kuka-trier.de\/fr\/wp-json\/wp\/v2\/posts\/8609","targetHints":{"allow":["GET"]}}],"collection":[{"href":"https:\/\/kuka-trier.de\/fr\/wp-json\/wp\/v2\/posts"}],"about":[{"href":"https:\/\/kuka-trier.de\/fr\/wp-json\/wp\/v2\/types\/post"}],"author":[{"embeddable":true,"href":"https:\/\/kuka-trier.de\/fr\/wp-json\/wp\/v2\/users\/9"}],"replies":[{"embeddable":true,"href":"https:\/\/kuka-trier.de\/fr\/wp-json\/wp\/v2\/comments?post=8609"}],"version-history":[{"count":23,"href":"https:\/\/kuka-trier.de\/fr\/wp-json\/wp\/v2\/posts\/8609\/revisions"}],"predecessor-version":[{"id":8917,"href":"https:\/\/kuka-trier.de\/fr\/wp-json\/wp\/v2\/posts\/8609\/revisions\/8917"}],"wp:featuredmedia":[{"embeddable":true,"href":"https:\/\/kuka-trier.de\/fr\/wp-json\/wp\/v2\/media\/8807"}],"wp:attachment":[{"href":"https:\/\/kuka-trier.de\/fr\/wp-json\/wp\/v2\/media?parent=8609"}],"wp:term":[{"taxonomy":"category","embeddable":true,"href":"https:\/\/kuka-trier.de\/fr\/wp-json\/wp\/v2\/categories?post=8609"},{"taxonomy":"post_tag","embeddable":true,"href":"https:\/\/kuka-trier.de\/fr\/wp-json\/wp\/v2\/tags?post=8609"}],"curies":[{"name":"wp","href":"https:\/\/api.w.org\/{rel}","templated":true}]}}